{"id":78255,"date":"2026-02-06T00:01:00","date_gmt":"2026-02-06T07:01:00","guid":{"rendered":"https:\/\/www.opinionpublica.tv\/portada\/?p=78255"},"modified":"2026-02-05T20:55:32","modified_gmt":"2026-02-06T03:55:32","slug":"recibe-sspm-a-corporaciones-de-eu-en-reunion-binacional-sobre-violencia-fronteriza","status":"publish","type":"post","link":"https:\/\/www.opinionpublica.tv\/portada\/recibe-sspm-a-corporaciones-de-eu-en-reunion-binacional-sobre-violencia-fronteriza\/","title":{"rendered":"Recibe SSPM a autoridades de EU en reuni\u00f3n binacional sobre violencia fronteriza"},"content":{"rendered":"\n<figure class=\"wp-block-image size-large\"><img fetchpriority=\"high\" decoding=\"async\" width=\"1024\" height=\"767\" src=\"https:\/\/www.opinionpublica.tv\/portada\/wp-content\/uploads\/2026\/02\/Recibe-SSPM-a-autoridades-de-EU-en-reunion-binacional-sobre-violencia-fronteriza-1024x767.jpeg\" alt=\"Recibe sspm a autoridades de eu en reunio\u0301n binacional sobre violencia fronteriza\" class=\"wp-image-78259\" srcset=\"https:\/\/www.opinionpublica.tv\/portada\/wp-content\/uploads\/2026\/02\/Recibe-SSPM-a-autoridades-de-EU-en-reunion-binacional-sobre-violencia-fronteriza-1024x767.jpeg 1024w, https:\/\/www.opinionpublica.tv\/portada\/wp-content\/uploads\/2026\/02\/Recibe-SSPM-a-autoridades-de-EU-en-reunion-binacional-sobre-violencia-fronteriza-300x225.jpeg 300w, https:\/\/www.opinionpublica.tv\/portada\/wp-content\/uploads\/2026\/02\/Recibe-SSPM-a-autoridades-de-EU-en-reunion-binacional-sobre-violencia-fronteriza-768x575.jpeg 768w, https:\/\/www.opinionpublica.tv\/portada\/wp-content\/uploads\/2026\/02\/Recibe-SSPM-a-autoridades-de-EU-en-reunion-binacional-sobre-violencia-fronteriza.jpeg 1280w\" sizes=\"(max-width: 1024px) 100vw, 1024px\" \/><\/figure>\n\n\n\n<p class=\"wp-block-paragraph\"><em>Ciudad Ju\u00e1rez, Chih<\/em>.- La Secretar\u00eda de Seguridad P\u00fablica Municipal fungi\u00f3 como anfitri\u00f3n durante la Reuni\u00f3n Binacional del Protocolo de Violencia Fronteriza donde recibi\u00f3 a titulares y representantes de las diferentes corporaciones y agencias de seguridad de los tres niveles de gobierno tanto de esta ciudad como del vecino pa\u00eds.<\/p>\n\n\n\n<p class=\"wp-block-paragraph\">En esta ocasi\u00f3n la junta de coordinaci\u00f3n tuvo como sede las instalaciones del Centro de Emergencia y Respuesta Inmediata (CERI) ubicado en la estaci\u00f3n de polic\u00eda del Distrito Sur, a donde acudieron representantes y mandos de la DEA, ICE, FBI, Border Patrol y US Marshall.<\/p>\n\n\n\n<p class=\"wp-block-paragraph\">En cuanto a las autoridades mexicanas estuvieron presentes los titulares de la Secretar\u00eda de la Defensa Nacional, Centro Nacional de Inteligencia, Guardia Nacional, Instituto Nacional de Migraci\u00f3n, Fiscal\u00eda General de la Rep\u00fablica, Fiscal\u00eda General del Estado, Secretar\u00eda de Seguridad P\u00fablica Estatal, Agencia Estatal Investigadora y Polic\u00eda Municipal de Ciudad Ju\u00e1rez.<\/p>\n\n\n\n<p class=\"wp-block-paragraph\">Durante la reuni\u00f3n se destac\u00f3 la estrecha colaboraci\u00f3n binacional que se ha mantenido, mediante el intercambio de informaci\u00f3n, estrategias y estad\u00edsticas, lo que permite reforzar las acciones de prevenci\u00f3n de la violencia y contribuir a garantizar mayores condiciones de seguridad en la zona fronteriza.<\/p>\n\n\n\n<p class=\"wp-block-paragraph\">Estas reuniones se llevan a cabo de manera peri\u00f3dica con el objetivo de afinar estrategias en materia de violencia fronteriza y de personas en situaci\u00f3n de movilidad, adem\u00e1s de coordinar operativos preventivos compartiendo informaci\u00f3n de inter\u00e9s general que contribuyan a la seguridad de ambos lados de la frontera.<\/p>\n\n\n\n<p class=\"wp-block-paragraph\">Lo anterior deja de manifiesto el trabajo coordinado por parte de las diferentes corporaciones y agencias de seguridad, las cuales priorizan el compartir informaci\u00f3n de an\u00e1lisis para el seguimiento en cada una de las \u00e1reas involucradas.<\/p>\n","protected":false},"excerpt":{"rendered":"<p>Ciudad Ju\u00e1rez, Chih.- La Secretar\u00eda de Seguridad P\u00fablica Municipal fungi\u00f3 como anfitri\u00f3n durante la Reuni\u00f3n Binacional del Protocolo de Violencia Fronteriza donde recibi\u00f3 a titulares y representantes de las diferentes corporaciones y agencias de seguridad de los tres niveles de gobierno tanto de esta ciudad como del vecino pa\u00eds. En esta ocasi\u00f3n la junta de [&hellip;]<\/p>\n","protected":false},"author":6,"featured_media":78259,"comment_status":"closed","ping_status":"closed","sticky":false,"template":"","format":"standard","meta":{"_acf_changed":false,"_monsterinsights_skip_tracking":false,"slim_seo":{"title":"Recibe SSPM a autoridades de EU en reuni\u00f3n binacional sobre violencia fronteriza - Opini\u00f3n P\u00fablica","description":"Ciudad Ju\u00e1rez, Chih .- La Secretar\u00eda de Seguridad P\u00fablica Municipal fungi\u00f3 como anfitri\u00f3n durante la Reuni\u00f3n Binacional del Protocolo de Violencia Fronteriza do"},"footnotes":""},"categories":[41],"tags":[2213,608,202,1996,175,1430,2211,2212,2210],"class_list":["post-78255","post","type-post","status-publish","format-standard","has-post-thumbnail","hentry","category-juarez","tag-border-patrol","tag-ciudad-juarez","tag-dea","tag-fbi","tag-ice","tag-secretaria-de-seguridad-publica-municipal","tag-seguridad-binacional","tag-us-marshall","tag-violencia-fronteriza"],"acf":[],"_links":{"self":[{"href":"https:\/\/www.opinionpublica.tv\/portada\/wp-json\/wp\/v2\/posts\/78255","targetHints":{"allow":["GET"]}}],"collection":[{"href":"https:\/\/www.opinionpublica.tv\/portada\/wp-json\/wp\/v2\/posts"}],"about":[{"href":"https:\/\/www.opinionpublica.tv\/portada\/wp-json\/wp\/v2\/types\/post"}],"author":[{"embeddable":true,"href":"https:\/\/www.opinionpublica.tv\/portada\/wp-json\/wp\/v2\/users\/6"}],"replies":[{"embeddable":true,"href":"https:\/\/www.opinionpublica.tv\/portada\/wp-json\/wp\/v2\/comments?post=78255"}],"version-history":[{"count":3,"href":"https:\/\/www.opinionpublica.tv\/portada\/wp-json\/wp\/v2\/posts\/78255\/revisions"}],"predecessor-version":[{"id":78260,"href":"https:\/\/www.opinionpublica.tv\/portada\/wp-json\/wp\/v2\/posts\/78255\/revisions\/78260"}],"wp:featuredmedia":[{"embeddable":true,"href":"https:\/\/www.opinionpublica.tv\/portada\/wp-json\/wp\/v2\/media\/78259"}],"wp:attachment":[{"href":"https:\/\/www.opinionpublica.tv\/portada\/wp-json\/wp\/v2\/media?parent=78255"}],"wp:term":[{"taxonomy":"category","embeddable":true,"href":"https:\/\/www.opinionpublica.tv\/portada\/wp-json\/wp\/v2\/categories?post=78255"},{"taxonomy":"post_tag","embeddable":true,"href":"https:\/\/www.opinionpublica.tv\/portada\/wp-json\/wp\/v2\/tags?post=78255"}],"curies":[{"name":"wp","href":"https:\/\/api.w.org\/{rel}","templated":true}]}}