{"id":78242,"date":"2026-02-06T00:01:00","date_gmt":"2026-02-06T07:01:00","guid":{"rendered":"https:\/\/www.opinionpublica.tv\/portada\/?p=78242"},"modified":"2026-02-05T20:36:57","modified_gmt":"2026-02-06T03:36:57","slug":"los-otros-lujos-del-congreso-de-la-union-el-intento-de-spa-y-los-bares-en-san-lazaro","status":"publish","type":"post","link":"https:\/\/www.opinionpublica.tv\/portada\/los-otros-lujos-del-congreso-de-la-union-el-intento-de-spa-y-los-bares-en-san-lazaro\/","title":{"rendered":"Los otros lujos del Congreso de la Uni\u00f3n; el intento de spa y los bares en San L\u00e1zaro"},"content":{"rendered":"\n<figure class=\"wp-block-image size-large\"><img fetchpriority=\"high\" decoding=\"async\" width=\"1024\" height=\"631\" src=\"https:\/\/www.opinionpublica.tv\/portada\/wp-content\/uploads\/2026\/02\/Los-otros-lujos-del-Congreso-de-la-Union-el-intento-de-spa-y-los-bares-en-San-Lazaro-1024x631.avif\" alt=\"Los otros lujos del congreso de la unio\u0301n; el intento de spa y los bares en san la\u0301zaro\" class=\"wp-image-78244\" srcset=\"https:\/\/www.opinionpublica.tv\/portada\/wp-content\/uploads\/2026\/02\/Los-otros-lujos-del-Congreso-de-la-Union-el-intento-de-spa-y-los-bares-en-San-Lazaro-1024x631.avif 1024w, https:\/\/www.opinionpublica.tv\/portada\/wp-content\/uploads\/2026\/02\/Los-otros-lujos-del-Congreso-de-la-Union-el-intento-de-spa-y-los-bares-en-San-Lazaro-300x185.avif 300w, https:\/\/www.opinionpublica.tv\/portada\/wp-content\/uploads\/2026\/02\/Los-otros-lujos-del-Congreso-de-la-Union-el-intento-de-spa-y-los-bares-en-San-Lazaro-768x473.avif 768w, https:\/\/www.opinionpublica.tv\/portada\/wp-content\/uploads\/2026\/02\/Los-otros-lujos-del-Congreso-de-la-Union-el-intento-de-spa-y-los-bares-en-San-Lazaro.avif 1081w\" sizes=\"(max-width: 1024px) 100vw, 1024px\" \/><\/figure>\n\n\n\n<p class=\"wp-block-paragraph\"><em>Ciudad de M\u00e9xico<\/em>.- El caso del sal\u00f3n de belleza en el Senado para uso de legisladoras y legisladores de Morena recuerda a otras ocasiones similares en que legisladores tuvieron servicios exclusivos dentro de los recintos parlamentarios.<\/p>\n\n\n\n<p class=\"wp-block-paragraph\">Ejemplo de ello fue el spa que intent\u00f3 instalar el Partido Acci\u00f3n Nacional durante la LVIII Legislatura, del 2000 al 2003, en que Felipe Calder\u00f3n fue coordinador parlamentario en San L\u00e1zaro, as\u00ed como sendos bares que operaban en el recinto por parte de panistas y pri\u00edstas.<\/p>\n\n\n\n<p class=\"wp-block-paragraph\">En septiembre del 2001, en la LVIII Legislatura se constru\u00eda un spa en las oficinas de Acci\u00f3n Nacional en la C\u00e1mara de Diputados, lo que desat\u00f3 la pol\u00e9mica por los excesos en el uso de recursos p\u00fablicos.<\/p>\n\n\n\n<p class=\"wp-block-paragraph\">Jos\u00e9 Manuel del R\u00edo Virgen, en ese entonces diputado por Movimiento Ciudadano, denunci\u00f3 en tribuna que la bancada del PAN, bajo el mando del entonces diputado Felipe Calder\u00f3n, constru\u00eda en la planta baja del edificio B \u201cun lugar de remanso, relajaci\u00f3n y recreo, donde se instalan mesas para masajes, salones de vapor con regaderas de alta presi\u00f3n, lo que no corresponde al trabajo republicano que debemos de ejercer\u201d.<\/p>\n\n\n\n<p class=\"wp-block-paragraph\">Asimismo, en 2007, tambi\u00e9n la bancada del PAN, en ese entonces coordinada por H\u00e9ctor Larios C\u00f3rdova, dio de que hablar por un bar VIP en el que los panistas pod\u00edan consumir bebidas alcoh\u00f3licas y, al mismo tiempo, disfrutar de espect\u00e1culos, como partidos de f\u00fatbol, en pantallas de plasma.<\/p>\n\n\n\n<p class=\"wp-block-paragraph\">Dicho espacio ten\u00eda una barra surtida con distintos tipos de vinos y licores, sillones y mesitas en el cuarto piso del edificio H de la C\u00e1mara de Diputados.<\/p>\n\n\n\n<p class=\"wp-block-paragraph\">Tambi\u00e9n en la bancada del PRI en San L\u00e1zaro existi\u00f3 una sala de juegos con una mesa de billar, as\u00ed como espacios para jugar domin\u00f3 y consumir alimentos, el cual era conocido como \u201cEl Popular\u201d y fue creado a propuesta del senador guerrerense, Efr\u00e9n Leyva.<\/p>\n\n\n\n<p class=\"wp-block-paragraph\">En dicho lugar los jueves se serv\u00eda pozole estilo Guerrero y otras comidas t\u00edpicas del pa\u00eds, sobre todo de Oaxaca y Yucat\u00e1n. Todas ellas acompa\u00f1adas de un buen mezcal o tequila. La sala de juegos tambi\u00e9n oper\u00f3 en la LVIII Legislatura de la C\u00e1mara de Diputados.<\/p>\n\n\n\n<p class=\"wp-block-paragraph\"><em>Con informaci\u00f3n de El Universal<\/em>.<\/p>\n","protected":false},"excerpt":{"rendered":"<p>Ciudad de M\u00e9xico.- El caso del sal\u00f3n de belleza en el Senado para uso de legisladoras y legisladores de Morena recuerda a otras ocasiones similares en que legisladores tuvieron servicios exclusivos dentro de los recintos parlamentarios. Ejemplo de ello fue el spa que intent\u00f3 instalar el Partido Acci\u00f3n Nacional durante la LVIII Legislatura, del 2000 [&hellip;]<\/p>\n","protected":false},"author":6,"featured_media":78244,"comment_status":"closed","ping_status":"closed","sticky":false,"template":"","format":"standard","meta":{"_acf_changed":false,"_monsterinsights_skip_tracking":false,"slim_seo":{"title":"Los otros lujos del Congreso de la Uni\u00f3n; el intento de spa y los bares en San L\u00e1zaro - Opini\u00f3n P\u00fablica","description":"Ciudad de M\u00e9xico .- El caso del sal\u00f3n de belleza en el Senado para uso de legisladoras y legisladores de Morena recuerda a otras ocasiones similares en que legi"},"footnotes":""},"categories":[4],"tags":[107,2207,2205,2206],"class_list":["post-78242","post","type-post","status-publish","format-standard","has-post-thumbnail","hentry","category-pulsopolitico","tag-camara-de-diputados","tag-congreso-de-la-union","tag-lujos","tag-san-lazaro"],"acf":[],"_links":{"self":[{"href":"https:\/\/www.opinionpublica.tv\/portada\/wp-json\/wp\/v2\/posts\/78242","targetHints":{"allow":["GET"]}}],"collection":[{"href":"https:\/\/www.opinionpublica.tv\/portada\/wp-json\/wp\/v2\/posts"}],"about":[{"href":"https:\/\/www.opinionpublica.tv\/portada\/wp-json\/wp\/v2\/types\/post"}],"author":[{"embeddable":true,"href":"https:\/\/www.opinionpublica.tv\/portada\/wp-json\/wp\/v2\/users\/6"}],"replies":[{"embeddable":true,"href":"https:\/\/www.opinionpublica.tv\/portada\/wp-json\/wp\/v2\/comments?post=78242"}],"version-history":[{"count":2,"href":"https:\/\/www.opinionpublica.tv\/portada\/wp-json\/wp\/v2\/posts\/78242\/revisions"}],"predecessor-version":[{"id":78245,"href":"https:\/\/www.opinionpublica.tv\/portada\/wp-json\/wp\/v2\/posts\/78242\/revisions\/78245"}],"wp:featuredmedia":[{"embeddable":true,"href":"https:\/\/www.opinionpublica.tv\/portada\/wp-json\/wp\/v2\/media\/78244"}],"wp:attachment":[{"href":"https:\/\/www.opinionpublica.tv\/portada\/wp-json\/wp\/v2\/media?parent=78242"}],"wp:term":[{"taxonomy":"category","embeddable":true,"href":"https:\/\/www.opinionpublica.tv\/portada\/wp-json\/wp\/v2\/categories?post=78242"},{"taxonomy":"post_tag","embeddable":true,"href":"https:\/\/www.opinionpublica.tv\/portada\/wp-json\/wp\/v2\/tags?post=78242"}],"curies":[{"name":"wp","href":"https:\/\/api.w.org\/{rel}","templated":true}]}}