{"id":78237,"date":"2026-02-06T00:01:00","date_gmt":"2026-02-06T07:01:00","guid":{"rendered":"https:\/\/www.opinionpublica.tv\/portada\/?p=78237"},"modified":"2026-02-05T20:27:08","modified_gmt":"2026-02-06T03:27:08","slug":"parlamento-europeo-ve-a-trump-como-una-amenaza-para-la-paz-en-mexico","status":"publish","type":"post","link":"https:\/\/www.opinionpublica.tv\/portada\/parlamento-europeo-ve-a-trump-como-una-amenaza-para-la-paz-en-mexico\/","title":{"rendered":"Parlamento Europeo ve a Trump como una amenaza para la paz en M\u00e9xico"},"content":{"rendered":"\n<figure class=\"wp-block-image size-large\"><img fetchpriority=\"high\" decoding=\"async\" width=\"1024\" height=\"631\" src=\"https:\/\/www.opinionpublica.tv\/portada\/wp-content\/uploads\/2026\/02\/Parlamento-Europeo-ve-a-Trump-como-una-amenaza-para-la-paz-en-Mexico-1024x631.avif\" alt=\"Parlamento europeo ve a trump como una amenaza para la paz en me\u0301xico\" class=\"wp-image-78239\" srcset=\"https:\/\/www.opinionpublica.tv\/portada\/wp-content\/uploads\/2026\/02\/Parlamento-Europeo-ve-a-Trump-como-una-amenaza-para-la-paz-en-Mexico-1024x631.avif 1024w, https:\/\/www.opinionpublica.tv\/portada\/wp-content\/uploads\/2026\/02\/Parlamento-Europeo-ve-a-Trump-como-una-amenaza-para-la-paz-en-Mexico-300x185.avif 300w, https:\/\/www.opinionpublica.tv\/portada\/wp-content\/uploads\/2026\/02\/Parlamento-Europeo-ve-a-Trump-como-una-amenaza-para-la-paz-en-Mexico-768x473.avif 768w, https:\/\/www.opinionpublica.tv\/portada\/wp-content\/uploads\/2026\/02\/Parlamento-Europeo-ve-a-Trump-como-una-amenaza-para-la-paz-en-Mexico.avif 1081w\" sizes=\"(max-width: 1024px) 100vw, 1024px\" \/><\/figure>\n\n\n\n<p class=\"wp-block-paragraph\"><em>Bruselas, B\u00e9lgica<\/em>.- La capacidad de M\u00e9xico para afrontar amenazas para la paz, la seguridad y la democracia se ha ido erosionando en los \u00faltimos seis a\u00f1os. Y el regreso de Donald Trump a la Casa Blanca se ha convertido en una nueva amenaza para la paz mexicana.<\/p>\n\n\n\n<p class=\"wp-block-paragraph\">Esta conclusi\u00f3n se desprende de la publicaci\u00f3n de la \u00faltima versi\u00f3n del \u00cdndice Normand\u00eda desarrollado por el Servicio de Informaci\u00f3n del Parlamento Europeo y la comparaci\u00f3n de la informaci\u00f3n ah\u00ed presentada con los datos divulgados desde la edici\u00f3n 2020, en la que por vez primera se dedic\u00f3 un apartado de evaluaci\u00f3n a M\u00e9xico.<\/p>\n\n\n\n<p class=\"wp-block-paragraph\">\u201cLos resultados del ejercicio de 2025 sugieren que el nivel de amenazas para la paz es el m\u00e1s alto desde que se cre\u00f3 el \u00edndice, lo que confirma la tendencia a la baja en la seguridad mundial como consecuencia de los conflictos, la rivalidad geopol\u00edtica, la creciente militarizaci\u00f3n y las amenazas h\u00edbridas\u201d.<\/p>\n\n\n\n<p class=\"wp-block-paragraph\">Las conclusiones del informe se basan en datos recopilados en 2024 y 2025 y utilizados para comparar la paz entre naciones y regiones, en funci\u00f3n de las capacidades de los Estados para abordar y evitar un posible deterioro ante nueve amenazas potenciales, entre ellas inseguridad energ\u00e9tica, crisis econ\u00f3micas y criminalidad.<\/p>\n\n\n\n<p class=\"wp-block-paragraph\">Como resultado del examen de las amenazas y sus variantes, M\u00e9xico aparece en el informe 2025 en el escalaf\u00f3n 101 de 138 pa\u00edses, posicionados de mayor a menor capacidad de respuesta. Los datos suponen una p\u00e9rdida de cinco esca\u00f1os en comparaci\u00f3n con el reporte 2024 y de 32 puestos si se toma como referente el informe de 2020, en el que M\u00e9xico figura en el lugar 69.<\/p>\n\n\n\n<p class=\"wp-block-paragraph\">\u201cM\u00e9xico sigue padeciendo altos niveles de conflicto violento y delincuencia. Sigue siendo uno de los pa\u00edses m\u00e1s peligrosos y mort\u00edferos del mundo para los periodistas y los defensores de los derechos humanos\u201d, se\u00f1ala el \u00edndice.<\/p>\n\n\n\n<p class=\"wp-block-paragraph\">\u201cLos altos niveles de homicidios reflejan las tendencias de la violencia relacionada con el crimen organizado, porque los grupos criminales luchan por el control de las rutas de contrabando\u201d. Se\u00f1ala que entre 25% y 50% del total de homicidios denunciados por el gobierno mexicano estar\u00edan probablemente relacionados con el crimen organizado.<\/p>\n\n\n\n<p class=\"wp-block-paragraph\">Al abordar las amenazas nuevas e h\u00edbridas para la seguridad de M\u00e9xico, el documento hace referencia a las pol\u00edticas del presidente estadounidense. \u201cLa segunda administraci\u00f3n Trump ha pedido la \u2018eliminaci\u00f3n total\u2019 de los c\u00e1rteles de la droga, ha declarado una emergencia nacional en su frontera sur relacionada con el tr\u00e1fico de drogas y la migraci\u00f3n no autorizada, y ha impuesto un arancel de 25 % a M\u00e9xico (&#8230;) EU ha ampliado su presencia militar en la frontera sur y, seg\u00fan se informa, ha emitido una directiva que permitir\u00eda la acci\u00f3n militar estadounidense contra los c\u00e1rteles de la droga designados como grupos terroristas, incluso en M\u00e9xico\u201d.<\/p>\n\n\n\n<p class=\"wp-block-paragraph\">Citando a Europol, se\u00f1ala que los criminales mexicanos y redes delictivas con sede en la UE est\u00e1n cooperando en el tr\u00e1fico de drogas desde Am\u00e9rica Latina hacia la UE, en un contexto en el que la oferta mundial de coca\u00edna est\u00e1 en niveles r\u00e9cord.<\/p>\n\n\n\n<p class=\"wp-block-paragraph\">El \u00cdndice Normand\u00eda, del Servicio de Informaci\u00f3n del Parlamento Europeo, es elaborado anualmente desde 2019 y se diferencia de otros al tener como enfoque principal la estrategia de acci\u00f3n exterior de la UE, la cual va m\u00e1s all\u00e1 del ejercicio cl\u00e1sico de evaluaci\u00f3n de amenazas, al incluir cuestiones pendientes y emergentes. Los indicadores son usados por autoridades y actores interesados como sistemas de alerta temprana para el desarrollo de pol\u00edticas p\u00fablicas que permitan adelantarse a riesgos potenciales y su evoluci\u00f3n.<\/p>\n\n\n\n<p class=\"wp-block-paragraph\">\u201cLos cambios hacia el proteccionismo representan profunda amenaza para la paz, estabilidad y prosperidad mundiales, ya que las relaciones de interdependencia construidas a trav\u00e9s del comercio abierto se desmoronan lentamente\u201d, escribe en el pr\u00f3logo Roberta Metsola, presidenta del Parlamento Europeo.<\/p>\n\n\n\n<p class=\"wp-block-paragraph\">\u201cEn nuestro mundo interconectado, sabemos que los conflictos rara vez se limitan al \u00e1rea geogr\u00e1fica en la que tienen lugar. Las guerras actuales tienen cada vez m\u00e1s repercusiones humanas, materiales y pol\u00edticas a nivel mundial, que se extienden por todos los continentes y dan forma al orden internacional\u201d.<\/p>\n\n\n\n<p class=\"wp-block-paragraph\"><em>Con informaci\u00f3n de El Universal<\/em>.<\/p>\n","protected":false},"excerpt":{"rendered":"<p>Bruselas, B\u00e9lgica.- La capacidad de M\u00e9xico para afrontar amenazas para la paz, la seguridad y la democracia se ha ido erosionando en los \u00faltimos seis a\u00f1os. Y el regreso de Donald Trump a la Casa Blanca se ha convertido en una nueva amenaza para la paz mexicana. Esta conclusi\u00f3n se desprende de la publicaci\u00f3n de [&hellip;]<\/p>\n","protected":false},"author":6,"featured_media":78239,"comment_status":"closed","ping_status":"closed","sticky":false,"template":"","format":"standard","meta":{"_acf_changed":false,"_monsterinsights_skip_tracking":false,"slim_seo":{"title":"Parlamento Europeo ve a Trump como una amenaza para la paz en M\u00e9xico - Opini\u00f3n P\u00fablica","description":"Bruselas, B\u00e9lgica .- La capacidad de M\u00e9xico para afrontar amenazas para la paz, la seguridad y la democracia se ha ido erosionando en los \u00faltimos seis a\u00f1os. Y e"},"footnotes":""},"categories":[3],"tags":[102,2204,2202,2203],"class_list":["post-78237","post","type-post","status-publish","format-standard","has-post-thumbnail","hentry","category-principal","tag-donald-trump","tag-indice-normandia","tag-parlamento-europeo","tag-paz-en-mexico"],"acf":[],"_links":{"self":[{"href":"https:\/\/www.opinionpublica.tv\/portada\/wp-json\/wp\/v2\/posts\/78237","targetHints":{"allow":["GET"]}}],"collection":[{"href":"https:\/\/www.opinionpublica.tv\/portada\/wp-json\/wp\/v2\/posts"}],"about":[{"href":"https:\/\/www.opinionpublica.tv\/portada\/wp-json\/wp\/v2\/types\/post"}],"author":[{"embeddable":true,"href":"https:\/\/www.opinionpublica.tv\/portada\/wp-json\/wp\/v2\/users\/6"}],"replies":[{"embeddable":true,"href":"https:\/\/www.opinionpublica.tv\/portada\/wp-json\/wp\/v2\/comments?post=78237"}],"version-history":[{"count":2,"href":"https:\/\/www.opinionpublica.tv\/portada\/wp-json\/wp\/v2\/posts\/78237\/revisions"}],"predecessor-version":[{"id":78241,"href":"https:\/\/www.opinionpublica.tv\/portada\/wp-json\/wp\/v2\/posts\/78237\/revisions\/78241"}],"wp:featuredmedia":[{"embeddable":true,"href":"https:\/\/www.opinionpublica.tv\/portada\/wp-json\/wp\/v2\/media\/78239"}],"wp:attachment":[{"href":"https:\/\/www.opinionpublica.tv\/portada\/wp-json\/wp\/v2\/media?parent=78237"}],"wp:term":[{"taxonomy":"category","embeddable":true,"href":"https:\/\/www.opinionpublica.tv\/portada\/wp-json\/wp\/v2\/categories?post=78237"},{"taxonomy":"post_tag","embeddable":true,"href":"https:\/\/www.opinionpublica.tv\/portada\/wp-json\/wp\/v2\/tags?post=78237"}],"curies":[{"name":"wp","href":"https:\/\/api.w.org\/{rel}","templated":true}]}}