{"id":77938,"date":"2026-02-02T00:01:00","date_gmt":"2026-02-02T07:01:00","guid":{"rendered":"https:\/\/www.opinionpublica.tv\/portada\/?p=77938"},"modified":"2026-02-01T18:42:26","modified_gmt":"2026-02-02T01:42:26","slug":"mientras-tanto-en-benito-juarez","status":"publish","type":"post","link":"https:\/\/www.opinionpublica.tv\/portada\/mientras-tanto-en-benito-juarez\/","title":{"rendered":"Mientras tanto en Benito Ju\u00e1rez"},"content":{"rendered":"\n<h4 class=\"wp-block-heading\">Ra\u00fal Ruiz<\/h4>\n\n\n\n<p class=\"wp-block-paragraph\">___________________________<\/p>\n\n\n\n<p class=\"wp-block-paragraph\">Recordar\u00e1n ustedes que antes de que concluyera el a\u00f1o, les platiqu\u00e9 sobre una oportunidad de vida en un olvidado pueblito llamado Benito Ju\u00e1rez, por all\u00e1 por Buenaventura, Chihuahua.<\/p>\n\n\n\n<p class=\"wp-block-paragraph\">Este ejido, est\u00e1 al filo de la desaparici\u00f3n por la pobreza que los aloja.<\/p>\n\n\n\n<p class=\"wp-block-paragraph\">Bien podr\u00eda ser pueblito hermano de Comala, donde Juan Rulfo hizo brillar los personajes de su novela, Pedro P\u00e1ramo.<\/p>\n\n\n\n<p class=\"wp-block-paragraph\">Sin embargo, una luz providencial podr\u00eda salvarlos.<\/p>\n\n\n\n<p class=\"wp-block-paragraph\">La posibilidad de explotar los minerales que brotan de la tierra les brinda una esperanza.<\/p>\n\n\n\n<p class=\"wp-block-paragraph\">Hay proyectos para una inversi\u00f3n minera por m\u00e1s de 700 millones de d\u00f3lares, que podr\u00edan perderse por la negligencia de cinco o seis mis\u00e1ntropos de aquellas des\u00e9rticas tierras.<\/p>\n\n\n\n<p class=\"wp-block-paragraph\">Los ejidatarios est\u00e1n mayormente de acuerdo en que se instale una mina, pues traer\u00e1 desarrollo a esta comunidad sin esperanza.<\/p>\n\n\n\n<p class=\"wp-block-paragraph\">Pero se han estado topando con barreras de chantajistas locales que se oponen a la obra, a menos que les escurra el billete.<\/p>\n\n\n\n<p class=\"wp-block-paragraph\">Identifican los ejidatarios a la legendaria Lucha Castro y varios de sus disc\u00edpulos como Mart\u00edn Sol\u00eds, Gabino G\u00f3mez y otros m\u00e1s, quienes boicotean el proyecto en un plan abiertamente chantajista.<\/p>\n\n\n\n<p class=\"wp-block-paragraph\">Nada nuevo, con tal de servirse ellos, les importa tres cacahuates perjudicar a los verdaderos due\u00f1os de la tierra.<\/p>\n\n\n\n<p class=\"wp-block-paragraph\">La novedad es que ahora se ostentan protegidos por los senadores, Javier Corral y Andrea Ch\u00e1vez.<\/p>\n\n\n\n<p class=\"wp-block-paragraph\">Esto se pone sabroso, estaremos atentos para confirmar si la intenci\u00f3n de frenar esta inversi\u00f3n minera, proviene de estos legisladores chihuahuenses.<\/p>\n\n\n\n<p class=\"wp-block-paragraph\">Qu\u00e9 nervios.<\/p>\n","protected":false},"excerpt":{"rendered":"<p>Ra\u00fal Ruiz ___________________________ Recordar\u00e1n ustedes que antes de que concluyera el a\u00f1o, les platiqu\u00e9 sobre una oportunidad de vida en un olvidado pueblito llamado Benito Ju\u00e1rez, por all\u00e1 por Buenaventura, Chihuahua. Este ejido, est\u00e1 al filo de la desaparici\u00f3n por la pobreza que los aloja. Bien podr\u00eda ser pueblito hermano de Comala, donde Juan Rulfo [&hellip;]<\/p>\n","protected":false},"author":6,"featured_media":43347,"comment_status":"closed","ping_status":"closed","sticky":false,"template":"","format":"standard","meta":{"_acf_changed":false,"_monsterinsights_skip_tracking":false,"slim_seo":{"title":"Mientras tanto en Benito Ju\u00e1rez - Opini\u00f3n P\u00fablica","description":"Ra\u00fal Ruiz ___________________________ Recordar\u00e1n ustedes que antes de que concluyera el a\u00f1o, les platiqu\u00e9 sobre una oportunidad de vida en un olvidado pueblito"},"footnotes":""},"categories":[21],"tags":[593,789],"class_list":["post-77938","post","type-post","status-publish","format-standard","has-post-thumbnail","hentry","category-cartapacio","tag-cartapacio","tag-raul-ruiz"],"acf":[],"_links":{"self":[{"href":"https:\/\/www.opinionpublica.tv\/portada\/wp-json\/wp\/v2\/posts\/77938","targetHints":{"allow":["GET"]}}],"collection":[{"href":"https:\/\/www.opinionpublica.tv\/portada\/wp-json\/wp\/v2\/posts"}],"about":[{"href":"https:\/\/www.opinionpublica.tv\/portada\/wp-json\/wp\/v2\/types\/post"}],"author":[{"embeddable":true,"href":"https:\/\/www.opinionpublica.tv\/portada\/wp-json\/wp\/v2\/users\/6"}],"replies":[{"embeddable":true,"href":"https:\/\/www.opinionpublica.tv\/portada\/wp-json\/wp\/v2\/comments?post=77938"}],"version-history":[{"count":2,"href":"https:\/\/www.opinionpublica.tv\/portada\/wp-json\/wp\/v2\/posts\/77938\/revisions"}],"predecessor-version":[{"id":77940,"href":"https:\/\/www.opinionpublica.tv\/portada\/wp-json\/wp\/v2\/posts\/77938\/revisions\/77940"}],"wp:featuredmedia":[{"embeddable":true,"href":"https:\/\/www.opinionpublica.tv\/portada\/wp-json\/wp\/v2\/media\/43347"}],"wp:attachment":[{"href":"https:\/\/www.opinionpublica.tv\/portada\/wp-json\/wp\/v2\/media?parent=77938"}],"wp:term":[{"taxonomy":"category","embeddable":true,"href":"https:\/\/www.opinionpublica.tv\/portada\/wp-json\/wp\/v2\/categories?post=77938"},{"taxonomy":"post_tag","embeddable":true,"href":"https:\/\/www.opinionpublica.tv\/portada\/wp-json\/wp\/v2\/tags?post=77938"}],"curies":[{"name":"wp","href":"https:\/\/api.w.org\/{rel}","templated":true}]}}