{"id":77926,"date":"2026-02-02T00:01:00","date_gmt":"2026-02-02T07:01:00","guid":{"rendered":"https:\/\/www.opinionpublica.tv\/portada\/?p=77926"},"modified":"2026-02-01T15:52:26","modified_gmt":"2026-02-01T22:52:26","slug":"arranca-turismo-convocatoria-del-programa-chihuahua-es-para-ti-conocelo-2026","status":"publish","type":"post","link":"https:\/\/www.opinionpublica.tv\/portada\/arranca-turismo-convocatoria-del-programa-chihuahua-es-para-ti-conocelo-2026\/","title":{"rendered":"Arranca Turismo convocatoria del programa \u201cChihuahua es Para Ti \u00a1Con\u00f3celo!\u201d 2026"},"content":{"rendered":"\n<figure class=\"wp-block-image size-large\"><img fetchpriority=\"high\" decoding=\"async\" width=\"1024\" height=\"684\" src=\"https:\/\/www.opinionpublica.tv\/portada\/wp-content\/uploads\/2026\/02\/Arranca-Turismo-convocatoria-del-programa-Chihuahua-es-Para-Ti-\u00a1Conocelo-2026-1024x684.jpeg\" alt=\"Arranca turismo convocatoria del programa \u201cchihuahua es para ti \u00a1cono\u0301celo!\u201d 2026\" class=\"wp-image-77928\" srcset=\"https:\/\/www.opinionpublica.tv\/portada\/wp-content\/uploads\/2026\/02\/Arranca-Turismo-convocatoria-del-programa-Chihuahua-es-Para-Ti-\u00a1Conocelo-2026-1024x684.jpeg 1024w, https:\/\/www.opinionpublica.tv\/portada\/wp-content\/uploads\/2026\/02\/Arranca-Turismo-convocatoria-del-programa-Chihuahua-es-Para-Ti-\u00a1Conocelo-2026-300x200.jpeg 300w, https:\/\/www.opinionpublica.tv\/portada\/wp-content\/uploads\/2026\/02\/Arranca-Turismo-convocatoria-del-programa-Chihuahua-es-Para-Ti-\u00a1Conocelo-2026-768x513.jpeg 768w, https:\/\/www.opinionpublica.tv\/portada\/wp-content\/uploads\/2026\/02\/Arranca-Turismo-convocatoria-del-programa-Chihuahua-es-Para-Ti-\u00a1Conocelo-2026-1536x1025.jpeg 1536w, https:\/\/www.opinionpublica.tv\/portada\/wp-content\/uploads\/2026\/02\/Arranca-Turismo-convocatoria-del-programa-Chihuahua-es-Para-Ti-\u00a1Conocelo-2026.jpeg 1600w\" sizes=\"(max-width: 1024px) 100vw, 1024px\" \/><\/figure>\n\n\n\n<p class=\"wp-block-paragraph\"><em>Chihuahua, Chih<\/em>.- El Gobierno del Estado, a trav\u00e9s de la Secretar\u00eda de Turismo, inform\u00f3 que desde el 1 de febrero se abri\u00f3 la convocatoria del programa \u201cChihuahua es Para Ti \u00a1Con\u00f3celo!\u201d, en su edici\u00f3n 2026.<\/p>\n\n\n\n<p class=\"wp-block-paragraph\">Este programa tiene como objetivo brindar apoyo a eventos tur\u00edsticos y promover la visita a los diferentes destinos del estado, y as\u00ed generar una mayor derrama econ\u00f3mica en los municipios, mediante eventos atractivos o aut\u00e9nticos que resalten las caracter\u00edsticas de cada regi\u00f3n.<\/p>\n\n\n\n<p class=\"wp-block-paragraph\">Estos, pueden ser cultural, gastron\u00f3mico, ferias o festivales, que se lleven a cabo en cualquier parte del territorio estatal. Los organizadores pueden ser personas f\u00edsicas, ayuntamientos, prestadores de servicios tur\u00edsticos, c\u00e1maras, asociaciones, organismos empresariales, cl\u00fasteres y sociedades civiles.<\/p>\n\n\n\n<p class=\"wp-block-paragraph\">De ser seleccionados, los eventos podr\u00e1n recibir apoyo mediante un subsidio.<\/p>\n\n\n\n<p class=\"wp-block-paragraph\">Entre los eventos apoyados en ediciones anteriores destacan el Festival Carne y Vino, en Chihuahua capital; el Festival de la Nuez, en Ciudad Jim\u00e9nez; el Chevest, en Meoqui; Danza y Vino, en Casas Grandes; el Festival de la Manzana, en Guerrero; y el Campamento Apache, en Madera.<\/p>\n\n\n\n<p class=\"wp-block-paragraph\">Este programa se ha llevado a cabo durante los \u00faltimos cuatro a\u00f1os y, en cada edici\u00f3n, se ha incrementado el n\u00famero de eventos apoyados. En la edici\u00f3n 2025, se apoyaron un total de 54 eventos en 24 municipios, con una derrama econ\u00f3mica estimada de 220 millones de pesos (mdp).<\/p>\n\n\n\n<p class=\"wp-block-paragraph\">Las solicitudes para participar en el programa ser\u00e1n partir del 1 de febrero y hasta el s\u00e1bado 28 del mismo, hasta las 23:59 horas, tiempo de la Ciudad de M\u00e9xico.<\/p>\n\n\n\n<p class=\"wp-block-paragraph\">La convocatoria se encuentra disponible en el sitio web: https:\/\/chihuahuaesparati.com\/ConvocatoriaChihuahuaesparati2026, mientras que la liga para realizar la postulaci\u00f3n est\u00e1 en:<\/p>\n\n\n\n<p class=\"wp-block-paragraph\"><a href=\"https:\/\/chihuahuaesparati.com\/Postulaci%C3%B3nChihuahuaesparati2026.\">https:\/\/chihuahuaesparati.com\/Postulaci%C3%B3nChihuahuaesparati2026.<\/a><\/p>\n\n\n\n<p class=\"wp-block-paragraph\">Para m\u00e1s informaci\u00f3n pueden visitar el sitio turismo.chihuahua.gob.mx, o acudir a las oficinas de la dependencia, ubicadas en avenida Universidad n\u00famero 2513, colonia San Felipe I Etapa con c\u00f3digo postal 31203 en Chihuahua, Chih.<\/p>\n","protected":false},"excerpt":{"rendered":"<p>Chihuahua, Chih.- El Gobierno del Estado, a trav\u00e9s de la Secretar\u00eda de Turismo, inform\u00f3 que desde el 1 de febrero se abri\u00f3 la convocatoria del programa \u201cChihuahua es Para Ti \u00a1Con\u00f3celo!\u201d, en su edici\u00f3n 2026. Este programa tiene como objetivo brindar apoyo a eventos tur\u00edsticos y promover la visita a los diferentes destinos del estado, [&hellip;]<\/p>\n","protected":false},"author":6,"featured_media":77928,"comment_status":"closed","ping_status":"closed","sticky":false,"template":"","format":"standard","meta":{"_acf_changed":false,"_monsterinsights_skip_tracking":false,"slim_seo":{"title":"Arranca Turismo convocatoria del programa \u201cChihuahua es Para Ti \u00a1Con\u00f3celo!\u201d 2026 - Opini\u00f3n P\u00fablica","description":"Chihuahua, Chih .- El Gobierno del Estado, a trav\u00e9s de la Secretar\u00eda de Turismo, inform\u00f3 que desde el 1 de febrero se abri\u00f3 la convocatoria del programa \u201cChihua"},"footnotes":""},"categories":[11],"tags":[586],"class_list":["post-77926","post","type-post","status-publish","format-standard","has-post-thumbnail","hentry","category-tendencias","tag-turismo-chihuahua"],"acf":[],"_links":{"self":[{"href":"https:\/\/www.opinionpublica.tv\/portada\/wp-json\/wp\/v2\/posts\/77926","targetHints":{"allow":["GET"]}}],"collection":[{"href":"https:\/\/www.opinionpublica.tv\/portada\/wp-json\/wp\/v2\/posts"}],"about":[{"href":"https:\/\/www.opinionpublica.tv\/portada\/wp-json\/wp\/v2\/types\/post"}],"author":[{"embeddable":true,"href":"https:\/\/www.opinionpublica.tv\/portada\/wp-json\/wp\/v2\/users\/6"}],"replies":[{"embeddable":true,"href":"https:\/\/www.opinionpublica.tv\/portada\/wp-json\/wp\/v2\/comments?post=77926"}],"version-history":[{"count":2,"href":"https:\/\/www.opinionpublica.tv\/portada\/wp-json\/wp\/v2\/posts\/77926\/revisions"}],"predecessor-version":[{"id":77929,"href":"https:\/\/www.opinionpublica.tv\/portada\/wp-json\/wp\/v2\/posts\/77926\/revisions\/77929"}],"wp:featuredmedia":[{"embeddable":true,"href":"https:\/\/www.opinionpublica.tv\/portada\/wp-json\/wp\/v2\/media\/77928"}],"wp:attachment":[{"href":"https:\/\/www.opinionpublica.tv\/portada\/wp-json\/wp\/v2\/media?parent=77926"}],"wp:term":[{"taxonomy":"category","embeddable":true,"href":"https:\/\/www.opinionpublica.tv\/portada\/wp-json\/wp\/v2\/categories?post=77926"},{"taxonomy":"post_tag","embeddable":true,"href":"https:\/\/www.opinionpublica.tv\/portada\/wp-json\/wp\/v2\/tags?post=77926"}],"curies":[{"name":"wp","href":"https:\/\/api.w.org\/{rel}","templated":true}]}}