{"id":77889,"date":"2026-02-02T00:01:00","date_gmt":"2026-02-02T07:01:00","guid":{"rendered":"https:\/\/www.opinionpublica.tv\/portada\/?p=77889"},"modified":"2026-02-01T14:55:06","modified_gmt":"2026-02-01T21:55:06","slug":"dialogo-nacional-por-la-paz-pone-a-victimas-en-el-centro-ante-violencia-en-mexico","status":"publish","type":"post","link":"https:\/\/www.opinionpublica.tv\/portada\/dialogo-nacional-por-la-paz-pone-a-victimas-en-el-centro-ante-violencia-en-mexico\/","title":{"rendered":"Di\u00e1logo Nacional por la Paz pone a v\u00edctimas en el centro ante violencia en M\u00e9xico"},"content":{"rendered":"\n<figure class=\"wp-block-image size-large\"><img fetchpriority=\"high\" decoding=\"async\" width=\"1024\" height=\"646\" src=\"https:\/\/www.opinionpublica.tv\/portada\/wp-content\/uploads\/2026\/02\/Dialogo-Nacional-por-la-Paz-pone-a-victimas-en-el-centro-ante-violencia-en-Mexico-1024x646.webp\" alt=\"Dia\u0301logo nacional por la paz pone a vi\u0301ctimas en el centro ante violencia en me\u0301xico\" class=\"wp-image-77892\" srcset=\"https:\/\/www.opinionpublica.tv\/portada\/wp-content\/uploads\/2026\/02\/Dialogo-Nacional-por-la-Paz-pone-a-victimas-en-el-centro-ante-violencia-en-Mexico-1024x646.webp 1024w, https:\/\/www.opinionpublica.tv\/portada\/wp-content\/uploads\/2026\/02\/Dialogo-Nacional-por-la-Paz-pone-a-victimas-en-el-centro-ante-violencia-en-Mexico-300x189.webp 300w, https:\/\/www.opinionpublica.tv\/portada\/wp-content\/uploads\/2026\/02\/Dialogo-Nacional-por-la-Paz-pone-a-victimas-en-el-centro-ante-violencia-en-Mexico-768x484.webp 768w, https:\/\/www.opinionpublica.tv\/portada\/wp-content\/uploads\/2026\/02\/Dialogo-Nacional-por-la-Paz-pone-a-victimas-en-el-centro-ante-violencia-en-Mexico.webp 1200w\" sizes=\"(max-width: 1024px) 100vw, 1024px\" \/><\/figure>\n\n\n\n<p class=\"wp-block-paragraph\"><em>Ciudad de M\u00e9xico<\/em>.- M\u00e1s de mil 200 l\u00edderes sociales, religiosos, acad\u00e9micos, empresariales, autoridades locales y representantes de la sociedad civil del pa\u00eds se reunieron en el Segundo Di\u00e1logo Nacional por la Paz, para mirar de frente la realidad de la violencia en M\u00e9xico, compartir metodolog\u00edas de construcci\u00f3n de paz y articular respuestas para reconstruir la paz desde lo local, con visi\u00f3n nacional y compromiso colectivo.<\/p>\n\n\n\n<p class=\"wp-block-paragraph\">Durante el di\u00e1logo que se llev\u00f3 a cabo en Jalisco, el sacerdote, El\u00edas L\u00f3pez, reflexion\u00f3 sobre los desaf\u00edos de la reconciliaci\u00f3n nacional, destacando la necesidad de formar liderazgos comunitarios y sinodales capaces de construir propuestas desde la escucha.<\/p>\n\n\n\n<p class=\"wp-block-paragraph\">Por su parte, Monse\u00f1or, Ram\u00f3n Castro, enfatiz\u00f3 que construir la paz exige escuchar, discernir y actuar, es una vocaci\u00f3n de toda persona para buscar un orden social de relaciones armonizadas, poniendo en el centro a las v\u00edctimas y convencidos que la paz solo se alcanza si hay verdad, justicia y reparaci\u00f3n.<\/p>\n\n\n\n<p class=\"wp-block-paragraph\">En mesas de trabajo se compartieron experiencias nacionales e internacionales de construcci\u00f3n de paz, confirmando que existen caminos viables con resultados concretos en los territorios. Entre ellas destacaron el Proyecto VIVA y los Centros Manresa en la Sierra Tarahumara, que han atendido a m\u00e1s de 8 mil personas en salud mental, as\u00ed como experiencias de colaboraci\u00f3n en el dise\u00f1o de Consejos de Paz y Justicia C\u00edvica con el gobierno federal.<\/p>\n\n\n\n<p class=\"wp-block-paragraph\">Los embajadores de Irlanda, Ruair\u00ed De Burca, y de Noruega, Dag Nylander, coincidieron en que todo proceso de paz debe construirse junto a las v\u00edctimas de la violencia y ofrecer caminos de reinserci\u00f3n para los victimarios.<\/p>\n\n\n\n<p class=\"wp-block-paragraph\">El di\u00e1logo cont\u00f3 tambi\u00e9n con la presencia de alcaldes y representantes municipales reconocidos por su trabajo en la construcci\u00f3n de la paz, provenientes de Tabasco; Escobedo y San Pedro Garza Garc\u00eda, Nuevo Le\u00f3n; Guadalajara, Zapopan y Jocotepec, Jalisco; Meoqui, Chihuahua; Cher\u00e1n, Michoac\u00e1n; y Tepoztl\u00e1n, Morelos, quienes se sumaron a este esfuerzo como actores clave desde lo local.<\/p>\n\n\n\n<p class=\"wp-block-paragraph\">De igual manera, diversas comunidades religiosas firmaron un compromiso com\u00fan y presentaron un plan de trabajo conjunto.<\/p>\n\n\n\n<p class=\"wp-block-paragraph\">Participaron representantes de comunidades budistas, musulmanas, hinduistas, de la Iglesia de Jesucristo de los Santos de los \u00daltimos D\u00edas, tradiciones ind\u00edgenas, comunidad ortodoxa, bautista, luterana, pentecostal y cat\u00f3lica quienes se comprometieron a formarse frente a los desaf\u00edos de la violencia, aportar la riqueza \u00e9tica de sus espiritualidades y fomentar el encuentro desde la diversidad religiosa en M\u00e9xico.<\/p>\n\n\n\n<p class=\"wp-block-paragraph\"><em>Con informaci\u00f3n de El Universal<\/em>.<\/p>\n","protected":false},"excerpt":{"rendered":"<p>Ciudad de M\u00e9xico.- M\u00e1s de mil 200 l\u00edderes sociales, religiosos, acad\u00e9micos, empresariales, autoridades locales y representantes de la sociedad civil del pa\u00eds se reunieron en el Segundo Di\u00e1logo Nacional por la Paz, para mirar de frente la realidad de la violencia en M\u00e9xico, compartir metodolog\u00edas de construcci\u00f3n de paz y articular respuestas para reconstruir la [&hellip;]<\/p>\n","protected":false},"author":6,"featured_media":77892,"comment_status":"closed","ping_status":"closed","sticky":false,"template":"","format":"standard","meta":{"_acf_changed":false,"_monsterinsights_skip_tracking":false,"slim_seo":{"title":"Di\u00e1logo Nacional por la Paz pone a v\u00edctimas en el centro ante violencia en M\u00e9xico - Opini\u00f3n P\u00fablica","description":"Ciudad de M\u00e9xico .- M\u00e1s de mil 200 l\u00edderes sociales, religiosos, acad\u00e9micos, empresariales, autoridades locales y representantes de la sociedad civil del pa\u00eds s"},"footnotes":""},"categories":[4],"tags":[2137,650],"class_list":["post-77889","post","type-post","status-publish","format-standard","has-post-thumbnail","hentry","category-pulsopolitico","tag-dialogo-nacional-por-la-paz","tag-violencia-en-mexico"],"acf":[],"_links":{"self":[{"href":"https:\/\/www.opinionpublica.tv\/portada\/wp-json\/wp\/v2\/posts\/77889","targetHints":{"allow":["GET"]}}],"collection":[{"href":"https:\/\/www.opinionpublica.tv\/portada\/wp-json\/wp\/v2\/posts"}],"about":[{"href":"https:\/\/www.opinionpublica.tv\/portada\/wp-json\/wp\/v2\/types\/post"}],"author":[{"embeddable":true,"href":"https:\/\/www.opinionpublica.tv\/portada\/wp-json\/wp\/v2\/users\/6"}],"replies":[{"embeddable":true,"href":"https:\/\/www.opinionpublica.tv\/portada\/wp-json\/wp\/v2\/comments?post=77889"}],"version-history":[{"count":2,"href":"https:\/\/www.opinionpublica.tv\/portada\/wp-json\/wp\/v2\/posts\/77889\/revisions"}],"predecessor-version":[{"id":77893,"href":"https:\/\/www.opinionpublica.tv\/portada\/wp-json\/wp\/v2\/posts\/77889\/revisions\/77893"}],"wp:featuredmedia":[{"embeddable":true,"href":"https:\/\/www.opinionpublica.tv\/portada\/wp-json\/wp\/v2\/media\/77892"}],"wp:attachment":[{"href":"https:\/\/www.opinionpublica.tv\/portada\/wp-json\/wp\/v2\/media?parent=77889"}],"wp:term":[{"taxonomy":"category","embeddable":true,"href":"https:\/\/www.opinionpublica.tv\/portada\/wp-json\/wp\/v2\/categories?post=77889"},{"taxonomy":"post_tag","embeddable":true,"href":"https:\/\/www.opinionpublica.tv\/portada\/wp-json\/wp\/v2\/tags?post=77889"}],"curies":[{"name":"wp","href":"https:\/\/api.w.org\/{rel}","templated":true}]}}