{"id":77805,"date":"2026-02-01T00:01:00","date_gmt":"2026-02-01T07:01:00","guid":{"rendered":"https:\/\/www.opinionpublica.tv\/portada\/?p=77805"},"modified":"2026-01-31T16:03:06","modified_gmt":"2026-01-31T23:03:06","slug":"se-les-hizo-bolas-el-engrudo","status":"publish","type":"post","link":"https:\/\/www.opinionpublica.tv\/portada\/se-les-hizo-bolas-el-engrudo\/","title":{"rendered":"\u00bfSe les hizo bolas el engrudo?"},"content":{"rendered":"\n<h4 class=\"wp-block-heading\">Jos\u00e9 Woldenberg<\/h4>\n\n\n\n<p class=\"wp-block-paragraph\">____________________________<\/p>\n\n\n\n<p class=\"wp-block-paragraph\">Todo parece indicar que la cacareada reforma electoral se les ha complicado. Como suele decirse \u201cse les hizo bolas el engrudo\u201d. Con su h\u00edper mayor\u00eda anticonstitucional en la C\u00e1mara de Diputados pensaron que todo ser\u00eda \u201ccoser y cantar\u201d. Quiz\u00e1 todav\u00eda la saquen adelante, la necedad, piensan algunos, es una virtud, pero por lo pronto se han abierto m\u00e1s frentes de los esperados.<\/p>\n\n\n\n<p class=\"wp-block-paragraph\">Los propios aliados de Morena, los partidos del Trabajo y Verde Ecologista, no desean suicidarse y por ello la pretensi\u00f3n de acabar con plurinominales en diputados y senadores e incluso con los senadores de la primera minor\u00eda, no lo ven m\u00e1s que como lo que es: una pistola en la sien, dise\u00f1ada para deshacerse de las minor\u00edas y sobrerrepresentar a la mayor\u00eda.<\/p>\n\n\n\n<p class=\"wp-block-paragraph\">Si a ello le sumamos la intenci\u00f3n de reducir sensiblemente el financiamiento a los partidos, las reservas no hacen sino aumentar. Si se tratara \u00fanicamente de una l\u00f3gica pol\u00edtica no habr\u00eda (creo) manera de convencer a esos leales aliados a ceder para alinearse al gobierno y Morena. Pero, dados los antecedentes, bien pueden colocarse en la mesa de negociaci\u00f3n otros asuntos que compensen a las direcciones de esos partidos.<\/p>\n\n\n\n<p class=\"wp-block-paragraph\">La Comisi\u00f3n Presidencial encargada de la propuesta de reforma al parecer tampoco ha hilado muy fino, ha escuchado poco y mal, y en las propias filas de Morena no faltan los que tienen apreciaciones distintas e incluso encontradas. La idea de que diputados y senadores del partido mayoritario son un ej\u00e9rcito disciplinado y sometido a la voluntad del Ejecutivo (como en efecto lo han sido), muestra algunas cuarteaduras, y al parecer (n\u00f3tese la especulaci\u00f3n) algunos esperan que la iniciativa llegue a las c\u00e1maras para meterle mano.<\/p>\n\n\n\n<p class=\"wp-block-paragraph\">Adem\u00e1s, ya existe una iniciativa de reforma de un nutrido grupo de ciudadanos, que han reunido las firmas suficientes, certificadas por el INE, y que debe ser dictaminada. Y el propio Instituto ha presentado un listado amplio y ambicioso que deber\u00eda ser considerado por el Congreso.<\/p>\n\n\n\n<p class=\"wp-block-paragraph\">Sobra decir que los partidos opositores, hasta ahora ninguneados, tienen mucho que decir, m\u00e1xime que tal y como se han filtrado algunas de las pretensiones gubernamentales, ser\u00edan los principales afectados. Y aunque en minor\u00eda no dejan de estar presentes en ambas C\u00e1maras, lo que supone que por lo menos cuentan con voz para desmontar una a una las pretensiones antidemocr\u00e1ticas que por lo menos en las tres iniciativas anteriores del expresidente L\u00f3pez Obrador dibujaban un sistema electoral para la mayor\u00eda moment\u00e1nea y el gobierno.<\/p>\n\n\n\n<p class=\"wp-block-paragraph\">Si lo anterior fuera poco, en el entorno internacional, no son pocos los indicios de una preocupaci\u00f3n cada vez mayor por lo que sucede en nuestro pa\u00eds. En el mundo democr\u00e1tico, hoy disminuido por la expansi\u00f3n de autoritarismos de diferentes coloraciones ideol\u00f3gicas, se toma nota del viraje de M\u00e9xico hacia un esquema vertical, concentrador del poder, que ha desvirtuado al Poder Judicial y deformado la representaci\u00f3n en el Congreso. Esos, que, desde el poder, se proclaman como triunfos, no dejan de ser se\u00f1alados, cada vez m\u00e1s, como un retroceso hacia f\u00f3rmulas pol\u00edticas incapaces de vivir y convivir con la diversidad pol\u00edtica.<\/p>\n\n\n\n<p class=\"wp-block-paragraph\">Si hubiese un poquito de sensatez, si la sensibilidad y los resortes democr\u00e1ticos no estuvieran tan atrofiados, lo mejor ser\u00eda dejar para otros tiempos la proclamada reforma electoral. El otro camino ser\u00eda el de abrir una aut\u00e9ntica ronda de di\u00e1logo y negociaci\u00f3n en el Congreso que al final dejara satisfechas a las diferentes corrientes pol\u00edticas que modelan al pa\u00eds. Pero\u2026<\/p>\n","protected":false},"excerpt":{"rendered":"<p>Jos\u00e9 Woldenberg ____________________________ Todo parece indicar que la cacareada reforma electoral se les ha complicado. Como suele decirse \u201cse les hizo bolas el engrudo\u201d. Con su h\u00edper mayor\u00eda anticonstitucional en la C\u00e1mara de Diputados pensaron que todo ser\u00eda \u201ccoser y cantar\u201d. Quiz\u00e1 todav\u00eda la saquen adelante, la necedad, piensan algunos, es una virtud, pero por [&hellip;]<\/p>\n","protected":false},"author":6,"featured_media":43694,"comment_status":"closed","ping_status":"closed","sticky":false,"template":"","format":"standard","meta":{"_acf_changed":false,"_monsterinsights_skip_tracking":false,"slim_seo":{"title":"\u00bfSe les hizo bolas el engrudo? - Opini\u00f3n P\u00fablica","description":"Jos\u00e9 Woldenberg ____________________________ Todo parece indicar que la cacareada reforma electoral se les ha complicado. Como suele decirse \u201cse les hizo bolas"},"footnotes":""},"categories":[26],"tags":[782,499],"class_list":["post-77805","post","type-post","status-publish","format-standard","has-post-thumbnail","hentry","category-de-chile-dulce-y-manteca-columna-invitada","tag-jose-woldenberg","tag-reforma-electoral"],"acf":[],"_links":{"self":[{"href":"https:\/\/www.opinionpublica.tv\/portada\/wp-json\/wp\/v2\/posts\/77805","targetHints":{"allow":["GET"]}}],"collection":[{"href":"https:\/\/www.opinionpublica.tv\/portada\/wp-json\/wp\/v2\/posts"}],"about":[{"href":"https:\/\/www.opinionpublica.tv\/portada\/wp-json\/wp\/v2\/types\/post"}],"author":[{"embeddable":true,"href":"https:\/\/www.opinionpublica.tv\/portada\/wp-json\/wp\/v2\/users\/6"}],"replies":[{"embeddable":true,"href":"https:\/\/www.opinionpublica.tv\/portada\/wp-json\/wp\/v2\/comments?post=77805"}],"version-history":[{"count":1,"href":"https:\/\/www.opinionpublica.tv\/portada\/wp-json\/wp\/v2\/posts\/77805\/revisions"}],"predecessor-version":[{"id":77806,"href":"https:\/\/www.opinionpublica.tv\/portada\/wp-json\/wp\/v2\/posts\/77805\/revisions\/77806"}],"wp:featuredmedia":[{"embeddable":true,"href":"https:\/\/www.opinionpublica.tv\/portada\/wp-json\/wp\/v2\/media\/43694"}],"wp:attachment":[{"href":"https:\/\/www.opinionpublica.tv\/portada\/wp-json\/wp\/v2\/media?parent=77805"}],"wp:term":[{"taxonomy":"category","embeddable":true,"href":"https:\/\/www.opinionpublica.tv\/portada\/wp-json\/wp\/v2\/categories?post=77805"},{"taxonomy":"post_tag","embeddable":true,"href":"https:\/\/www.opinionpublica.tv\/portada\/wp-json\/wp\/v2\/tags?post=77805"}],"curies":[{"name":"wp","href":"https:\/\/api.w.org\/{rel}","templated":true}]}}