{"id":7776,"date":"2016-11-14T07:00:00","date_gmt":"2016-11-14T06:00:00","guid":{"rendered":"https:\/\/www.opinionpublica.tv\/portada\/2016\/11\/14\/super-luna-lo-mas-cerca-de-la-tierra-desde-1948\/"},"modified":"2016-11-14T07:00:00","modified_gmt":"2016-11-14T06:00:00","slug":"super-luna-lo-mas-cerca-de-la-tierra-desde-1948","status":"publish","type":"post","link":"https:\/\/www.opinionpublica.tv\/portada\/super-luna-lo-mas-cerca-de-la-tierra-desde-1948\/","title":{"rendered":"S\u00faper Luna: Lo m\u00e1s cerca de la Tierra desde 1948"},"content":{"rendered":"<p><img fetchpriority=\"high\" decoding=\"async\" class=\" size-full wp-image-7759\" src=\"https:\/\/www.opinionpublica.tv\/portada\/wp-content\/uploads\/2016\/11\/0eba82086d309eaeb0c5011201911b1a.jpg\" alt=\"\" width=\"800\" height=\"534\" srcset=\"https:\/\/www.opinionpublica.tv\/portada\/wp-content\/uploads\/2016\/11\/0eba82086d309eaeb0c5011201911b1a.jpg 800w, https:\/\/www.opinionpublica.tv\/portada\/wp-content\/uploads\/2016\/11\/0eba82086d309eaeb0c5011201911b1a-300x200.jpg 300w, https:\/\/www.opinionpublica.tv\/portada\/wp-content\/uploads\/2016\/11\/0eba82086d309eaeb0c5011201911b1a-768x513.jpg 768w\" sizes=\"(max-width: 800px) 100vw, 800px\" \/><br \/>\n<!--more--><\/p>\n<p style=\"text-align: justify;\">Comenz\u00f3 el domingo la Super Luna, cuando se acerca a s\u00f3lo 356.509 kil\u00f3metros de la Tierra, siendo 27 mil kil\u00f3metros m\u00e1s que el promedio.<\/p>\n<p style=\"text-align: justify;\">Este fen\u00f3meno se debe a la alineaci\u00f3n entre la Tierra , el Sol y la Luna y que coincide con el punto m\u00e1s cercano de la \u00f3rbita del sat\u00e9lite natural, que no sucede desde 1948 y que s\u00f3lo se repetir\u00e1 en el a\u00f1o 2034.<\/p>\n<p style=\"text-align: justify;\">Es por eso que la llamada \u201cS\u00faper Luna\u201d se ver\u00e1 a simple vista m\u00e1s grande y luminosa de lo normal, por lo que ser\u00e1 un espect\u00e1culo atractivo para las personas.<\/p>\n<p style=\"text-align: justify;\">El perigeo, o punto m\u00e1s cercano, se podr\u00e1 apreciar hacia el anochecer. Para apreciarlo con mayor dimensi\u00f3n, la NASA dispuso de un streaming.<\/p>\n<p style=\"text-align: justify;\">\u00a0<\/p>\n<p style=\"text-align: justify;\"><img decoding=\"async\" class=\" size-full wp-image-7760\" src=\"https:\/\/www.opinionpublica.tv\/portada\/wp-content\/uploads\/2016\/11\/1560344.jpg\" width=\"700\" height=\"474\" srcset=\"https:\/\/www.opinionpublica.tv\/portada\/wp-content\/uploads\/2016\/11\/1560344.jpg 700w, https:\/\/www.opinionpublica.tv\/portada\/wp-content\/uploads\/2016\/11\/1560344-300x203.jpg 300w\" sizes=\"(max-width: 700px) 100vw, 700px\" \/><img decoding=\"async\" class=\" size-full wp-image-7761\" src=\"https:\/\/www.opinionpublica.tv\/portada\/wp-content\/uploads\/2016\/11\/1560343.jpg\" width=\"700\" height=\"441\" srcset=\"https:\/\/www.opinionpublica.tv\/portada\/wp-content\/uploads\/2016\/11\/1560343.jpg 700w, https:\/\/www.opinionpublica.tv\/portada\/wp-content\/uploads\/2016\/11\/1560343-300x189.jpg 300w\" sizes=\"(max-width: 700px) 100vw, 700px\" \/><img loading=\"lazy\" decoding=\"async\" class=\" size-full wp-image-7762\" src=\"https:\/\/www.opinionpublica.tv\/portada\/wp-content\/uploads\/2016\/11\/1560340.jpg\" width=\"700\" height=\"418\" srcset=\"https:\/\/www.opinionpublica.tv\/portada\/wp-content\/uploads\/2016\/11\/1560340.jpg 700w, https:\/\/www.opinionpublica.tv\/portada\/wp-content\/uploads\/2016\/11\/1560340-300x179.jpg 300w\" sizes=\"(max-width: 700px) 100vw, 700px\" \/><img loading=\"lazy\" decoding=\"async\" class=\" size-full wp-image-7763\" src=\"https:\/\/www.opinionpublica.tv\/portada\/wp-content\/uploads\/2016\/11\/1560366.jpg\" width=\"700\" height=\"473\" srcset=\"https:\/\/www.opinionpublica.tv\/portada\/wp-content\/uploads\/2016\/11\/1560366.jpg 700w, https:\/\/www.opinionpublica.tv\/portada\/wp-content\/uploads\/2016\/11\/1560366-300x203.jpg 300w\" sizes=\"(max-width: 700px) 100vw, 700px\" \/><img loading=\"lazy\" decoding=\"async\" class=\" size-full wp-image-7764\" src=\"https:\/\/www.opinionpublica.tv\/portada\/wp-content\/uploads\/2016\/11\/1560345.jpg\" width=\"700\" height=\"467\" srcset=\"https:\/\/www.opinionpublica.tv\/portada\/wp-content\/uploads\/2016\/11\/1560345.jpg 700w, https:\/\/www.opinionpublica.tv\/portada\/wp-content\/uploads\/2016\/11\/1560345-300x200.jpg 300w\" sizes=\"(max-width: 700px) 100vw, 700px\" \/><img loading=\"lazy\" decoding=\"async\" class=\" size-full wp-image-7765\" src=\"https:\/\/www.opinionpublica.tv\/portada\/wp-content\/uploads\/2016\/11\/1560368.jpg\" width=\"700\" height=\"481\" srcset=\"https:\/\/www.opinionpublica.tv\/portada\/wp-content\/uploads\/2016\/11\/1560368.jpg 700w, https:\/\/www.opinionpublica.tv\/portada\/wp-content\/uploads\/2016\/11\/1560368-300x206.jpg 300w\" sizes=\"(max-width: 700px) 100vw, 700px\" \/><img loading=\"lazy\" decoding=\"async\" class=\" size-full wp-image-7766\" src=\"https:\/\/www.opinionpublica.tv\/portada\/wp-content\/uploads\/2016\/11\/1560333.jpg\" width=\"700\" height=\"478\" srcset=\"https:\/\/www.opinionpublica.tv\/portada\/wp-content\/uploads\/2016\/11\/1560333.jpg 700w, https:\/\/www.opinionpublica.tv\/portada\/wp-content\/uploads\/2016\/11\/1560333-300x205.jpg 300w\" sizes=\"(max-width: 700px) 100vw, 700px\" \/><img loading=\"lazy\" decoding=\"async\" class=\" size-full wp-image-7767\" src=\"https:\/\/www.opinionpublica.tv\/portada\/wp-content\/uploads\/2016\/11\/1560346.jpg\" width=\"700\" height=\"437\" srcset=\"https:\/\/www.opinionpublica.tv\/portada\/wp-content\/uploads\/2016\/11\/1560346.jpg 700w, https:\/\/www.opinionpublica.tv\/portada\/wp-content\/uploads\/2016\/11\/1560346-300x187.jpg 300w\" sizes=\"(max-width: 700px) 100vw, 700px\" \/><img loading=\"lazy\" decoding=\"async\" class=\" size-full wp-image-7768\" src=\"https:\/\/www.opinionpublica.tv\/portada\/wp-content\/uploads\/2016\/11\/1560367.jpg\" width=\"700\" height=\"446\" srcset=\"https:\/\/www.opinionpublica.tv\/portada\/wp-content\/uploads\/2016\/11\/1560367.jpg 700w, https:\/\/www.opinionpublica.tv\/portada\/wp-content\/uploads\/2016\/11\/1560367-300x191.jpg 300w\" sizes=\"(max-width: 700px) 100vw, 700px\" \/><img loading=\"lazy\" decoding=\"async\" class=\" size-full wp-image-7769\" src=\"https:\/\/www.opinionpublica.tv\/portada\/wp-content\/uploads\/2016\/11\/1560335.jpg\" width=\"700\" height=\"459\" srcset=\"https:\/\/www.opinionpublica.tv\/portada\/wp-content\/uploads\/2016\/11\/1560335.jpg 700w, https:\/\/www.opinionpublica.tv\/portada\/wp-content\/uploads\/2016\/11\/1560335-300x197.jpg 300w\" sizes=\"(max-width: 700px) 100vw, 700px\" \/><img loading=\"lazy\" decoding=\"async\" class=\" size-full wp-image-7770\" src=\"https:\/\/www.opinionpublica.tv\/portada\/wp-content\/uploads\/2016\/11\/1560337.jpg\" width=\"700\" height=\"530\" srcset=\"https:\/\/www.opinionpublica.tv\/portada\/wp-content\/uploads\/2016\/11\/1560337.jpg 700w, https:\/\/www.opinionpublica.tv\/portada\/wp-content\/uploads\/2016\/11\/1560337-300x227.jpg 300w\" sizes=\"(max-width: 700px) 100vw, 700px\" \/><img loading=\"lazy\" decoding=\"async\" class=\" size-full wp-image-7771\" src=\"https:\/\/www.opinionpublica.tv\/portada\/wp-content\/uploads\/2016\/11\/1560369.jpg\" width=\"700\" height=\"467\" srcset=\"https:\/\/www.opinionpublica.tv\/portada\/wp-content\/uploads\/2016\/11\/1560369.jpg 700w, https:\/\/www.opinionpublica.tv\/portada\/wp-content\/uploads\/2016\/11\/1560369-300x200.jpg 300w\" sizes=\"(max-width: 700px) 100vw, 700px\" \/><img loading=\"lazy\" decoding=\"async\" class=\" size-full wp-image-7772\" src=\"https:\/\/www.opinionpublica.tv\/portada\/wp-content\/uploads\/2016\/11\/1560336.jpg\" width=\"700\" height=\"474\" srcset=\"https:\/\/www.opinionpublica.tv\/portada\/wp-content\/uploads\/2016\/11\/1560336.jpg 700w, https:\/\/www.opinionpublica.tv\/portada\/wp-content\/uploads\/2016\/11\/1560336-300x203.jpg 300w\" sizes=\"(max-width: 700px) 100vw, 700px\" \/><img loading=\"lazy\" decoding=\"async\" class=\" size-full wp-image-7773\" src=\"https:\/\/www.opinionpublica.tv\/portada\/wp-content\/uploads\/2016\/11\/1560338.jpg\" width=\"700\" height=\"467\" srcset=\"https:\/\/www.opinionpublica.tv\/portada\/wp-content\/uploads\/2016\/11\/1560338.jpg 700w, https:\/\/www.opinionpublica.tv\/portada\/wp-content\/uploads\/2016\/11\/1560338-300x200.jpg 300w\" sizes=\"(max-width: 700px) 100vw, 700px\" \/><img loading=\"lazy\" decoding=\"async\" class=\" size-full wp-image-7774\" src=\"https:\/\/www.opinionpublica.tv\/portada\/wp-content\/uploads\/2016\/11\/1560339.jpg\" width=\"700\" height=\"446\" srcset=\"https:\/\/www.opinionpublica.tv\/portada\/wp-content\/uploads\/2016\/11\/1560339.jpg 700w, https:\/\/www.opinionpublica.tv\/portada\/wp-content\/uploads\/2016\/11\/1560339-300x191.jpg 300w\" sizes=\"(max-width: 700px) 100vw, 700px\" \/><img loading=\"lazy\" decoding=\"async\" class=\" size-full wp-image-7775\" src=\"https:\/\/www.opinionpublica.tv\/portada\/wp-content\/uploads\/2016\/11\/1560341.jpg\" width=\"800\" height=\"534\" srcset=\"https:\/\/www.opinionpublica.tv\/portada\/wp-content\/uploads\/2016\/11\/1560341.jpg 800w, https:\/\/www.opinionpublica.tv\/portada\/wp-content\/uploads\/2016\/11\/1560341-300x200.jpg 300w, https:\/\/www.opinionpublica.tv\/portada\/wp-content\/uploads\/2016\/11\/1560341-768x513.jpg 768w\" sizes=\"(max-width: 800px) 100vw, 800px\" \/><\/p>\n<div class=\"k2_video\"><iframe title=\"Superluna, la m\u00e1s grande y luminosa en casi setenta a\u00f1os\" width=\"800\" height=\"450\" src=\"https:\/\/www.youtube.com\/embed\/hT3muA2AceE?feature=oembed\" frameborder=\"0\" allow=\"accelerometer; autoplay; clipboard-write; encrypted-media; gyroscope; picture-in-picture; web-share\" referrerpolicy=\"strict-origin-when-cross-origin\" allowfullscreen><\/iframe>\n<\/div>\n","protected":false},"excerpt":{"rendered":"","protected":false},"author":1,"featured_media":7759,"comment_status":"open","ping_status":"open","sticky":false,"template":"","format":"standard","meta":{"_acf_changed":false,"_monsterinsights_skip_tracking":false,"slim_seo":{"title":"S\u00faper Luna: Lo m\u00e1s cerca de la Tierra desde 1948 - Opini\u00f3n P\u00fablica","description":"Comenz\u00f3 el domingo la Super Luna, cuando se acerca a s\u00f3lo 356.509 kil\u00f3metros de la Tierra, siendo 27 mil kil\u00f3metros m\u00e1s que el promedio. Este fen\u00f3meno se debe a"},"footnotes":""},"categories":[15],"tags":[],"class_list":["post-7776","post","type-post","status-publish","format-standard","has-post-thumbnail","hentry","category-galerias"],"acf":[],"_links":{"self":[{"href":"https:\/\/www.opinionpublica.tv\/portada\/wp-json\/wp\/v2\/posts\/7776","targetHints":{"allow":["GET"]}}],"collection":[{"href":"https:\/\/www.opinionpublica.tv\/portada\/wp-json\/wp\/v2\/posts"}],"about":[{"href":"https:\/\/www.opinionpublica.tv\/portada\/wp-json\/wp\/v2\/types\/post"}],"author":[{"embeddable":true,"href":"https:\/\/www.opinionpublica.tv\/portada\/wp-json\/wp\/v2\/users\/1"}],"replies":[{"embeddable":true,"href":"https:\/\/www.opinionpublica.tv\/portada\/wp-json\/wp\/v2\/comments?post=7776"}],"version-history":[{"count":0,"href":"https:\/\/www.opinionpublica.tv\/portada\/wp-json\/wp\/v2\/posts\/7776\/revisions"}],"wp:featuredmedia":[{"embeddable":true,"href":"https:\/\/www.opinionpublica.tv\/portada\/wp-json\/wp\/v2\/media\/7759"}],"wp:attachment":[{"href":"https:\/\/www.opinionpublica.tv\/portada\/wp-json\/wp\/v2\/media?parent=7776"}],"wp:term":[{"taxonomy":"category","embeddable":true,"href":"https:\/\/www.opinionpublica.tv\/portada\/wp-json\/wp\/v2\/categories?post=7776"},{"taxonomy":"post_tag","embeddable":true,"href":"https:\/\/www.opinionpublica.tv\/portada\/wp-json\/wp\/v2\/tags?post=7776"}],"curies":[{"name":"wp","href":"https:\/\/api.w.org\/{rel}","templated":true}]}}