{"id":77714,"date":"2026-01-31T00:01:00","date_gmt":"2026-01-31T07:01:00","guid":{"rendered":"https:\/\/www.opinionpublica.tv\/portada\/?p=77714"},"modified":"2026-01-30T19:08:38","modified_gmt":"2026-01-31T02:08:38","slug":"efemerides-31-de-enero-un-dia-como-hoy-en-la-historia","status":"publish","type":"post","link":"https:\/\/www.opinionpublica.tv\/portada\/efemerides-31-de-enero-un-dia-como-hoy-en-la-historia\/","title":{"rendered":"Efem\u00e9rides 31 de enero | Un d\u00eda como hoy en la historia&#8230;"},"content":{"rendered":"\n<p class=\"wp-block-paragraph\"><em>Un d\u00eda 31 de enero, pero de 1990, la cadena de comida r\u00e1pida estadounidense McDonald\u2019s abre en el centro de la ciudad de Mosc\u00fa su primer establecimiento en Rusia<\/em>.<\/p>\n\n\n\n<figure class=\"wp-block-image size-full\"><img fetchpriority=\"high\" decoding=\"async\" width=\"960\" height=\"640\" src=\"https:\/\/www.opinionpublica.tv\/portada\/wp-content\/uploads\/2026\/01\/1990-la-cadena-de-comida-rapida-estadounidense-McDonalds-abre-en-el-centro-de-la-ciudad-de-Moscu-su-primer-establecimiento-en-Rusia.jpg\" alt=\"1990, la cadena de comida ra\u0301pida estadounidense mcdonald\u2019s abre en el centro de la ciudad de moscu\u0301 su primer establecimiento en rusia\" class=\"wp-image-77715\" srcset=\"https:\/\/www.opinionpublica.tv\/portada\/wp-content\/uploads\/2026\/01\/1990-la-cadena-de-comida-rapida-estadounidense-McDonalds-abre-en-el-centro-de-la-ciudad-de-Moscu-su-primer-establecimiento-en-Rusia.jpg 960w, https:\/\/www.opinionpublica.tv\/portada\/wp-content\/uploads\/2026\/01\/1990-la-cadena-de-comida-rapida-estadounidense-McDonalds-abre-en-el-centro-de-la-ciudad-de-Moscu-su-primer-establecimiento-en-Rusia-300x200.jpg 300w, https:\/\/www.opinionpublica.tv\/portada\/wp-content\/uploads\/2026\/01\/1990-la-cadena-de-comida-rapida-estadounidense-McDonalds-abre-en-el-centro-de-la-ciudad-de-Moscu-su-primer-establecimiento-en-Rusia-768x512.jpg 768w\" sizes=\"(max-width: 960px) 100vw, 960px\" \/><\/figure>\n\n\n\n<p class=\"wp-block-paragraph\"><strong>Otras efem\u00e9rides<\/strong><\/p>\n\n\n\n<p class=\"wp-block-paragraph\">1606.- Ejecutado en Londres Guy Fawkes, acusado de conspirar contra el rey Jaime I en el conocido como \u00abComplot de la P\u00f3lvora\u00bb (Gunpowder Plot).<\/p>\n\n\n\n<p class=\"wp-block-paragraph\">1676.- Se funda la Universidad de San Carlos de Guatemala.<\/p>\n\n\n\n<p class=\"wp-block-paragraph\">1841.- Se constituye la Rep\u00fablica de El Salvador, al disolverse la Federaci\u00f3n de las Provincias Unidas de Centroam\u00e9rica.<\/p>\n\n\n\n<p class=\"wp-block-paragraph\">1901.- Se estrena en Mosc\u00fa la obra \u00abTres hermanas\u00bb, de Ant\u00f3n Ch\u00e9jov.<\/p>\n\n\n\n<p class=\"wp-block-paragraph\">1917.- Los cient\u00edficos alemanes Otto Hahn y Lise Meitner descubren el protactinio, elemento radiactivo.<\/p>\n\n\n\n<p class=\"wp-block-paragraph\">1918.- Primera Guerra Mundial: ataque a\u00e9reo alem\u00e1n a Par\u00eds.<\/p>\n\n\n\n<p class=\"wp-block-paragraph\">1936.- El escritor estadounidense William Faulkner, escribe la \u00faltima p\u00e1gina del manuscrito de su novela \u00ab\u00a1Absalom, Absalom!\u00bb.<\/p>\n\n\n\n<p class=\"wp-block-paragraph\">1938.- Se constituye en Burgos el primer Gobierno del dictador espa\u00f1ol Francisco Franco.<\/p>\n\n\n\n<p class=\"wp-block-paragraph\">1944.- Los estadounidenses desembarcan en las islas Marshall, en el Pac\u00edfico.<\/p>\n\n\n\n<p class=\"wp-block-paragraph\">1949.- Revoluci\u00f3n incruenta en Paraguay: el presidente Natalio Gonz\u00e1lez es sustituido por el general Raimundo Rol\u00f3n.<\/p>\n\n\n\n<p class=\"wp-block-paragraph\">1950.- El presidente de EE.UU., Harry S. Truman, ordena la producci\u00f3n en su pa\u00eds de la bomba de hidr\u00f3geno.<\/p>\n\n\n\n<p class=\"wp-block-paragraph\">1951.- Getulio Vargas es investido presidente de Brasil, a los cinco a\u00f1os de haber sido depuesto.<\/p>\n\n\n\n<p class=\"wp-block-paragraph\">1956.- Juscelino Kubitschek es elegido presidente de la Rep\u00fablica de Brasil.<\/p>\n\n\n\n<p class=\"wp-block-paragraph\">1958.- Lanzamiento al espacio del primer sat\u00e9lite estadounidense \u00abExplorer-1\u00bb, la respuesta de los cient\u00edficos de Estados Unidos a la puesta en \u00f3rbita del Sputnik 1 y 2 por parte de la Uni\u00f3n Sovi\u00e9tica.<\/p>\n\n\n\n<p class=\"wp-block-paragraph\">1962.- Cuba es expulsada de la Organizaci\u00f3n de Estados Americanos (OEA).<\/p>\n\n\n\n<p class=\"wp-block-paragraph\">1971.- Estados Unidos lanza al espacio el \u00abApolo XIV\u00bb, una misi\u00f3n espacial tripulada que fue la tercera que aluniz\u00f3.<\/p>\n\n\n\n<p class=\"wp-block-paragraph\">1976.- Robo de 118 cuadros de la \u00faltima \u00e9poca de Picasso en el palacio de los Papas de Avi\u00f1\u00f3n, que fueron recuperados en octubre de ese a\u00f1o por la polic\u00eda.<\/p>\n\n\n\n<p class=\"wp-block-paragraph\">1977.- Inauguraci\u00f3n en Par\u00eds del Centro Nacional de Arte y Cultura Georges Pompidou, conocido popularmente como Centro Pompidou.<\/p>\n\n\n\n<p class=\"wp-block-paragraph\">1980.- Mueren 37 personas en el asalto e incendio de la Embajada espa\u00f1ola en Guatemala por parte de las fuerzas de seguridad del pa\u00eds, entre ellos, dos espa\u00f1oles.<\/p>\n\n\n\n<p class=\"wp-block-paragraph\">1980.- La reina Juliana de Holanda anuncia su abdicaci\u00f3n en favor de su hija Beatriz, que se hizo efectiva el 30 de abril siguiente, cuando fue coronada Beatriz.<\/p>\n\n\n\n<p class=\"wp-block-paragraph\">1986.- La Vicar\u00eda de la Solidaridad de Chile, premio Pr\u00edncipe de Asturias de la Libertad.<\/p>\n\n\n\n<p class=\"wp-block-paragraph\">1992.- El presidente ruso, Boris Yeltsin, toma posesi\u00f3n del esca\u00f1o de la desaparecida URSS en el Consejo de Seguridad de la ONU.<\/p>\n\n\n\n<p class=\"wp-block-paragraph\">1992.- El Ej\u00e9rcito salvadore\u00f1o anuncia el fin de sus campa\u00f1as militares contra la guerrilla.<\/p>\n\n\n\n<p class=\"wp-block-paragraph\">1994.- Un incendio destruye el Gran Teatro del Liceo de Barcelona, construido en 1847.<\/p>\n\n\n\n<p class=\"wp-block-paragraph\">1994.- Inauguraci\u00f3n de la Bolsa de Valores de Managua.<\/p>\n\n\n\n<p class=\"wp-block-paragraph\">2005.- La UE aprueba la \u00absuspensi\u00f3n temporal\u00bb de todas las sanciones diplom\u00e1ticas vigentes contra Cuba desde junio de 2003.<\/p>\n\n\n\n<p class=\"wp-block-paragraph\">2006.- Nace el Mercado \u00danico del Caribe.<\/p>\n\n\n\n<p class=\"wp-block-paragraph\">2007.- La Asamblea Nacional de Venezuela aprueba poderes legislativos especiales para el presidente Ch\u00e1vez.<\/p>\n\n\n\n<p class=\"wp-block-paragraph\">2009.- Ra\u00fal Gonz\u00e1lez Blanco, \u00abRa\u00fal\u00bb, iguala a Alfredo Di Stefano como m\u00e1ximo goleador de la historia del Real Madrid. Ra\u00fal acab\u00f3 su trayectoria deportiva como segundo anotador del club blanco tras Cristiano Ronaldo.<\/p>\n\n\n\n<p class=\"wp-block-paragraph\">2013.- Una explosi\u00f3n de gas en la sede central de Petr\u00f3leos Mexicanos en Ciudad de M\u00e9xico causa 37 muertos<\/p>\n\n\n\n<p class=\"wp-block-paragraph\">2016.- El Gobierno de Israel aprueba una hist\u00f3rica iniciativa para que hombres y mujeres puedan rezar juntos en el Muro de las Lamentaciones en Jerusal\u00e9n.<\/p>\n\n\n\n<p class=\"wp-block-paragraph\">2020.- Reino Unido abandona definitivamente la UE (a las 11 de la noche hora local), tras 47 a\u00f1os de permanencia en el club europeo.<\/p>\n\n\n\n<p class=\"wp-block-paragraph\">2021.- La misi\u00f3n de la OMS que investiga en China el origen del coronavirus visitan el mercado de Wuhan en el que se detectaron los primeros contagios.<\/p>\n\n\n\n<p class=\"wp-block-paragraph\">2022- Las cadenas de televisi\u00f3n Televisa y Univision completan su proceso de fusi\u00f3n y se convierten en un gigante del sector de medios en espa\u00f1ol con una audiencia potencial de 100 millones de hispanohablantes.<\/p>\n\n\n\n<p class=\"wp-block-paragraph\"><strong>Nacimientos<\/strong><\/p>\n\n\n\n<p class=\"wp-block-paragraph\">1797.- Franz Peter Schubert, compositor austriaco.<\/p>\n\n\n\n<p class=\"wp-block-paragraph\">1820.- Concepci\u00f3n Arenal, escritora y penalista espa\u00f1ola.<\/p>\n\n\n\n<p class=\"wp-block-paragraph\">1872.- Zane Grey, escritor estadounidense de novelas del Oeste.<\/p>\n\n\n\n<p class=\"wp-block-paragraph\">1881.- Ana Paulova, bailarina rusa.<\/p>\n\n\n\n<p class=\"wp-block-paragraph\">1921.- Alfredo Cocozza Lanza, \u00abMario Lanza\u00bb, cantante y actor estadounidense.<\/p>\n\n\n\n<p class=\"wp-block-paragraph\">1923.- Norman Mailer, escritor y periodista estadounidense.<\/p>\n\n\n\n<p class=\"wp-block-paragraph\">1929.- Jean Simmons, actriz brit\u00e1nica.<\/p>\n\n\n\n<p class=\"wp-block-paragraph\">1935.- Kenzaburo Oe, escritor japon\u00e9s y Premio Nobel de literatura 1994.<\/p>\n\n\n\n<p class=\"wp-block-paragraph\">1937.- Luis del Olmo, periodista y empresario espa\u00f1ol.<\/p>\n\n\n\n<p class=\"wp-block-paragraph\">1938.- Beatriz de Orange-Nassau, reina de los Pa\u00edses Bajos.<\/p>\n\n\n\n<p class=\"wp-block-paragraph\">1939.- Lilian de Celis, cantante espa\u00f1ola.<\/p>\n\n\n\n<p class=\"wp-block-paragraph\">1946.- Juan Jos\u00e9 Millas, escritor espa\u00f1ol.<\/p>\n\n\n\n<p class=\"wp-block-paragraph\">1950.- Augusto Delkader, periodista espa\u00f1ol.<\/p>\n\n\n\n<p class=\"wp-block-paragraph\">1956.- John Lydon, \u00abJohnny Rotten\u00bb, vocalista de la banda brit\u00e1nica Sex Pistols.<\/p>\n\n\n\n<p class=\"wp-block-paragraph\">1958.- Manuel Doreste, deportista espa\u00f1ol, de vela.<\/p>\n\n\n\n<p class=\"wp-block-paragraph\">1970.- Amelia Driver (Minnie Driver), actriz brit\u00e1nica.<\/p>\n\n\n\n<p class=\"wp-block-paragraph\">1981.- Justin Timberlake, actor y cantante estadounidense.<\/p>\n\n\n\n<p class=\"wp-block-paragraph\"><strong>Defunciones<\/strong><\/p>\n\n\n\n<p class=\"wp-block-paragraph\">1944.- Jean Giraudoux, dramaturgo franc\u00e9s.<\/p>\n\n\n\n<p class=\"wp-block-paragraph\">1984.- Ricardo Garc\u00eda L\u00f3pez, \u00abK-Ito\u00bb, humorista y periodista espa\u00f1ol.<\/p>\n\n\n\n<p class=\"wp-block-paragraph\">1987.- Yves Allegret, director franc\u00e9s de cine.<\/p>\n\n\n\n<p class=\"wp-block-paragraph\">2007.- Francisco Rallo, escultor espa\u00f1ol.<\/p>\n\n\n\n<p class=\"wp-block-paragraph\">2008.- Volodia Teitelboim Volosky, escritor y pol\u00edtico chileno.<\/p>\n\n\n\n<p class=\"wp-block-paragraph\">2010.- Tom\u00e1s Eloy Mart\u00ednez, escritor y periodista argentino.<\/p>\n\n\n\n<p class=\"wp-block-paragraph\">2012.- Juan Carlos Gen\u00e9, actor y dramaturgo argentino.<\/p>\n\n\n\n<p class=\"wp-block-paragraph\">2013.- Rafael Gonz\u00e1lez Rodriguez, periodista espa\u00f1ol.<\/p>\n\n\n\n<p class=\"wp-block-paragraph\">2015.- Richard von Weizs\u00e4cker, primer presidente de la Alemania reunificada.<\/p>\n\n\n\n<p class=\"wp-block-paragraph\">2016.- Francisco Flores, pol\u00edtico salvadore\u00f1o.<\/p>\n\n\n\n<p class=\"wp-block-paragraph\">2017.- Rob Stewart, cineasta canadiense.<\/p>\n\n\n\n<p class=\"wp-block-paragraph\">2018.- Ha\u00edm Guri, poeta, novelista, periodista y cineasta israel\u00ed.<\/p>\n\n\n\n<p class=\"wp-block-paragraph\">2018.- Rasual Butler, cantante estadounidense y exjugador de la NBA.<\/p>\n\n\n\n<p class=\"wp-block-paragraph\">2020.- Mary Higgins Clark, escritora estadounidense.<\/p>\n\n\n\n<p class=\"wp-block-paragraph\">2021.- Alejandro G\u00f3mez, atleta espa\u00f1ol.<\/p>\n","protected":false},"excerpt":{"rendered":"<p>Un d\u00eda 31 de enero, pero de 1990, la cadena de comida r\u00e1pida estadounidense McDonald\u2019s abre en el centro de la ciudad de Mosc\u00fa su primer establecimiento en Rusia. Otras efem\u00e9rides 1606.- Ejecutado en Londres Guy Fawkes, acusado de conspirar contra el rey Jaime I en el conocido como \u00abComplot de la P\u00f3lvora\u00bb (Gunpowder Plot). [&hellip;]<\/p>\n","protected":false},"author":6,"featured_media":77715,"comment_status":"closed","ping_status":"closed","sticky":false,"template":"","format":"standard","meta":{"_acf_changed":false,"_monsterinsights_skip_tracking":false,"slim_seo":{"title":"Efem\u00e9rides 31 de enero | Un d\u00eda como hoy en la historia... - Opini\u00f3n P\u00fablica","description":"Un d\u00eda 31 de enero, pero de 1990, la cadena de comida r\u00e1pida estadounidense McDonald\u2019s abre en el centro de la ciudad de Mosc\u00fa su primer establecimiento en Rusi"},"footnotes":""},"categories":[27],"tags":[2104,2105,59],"class_list":["post-77714","post","type-post","status-publish","format-standard","has-post-thumbnail","hentry","category-un-dia-como-hoy","tag-efemerides-31-de-enero","tag-mcdonalds-en-moscu","tag-un-dia-como-hoy"],"acf":[],"_links":{"self":[{"href":"https:\/\/www.opinionpublica.tv\/portada\/wp-json\/wp\/v2\/posts\/77714","targetHints":{"allow":["GET"]}}],"collection":[{"href":"https:\/\/www.opinionpublica.tv\/portada\/wp-json\/wp\/v2\/posts"}],"about":[{"href":"https:\/\/www.opinionpublica.tv\/portada\/wp-json\/wp\/v2\/types\/post"}],"author":[{"embeddable":true,"href":"https:\/\/www.opinionpublica.tv\/portada\/wp-json\/wp\/v2\/users\/6"}],"replies":[{"embeddable":true,"href":"https:\/\/www.opinionpublica.tv\/portada\/wp-json\/wp\/v2\/comments?post=77714"}],"version-history":[{"count":2,"href":"https:\/\/www.opinionpublica.tv\/portada\/wp-json\/wp\/v2\/posts\/77714\/revisions"}],"predecessor-version":[{"id":77717,"href":"https:\/\/www.opinionpublica.tv\/portada\/wp-json\/wp\/v2\/posts\/77714\/revisions\/77717"}],"wp:featuredmedia":[{"embeddable":true,"href":"https:\/\/www.opinionpublica.tv\/portada\/wp-json\/wp\/v2\/media\/77715"}],"wp:attachment":[{"href":"https:\/\/www.opinionpublica.tv\/portada\/wp-json\/wp\/v2\/media?parent=77714"}],"wp:term":[{"taxonomy":"category","embeddable":true,"href":"https:\/\/www.opinionpublica.tv\/portada\/wp-json\/wp\/v2\/categories?post=77714"},{"taxonomy":"post_tag","embeddable":true,"href":"https:\/\/www.opinionpublica.tv\/portada\/wp-json\/wp\/v2\/tags?post=77714"}],"curies":[{"name":"wp","href":"https:\/\/api.w.org\/{rel}","templated":true}]}}