{"id":77695,"date":"2026-01-30T00:01:00","date_gmt":"2026-01-30T07:01:00","guid":{"rendered":"https:\/\/www.opinionpublica.tv\/portada\/?p=77695"},"modified":"2026-01-29T20:13:20","modified_gmt":"2026-01-30T03:13:20","slug":"demencia-frontotemporal","status":"publish","type":"post","link":"https:\/\/www.opinionpublica.tv\/portada\/demencia-frontotemporal\/","title":{"rendered":"Demencia frontotemporal"},"content":{"rendered":"\n<h4 class=\"wp-block-heading\">Ra\u00fal Ruiz<\/h4>\n\n\n\n<p class=\"wp-block-paragraph\">___________________________<\/p>\n\n\n\n<p class=\"wp-block-paragraph\">\u00bfSabe usted de que se trata?<\/p>\n\n\n\n<p class=\"wp-block-paragraph\">La demencia frontotemporal (DFT) es un grupo de trastornos neurol\u00f3gicos poco comunes que da\u00f1an los l\u00f3bulos frontal y temporal del cerebro, afectando principalmente la personalidad, la conducta y el lenguaje.<\/p>\n\n\n\n<p class=\"wp-block-paragraph\">A diferencia del Alzheimer, suele aparecer en edades m\u00e1s tempranas (entre los 45 y 64 a\u00f1os) y provoca cambios marcados en el comportamiento y la comunicaci\u00f3n.<\/p>\n\n\n\n<p class=\"wp-block-paragraph\">Caracter\u00edsticas principales<\/p>\n\n\n\n<p class=\"wp-block-paragraph\">&#8211; \u00c1reas afectadas: l\u00f3bulos frontal y temporal del cerebro.<\/p>\n\n\n\n<p class=\"wp-block-paragraph\">&#8211; Proceso: atrofia progresiva (encogimiento de las neuronas en esas zonas).<\/p>\n\n\n\n<p class=\"wp-block-paragraph\">&#8211; Edad de inicio: m\u00e1s temprana que otras demencias (frecuente en adultos de mediana edad).<\/p>\n\n\n\n<p class=\"wp-block-paragraph\">&#8211; Progresi\u00f3n: los s\u00edntomas empeoran con el tiempo, aunque algunas personas pueden vivir m\u00e1s de 10 a\u00f1os tras el diagn\u00f3stico.<\/p>\n\n\n\n<p class=\"wp-block-paragraph\">S\u00edntomas comunes<\/p>\n\n\n\n<p class=\"wp-block-paragraph\">&#8211; Cambios de personalidad y conducta: comportamientos socialmente inapropiados, impulsividad, apat\u00eda o indiferencia emocional.<\/p>\n\n\n\n<p class=\"wp-block-paragraph\">&#8211; Lenguaje: dificultad para comunicarse, p\u00e9rdida de vocabulario, problemas para comprender o construir frases.<\/p>\n\n\n\n<p class=\"wp-block-paragraph\">&#8211; Funciones ejecutivas: problemas para planificar, organizar y tomar decisiones.<\/p>\n\n\n\n<p class=\"wp-block-paragraph\">&#8211; Otros s\u00edntomas: alteraciones emocionales, dificultades en el trabajo, problemas de movilidad en fases avanzadas.<\/p>\n\n\n\n<p class=\"wp-block-paragraph\">Riesgos y diagn\u00f3stico<\/p>\n\n\n\n<p class=\"wp-block-paragraph\">&#8211; Frecuente confusi\u00f3n con otras enfermedades: puede diagnosticarse err\u00f3neamente como depresi\u00f3n, trastorno psiqui\u00e1trico o Alzheimer.<\/p>\n\n\n\n<p class=\"wp-block-paragraph\">&#8211; Diagn\u00f3stico: se realiza mediante evaluaci\u00f3n cl\u00ednica, neuroimagen (resonancia magn\u00e9tica, tomograf\u00eda) y pruebas neuropsicol\u00f3gicas.<\/p>\n\n\n\n<p class=\"wp-block-paragraph\">&#8211; Pron\u00f3stico: no existe cura, pero terapias de apoyo y estrategias de cuidado ayudan a mejorar la calidad de vida.<\/p>\n\n\n\n<p class=\"wp-block-paragraph\">La demencia frontotemporal es una enfermedad progresiva que afecta la conducta y el lenguaje debido a la atrofia de los l\u00f3bulos frontal y temporal.<\/p>\n\n\n\n<p class=\"wp-block-paragraph\">Su inicio temprano y sus s\u00edntomas distintivos la diferencian de otras demencias como el Alzheimer.<\/p>\n\n\n\n<p class=\"wp-block-paragraph\">Todo esto lo traigo a cuentas, porque el m\u00e9dico y educador en salud p\u00fablica, H\u00e9ctor L. Frisbie ha expuesto en recientes participaciones en los espacios informativos Astillero y Sin Censura una sospecha cl\u00ednica de deterioro neurol\u00f3gico significativo en el presidente de Estados Unidos, Donald J. Trump, basada en observaci\u00f3n conductual prolongada, criterios neurol\u00f3gicos contempor\u00e1neos y an\u00e1lisis m\u00e9dico, sin que ello constituya un diagn\u00f3stico formal.<\/p>\n\n\n\n<p class=\"wp-block-paragraph\">Expone el m\u00e9dico sospecha de deterioro neurol\u00f3gico en Donald Trump.<\/p>\n\n\n\n<p class=\"wp-block-paragraph\">Plantea posible demencia frontotemporal y cuestiona su capacidad funcional.<\/p>\n\n\n\n<p class=\"wp-block-paragraph\">Esta informaci\u00f3n la dimos a conocer tal cual en nuestro informativo, LOS ANALISTAS, de ADN, el pasado mi\u00e9rcoles 28 de enero.<\/p>\n\n\n\n<p class=\"wp-block-paragraph\">Frisbie asegura que su an\u00e1lisis se inscribe en un marco metodol\u00f3gico claro, al precisar que no ha evaluado cl\u00ednicamente al mandatario, pero que la medicina actual permite formular sospechas diagn\u00f3sticas a partir de la observaci\u00f3n sistem\u00e1tica de la conducta p\u00fablica, algo que \u2014se\u00f1ala\u2014 no era viable cuando surgi\u00f3 la llamada Regla Goldwater, que tradicionalmente limitaba este tipo de evaluaciones p\u00fablicas.<\/p>\n\n\n\n<p class=\"wp-block-paragraph\">De acuerdo con el m\u00e9dico, el conjunto de signos observados no apunta principalmente a Alzheimer, sino a un cuadro compatible con demencia frontotemporal, una enfermedad neurodegenerativa que afecta los l\u00f3bulos frontal y temporal del cerebro, responsables del control ejecutivo, la inhibici\u00f3n social, el lenguaje, el juicio y la regulaci\u00f3n de la conducta.<\/p>\n\n\n\n<p class=\"wp-block-paragraph\">En sus exposiciones, Frisbie ha descrito cambios progresivos en tres \u00e1reas clave: cognitiva, conductual y motora, cuya coexistencia refuerza la sospecha de un proceso neurodegenerativo.<\/p>\n\n\n\n<p class=\"wp-block-paragraph\">Entre los elementos se\u00f1alados se encuentran desinhibici\u00f3n conductual, p\u00e9rdida del filtro social, respuestas agresivas e impulsivas, as\u00ed como deterioro del control ejecutivo, lo que se reflejar\u00eda en la dificultad para seguir protocolos b\u00e1sicos y mantener conductas acordes a contextos institucionales.<\/p>\n\n\n\n<p class=\"wp-block-paragraph\">El especialista ha hecho \u00e9nfasis en el fen\u00f3meno de la confabulaci\u00f3n, al que identifica como uno de los signos neurol\u00f3gicos m\u00e1s relevantes.<\/p>\n\n\n\n<p class=\"wp-block-paragraph\">Seg\u00fan explic\u00f3, este consiste en la construcci\u00f3n de narrativas falsas que el paciente cree plenamente verdaderas, lo que no implica mentira consciente, sino una alteraci\u00f3n neurol\u00f3gica, y que se manifestar\u00eda en afirmaciones sobre hechos, logros o situaciones inexistentes.<\/p>\n\n\n\n<p class=\"wp-block-paragraph\">Frisbie tambi\u00e9n ha se\u00f1alado alteraciones del lenguaje, como frases desorganizadas, uso incorrecto de verbos, invenci\u00f3n de palabras y discursos tangenciales, lo que identifica como afasia, un trastorno neurol\u00f3gico del lenguaje.<\/p>\n\n\n\n<p class=\"wp-block-paragraph\">A ello suma fluctuaciones marcadas del estado mental, con periodos de apat\u00eda profunda alternados con episodios de excitaci\u00f3n e impulsividad, un patr\u00f3n que, sostiene, es m\u00e1s consistente con demencia frontotemporal que con Alzheimer.<\/p>\n\n\n\n<p class=\"wp-block-paragraph\">Otro aspecto abordado es la presencia de trastornos del sue\u00f1o, particularmente el fen\u00f3meno conocido como sundowning, con un empeoramiento del estado cognitivo y conductual por la tarde-noche, despertares nocturnos tempranos y actividad err\u00e1tica en ese horario, lo que explicar\u00eda la reducci\u00f3n de apariciones p\u00fablicas vespertinas.<\/p>\n\n\n\n<p class=\"wp-block-paragraph\">El an\u00e1lisis incluye adem\u00e1s signos motores, como postura inclinada, dificultades de equilibrio y problemas bulbares al hablar, que, de acuerdo con Frisbie, ser\u00edan indicativos de atrofia cerebral progresiva.<\/p>\n\n\n\n<p class=\"wp-block-paragraph\">Aunque no existen im\u00e1genes p\u00fablicas de resonancia magn\u00e9tica, el m\u00e9dico explic\u00f3 que este tipo de demencia suele mostrar atrofia severa del l\u00f3bulo frontal y reducci\u00f3n del volumen cerebral anterior.<\/p>\n\n\n\n<p class=\"wp-block-paragraph\">En cuanto a la evoluci\u00f3n, Frisbie ha se\u00f1alado que el deterioro no ser\u00eda reciente, sino que habr\u00eda iniciado hace alrededor de una d\u00e9cada, con una aceleraci\u00f3n geom\u00e9trica en los \u00faltimos a\u00f1os.<\/p>\n\n\n\n<p class=\"wp-block-paragraph\">Bajo esa premisa, ha ajustado de manera reiterada sus estimaciones sobre la capacidad funcional futura del mandatario.<\/p>\n\n\n\n<p class=\"wp-block-paragraph\">El m\u00e9dico ha diferenciado este proceso de un narcisismo patol\u00f3gico previo, que, afirma, Trump ha presentado durante d\u00e9cadas, pero que ahora estar\u00eda superpuesto y amplificado por la enfermedad neurol\u00f3gica, generando conductas cada vez m\u00e1s err\u00e1ticas.<\/p>\n\n\n\n<p class=\"wp-block-paragraph\">Las exposiciones de Frisbie han generado debate al plantear interrogantes sobre la funcionalidad actual del presidente, insistiendo en que sus se\u00f1alamientos se basan en criterios m\u00e9dicos y observacionales, sin emitir juicios pol\u00edticos ni diagn\u00f3sticos formales, y enmarcando el an\u00e1lisis como una reflexi\u00f3n cl\u00ednica sobre un personaje con impacto global.<\/p>\n\n\n\n<p class=\"wp-block-paragraph\">Con informaci\u00f3n de Astillero y Sin Censura; y con redacci\u00f3n de&nbsp; Arturo Hern\u00e1ndez, de ADN, adiario.mx, les traigo la informaci\u00f3n completa.<\/p>\n\n\n\n<p class=\"wp-block-paragraph\">Como colof\u00f3n, el pron\u00f3stico m\u00e9dico del especialista indica que es tan grave y avanzada ya su enfermedad, que en cosa de tres a cuatro meses se observar\u00e1n severos rasgos de discapacidad que lo obligar\u00edan a abandonar el cargo.<\/p>\n\n\n\n<p class=\"wp-block-paragraph\">Mientras esto sucede&#8230; el candente tel\u00e9fono rojo entre los dos mandatarios, arrulla en conversaciones caballerosas y enternecedoras.<\/p>\n\n\n\n<p class=\"wp-block-paragraph\">Trump se\u00f1al\u00f3 que durante el di\u00e1logo se abordaron temas clave de la agenda bilateral, entre ellos la situaci\u00f3n en la frontera com\u00fan, el combate al narcotr\u00e1fico y asuntos relacionados con el comercio entre ambas naciones.<\/p>\n\n\n\n<p class=\"wp-block-paragraph\">En su mensaje, Trump tambi\u00e9n elogi\u00f3 a la presidenta mexicana, a quien describi\u00f3 como una l\u00edder \u201cmaravillosa e inteligente\u201d, por lo que los mexicanos \u201cdeber\u00edan estar muy contentos\u201d.<\/p>\n\n\n\n<p class=\"wp-block-paragraph\">El presidente de Estados Unidos destac\u00f3 la inteligencia y conducci\u00f3n de la mandataria mexicana tras conversaci\u00f3n sobre frontera, comercio y narcotr\u00e1fico.<\/p>\n\n\n\n<p class=\"wp-block-paragraph\">Y reconoci\u00f3 p\u00fablicamente el liderazgo de la presidenta Claudia Sheinbaum Pardo, luego de sostener una conversaci\u00f3n telef\u00f3nica que calific\u00f3 como productiva y positiva para ambos pa\u00edses.<\/p>\n\n\n\n<p class=\"wp-block-paragraph\">El mandatario estadounidense inform\u00f3 que el di\u00e1logo abord\u00f3 temas clave de la agenda bilateral, entre ellos la frontera, el combate al narcotr\u00e1fico y el comercio, y adelant\u00f3 que los equipos de ambos gobiernos continuar\u00e1n trabajando de manera conjunta, con la previsi\u00f3n de nuevos encuentros en el corto plazo.<\/p>\n\n\n\n<p class=\"wp-block-paragraph\">\u201cTuve una conversaci\u00f3n telef\u00f3nica muy productiva con la Presidenta de M\u00e9xico, Claudia Sheinbaum. Fue muy positiva para ambos pa\u00edses. Gran parte de la conversaci\u00f3n se centr\u00f3 en la frontera, la lucha contra el narcotr\u00e1fico y el comercio. Pronto volveremos a hablar y, en \u00faltima instancia, programaremos reuniones en nuestros respectivos pa\u00edses.<\/p>\n\n\n\n<p class=\"wp-block-paragraph\">M\u00e9xico tiene una l\u00edder maravillosa e inteligente. \u00a1Deber\u00edan estar muy contentos por ello!<\/p>\n\n\n\n<p class=\"wp-block-paragraph\">Por su parte, Sheinbaum&#8230;<\/p>\n\n\n\n<p class=\"wp-block-paragraph\">\u00abSostuvimos una productiva y cordial conversaci\u00f3n con el presidente de Estados Unidos, Donald Trump.<\/p>\n\n\n\n<p class=\"wp-block-paragraph\">Seguimos avanzando en temas comerciales, y en la relaci\u00f3n bilateral convenimos que ambos equipos seguir\u00e1n trabajando conjuntamente.<\/p>\n\n\n\n<p class=\"wp-block-paragraph\">Tambi\u00e9n tuve el gusto de saludar a su esposa Melania a quien conoc\u00ed durante mi reciente visita a Washington\u00bb. Coment\u00f3 la presidenta, Sheinbaum.<\/p>\n\n\n\n<p class=\"wp-block-paragraph\">Awwww.<\/p>\n\n\n\n<p class=\"wp-block-paragraph\">Mientras tanto, los enemigos de la 4T, urdiendo nuevas intrigas.<\/p>\n","protected":false},"excerpt":{"rendered":"<p>Ra\u00fal Ruiz ___________________________ \u00bfSabe usted de que se trata? La demencia frontotemporal (DFT) es un grupo de trastornos neurol\u00f3gicos poco comunes que da\u00f1an los l\u00f3bulos frontal y temporal del cerebro, afectando principalmente la personalidad, la conducta y el lenguaje. A diferencia del Alzheimer, suele aparecer en edades m\u00e1s tempranas (entre los 45 y 64 a\u00f1os) [&hellip;]<\/p>\n","protected":false},"author":6,"featured_media":43347,"comment_status":"closed","ping_status":"closed","sticky":false,"template":"","format":"standard","meta":{"_acf_changed":false,"_monsterinsights_skip_tracking":false,"slim_seo":{"title":"Demencia frontotemporal - Opini\u00f3n P\u00fablica","description":"Ra\u00fal Ruiz ___________________________ \u00bfSabe usted de que se trata? La demencia frontotemporal (DFT) es un grupo de trastornos neurol\u00f3gicos poco comunes que da\u00f1a"},"footnotes":""},"categories":[21],"tags":[593,789],"class_list":["post-77695","post","type-post","status-publish","format-standard","has-post-thumbnail","hentry","category-cartapacio","tag-cartapacio","tag-raul-ruiz"],"acf":[],"_links":{"self":[{"href":"https:\/\/www.opinionpublica.tv\/portada\/wp-json\/wp\/v2\/posts\/77695","targetHints":{"allow":["GET"]}}],"collection":[{"href":"https:\/\/www.opinionpublica.tv\/portada\/wp-json\/wp\/v2\/posts"}],"about":[{"href":"https:\/\/www.opinionpublica.tv\/portada\/wp-json\/wp\/v2\/types\/post"}],"author":[{"embeddable":true,"href":"https:\/\/www.opinionpublica.tv\/portada\/wp-json\/wp\/v2\/users\/6"}],"replies":[{"embeddable":true,"href":"https:\/\/www.opinionpublica.tv\/portada\/wp-json\/wp\/v2\/comments?post=77695"}],"version-history":[{"count":3,"href":"https:\/\/www.opinionpublica.tv\/portada\/wp-json\/wp\/v2\/posts\/77695\/revisions"}],"predecessor-version":[{"id":77699,"href":"https:\/\/www.opinionpublica.tv\/portada\/wp-json\/wp\/v2\/posts\/77695\/revisions\/77699"}],"wp:featuredmedia":[{"embeddable":true,"href":"https:\/\/www.opinionpublica.tv\/portada\/wp-json\/wp\/v2\/media\/43347"}],"wp:attachment":[{"href":"https:\/\/www.opinionpublica.tv\/portada\/wp-json\/wp\/v2\/media?parent=77695"}],"wp:term":[{"taxonomy":"category","embeddable":true,"href":"https:\/\/www.opinionpublica.tv\/portada\/wp-json\/wp\/v2\/categories?post=77695"},{"taxonomy":"post_tag","embeddable":true,"href":"https:\/\/www.opinionpublica.tv\/portada\/wp-json\/wp\/v2\/tags?post=77695"}],"curies":[{"name":"wp","href":"https:\/\/api.w.org\/{rel}","templated":true}]}}