{"id":77688,"date":"2026-01-30T00:01:00","date_gmt":"2026-01-30T07:01:00","guid":{"rendered":"https:\/\/www.opinionpublica.tv\/portada\/?p=77688"},"modified":"2026-01-29T19:56:22","modified_gmt":"2026-01-30T02:56:22","slug":"continuo-municipio-con-operativo-de-reordenamiento-urbano-frente-a-clinica-35-del-imss","status":"publish","type":"post","link":"https:\/\/www.opinionpublica.tv\/portada\/continuo-municipio-con-operativo-de-reordenamiento-urbano-frente-a-clinica-35-del-imss\/","title":{"rendered":"Continu\u00f3 Municipio con el operativo de reordenamiento urbano frente a la Cl\u00ednica 35"},"content":{"rendered":"\n<figure class=\"wp-block-image size-large\"><img fetchpriority=\"high\" decoding=\"async\" width=\"1024\" height=\"682\" src=\"https:\/\/www.opinionpublica.tv\/portada\/wp-content\/uploads\/2026\/01\/Continuo-Municipio-con-el-operativo-de-reordenamiento-urbano-frente-a-clinica-35-1024x682.jpeg\" alt=\"Continuo\u0301 municipio con el operativo de reordenamiento urbano frente a cli\u0301nica 35\" class=\"wp-image-77691\" srcset=\"https:\/\/www.opinionpublica.tv\/portada\/wp-content\/uploads\/2026\/01\/Continuo-Municipio-con-el-operativo-de-reordenamiento-urbano-frente-a-clinica-35-1024x682.jpeg 1024w, https:\/\/www.opinionpublica.tv\/portada\/wp-content\/uploads\/2026\/01\/Continuo-Municipio-con-el-operativo-de-reordenamiento-urbano-frente-a-clinica-35-300x200.jpeg 300w, https:\/\/www.opinionpublica.tv\/portada\/wp-content\/uploads\/2026\/01\/Continuo-Municipio-con-el-operativo-de-reordenamiento-urbano-frente-a-clinica-35-768x512.jpeg 768w, https:\/\/www.opinionpublica.tv\/portada\/wp-content\/uploads\/2026\/01\/Continuo-Municipio-con-el-operativo-de-reordenamiento-urbano-frente-a-clinica-35-1536x1023.jpeg 1536w, https:\/\/www.opinionpublica.tv\/portada\/wp-content\/uploads\/2026\/01\/Continuo-Municipio-con-el-operativo-de-reordenamiento-urbano-frente-a-clinica-35.jpeg 1600w\" sizes=\"(max-width: 1024px) 100vw, 1024px\" \/><\/figure>\n\n\n\n<p class=\"wp-block-paragraph\"><em>Ciudad Ju\u00e1rez, Chih<\/em>.- Las distintas dependencias municipales que participan en los operativos de Reordenamiento Urbano, continuan con la liberaci\u00f3n del espacio p\u00fablico en el cruce de la calle Benem\u00e9rito de las Am\u00e9ricas y Valent\u00edn Fuentes, frente a la cl\u00ednica 35 del IMSS.<\/p>\n\n\n\n<p class=\"wp-block-paragraph\">Las acciones consistieron en retirar varios puestos de l\u00e1mina que estaban sobre la v\u00eda p\u00fablica y cuyos propietarios fueron notificados ayer a fin de que desmontaran las estructuras de forma voluntaria, dio a conocer Gibram Sol\u00eds Kanahan, director de Limpia.<\/p>\n\n\n\n<p class=\"wp-block-paragraph\">El funcionario agradeci\u00f3 a quienes atendieron la notificaci\u00f3n y comenzaron a desinstalar sus puestos desde el mi\u00e9rcoles, ya que las infraestructuras podr\u00e1n ser reutilizadas en otros espacios donde sus actividades est\u00e9n permitidas.<\/p>\n\n\n\n<p class=\"wp-block-paragraph\">En los casos restantes, las cuadrilla de la Direcci\u00f3n de Limpia llevaron a cabo el retiro de estructuras e instalaciones colocadas sobre el camell\u00f3n central.<\/p>\n\n\n\n<p class=\"wp-block-paragraph\">Durante las labores se detectaron diversas problem\u00e1ticas en la zona, como banquetas en mal estado, presencia de aceites derramados y acumulaci\u00f3n de residuos org\u00e1nicos en descomposici\u00f3n.<\/p>\n\n\n\n<p class=\"wp-block-paragraph\">Sol\u00eds Kanahan se\u00f1al\u00f3 que adem\u00e1s de recuperar el espacio p\u00fablico, estas acciones contribuyen a mejorar las condiciones de higiene y seguridad del sector y estim\u00f3 que el retiro de estructuras superficiales quedar\u00eda concluido en un lapso de tres a cuatro horas, aunque podr\u00eda quedar pendiente la demolici\u00f3n de algunas partes de banquetas en el camell\u00f3n central, debido a la complejidad de esos trabajos.<\/p>\n\n\n\n<p class=\"wp-block-paragraph\">El funcionario dijo que varios de los puestos ya se encontraban abandonados o en malas condiciones, mientras que otros eran utilizados de manera irregular, incluso mediante la renta del espacio p\u00fablico, por lo que exhort\u00f3 a las personas interesadas en emprender un negocio a acercarse previamente a las dependencias municipales correspondientes, como Desarrollo Urbano y Regulaci\u00f3n Comercial, para verificar que el lugar elegido sea apto para la actividad.<\/p>\n\n\n\n<p class=\"wp-block-paragraph\">Mencion\u00f3 que la sanci\u00f3n aplicada por el retiro de residuos e infraestructura de \u00e1reas p\u00fablicas es de 100 UMAS.<\/p>\n\n\n\n<p class=\"wp-block-paragraph\">El director de Limpia destac\u00f3 que el objetivo de estos operativos son la recuperaci\u00f3n total del espacio p\u00fablico y mantener el orden urbano en beneficio de la comunidad.<\/p>\n\n\n\n<p class=\"wp-block-paragraph\">En el operativo participaron la Direcci\u00f3n General de Protecci\u00f3n Civil, Secretar\u00eda de Seguridad P\u00fablica, Coordinaci\u00f3n General de Seguridad Vial, Direcci\u00f3n General de Desarrollo Urbano, Regulaci\u00f3n Comercial y Direcci\u00f3n General de Servicios P\u00fablicos, a trav\u00e9s de la Direcci\u00f3n de Limpia.<\/p>\n\n\n\n<p class=\"wp-block-paragraph\">Un vecino del sector, con m\u00e1s de 50 a\u00f1os viviendo ah\u00ed, se\u00f1al\u00f3 que los operativos son necesarios, ya que los camellones y andadores son espacios p\u00fablicos que no deben usarse para comercio.<\/p>\n\n\n\n<p class=\"wp-block-paragraph\">Indic\u00f3 que estas \u00e1reas llevaban d\u00e9cadas ocupadas de manera ilegal y consider\u00f3 que su recuperaci\u00f3n beneficiar\u00e1 a las familias al devolver espacios para el paso y la convivencia.<\/p>\n","protected":false},"excerpt":{"rendered":"<p>Ciudad Ju\u00e1rez, Chih.- Las distintas dependencias municipales que participan en los operativos de Reordenamiento Urbano, continuan con la liberaci\u00f3n del espacio p\u00fablico en el cruce de la calle Benem\u00e9rito de las Am\u00e9ricas y Valent\u00edn Fuentes, frente a la cl\u00ednica 35 del IMSS. Las acciones consistieron en retirar varios puestos de l\u00e1mina que estaban sobre la [&hellip;]<\/p>\n","protected":false},"author":6,"featured_media":77691,"comment_status":"closed","ping_status":"closed","sticky":false,"template":"","format":"standard","meta":{"_acf_changed":false,"_monsterinsights_skip_tracking":false,"slim_seo":{"title":"Continu\u00f3 Municipio con el operativo de reordenamiento urbano frente a la Cl\u00ednica 35 - Opini\u00f3n P\u00fablica","description":"Ciudad Ju\u00e1rez, Chih .- Las distintas dependencias municipales que participan en los operativos de Reordenamiento Urbano, continuan con la liberaci\u00f3n del espacio"},"footnotes":""},"categories":[41],"tags":[608,492,1827],"class_list":["post-77688","post","type-post","status-publish","format-standard","has-post-thumbnail","hentry","category-juarez","tag-ciudad-juarez","tag-imss","tag-reordenamiento-urbano"],"acf":[],"_links":{"self":[{"href":"https:\/\/www.opinionpublica.tv\/portada\/wp-json\/wp\/v2\/posts\/77688","targetHints":{"allow":["GET"]}}],"collection":[{"href":"https:\/\/www.opinionpublica.tv\/portada\/wp-json\/wp\/v2\/posts"}],"about":[{"href":"https:\/\/www.opinionpublica.tv\/portada\/wp-json\/wp\/v2\/types\/post"}],"author":[{"embeddable":true,"href":"https:\/\/www.opinionpublica.tv\/portada\/wp-json\/wp\/v2\/users\/6"}],"replies":[{"embeddable":true,"href":"https:\/\/www.opinionpublica.tv\/portada\/wp-json\/wp\/v2\/comments?post=77688"}],"version-history":[{"count":3,"href":"https:\/\/www.opinionpublica.tv\/portada\/wp-json\/wp\/v2\/posts\/77688\/revisions"}],"predecessor-version":[{"id":77694,"href":"https:\/\/www.opinionpublica.tv\/portada\/wp-json\/wp\/v2\/posts\/77688\/revisions\/77694"}],"wp:featuredmedia":[{"embeddable":true,"href":"https:\/\/www.opinionpublica.tv\/portada\/wp-json\/wp\/v2\/media\/77691"}],"wp:attachment":[{"href":"https:\/\/www.opinionpublica.tv\/portada\/wp-json\/wp\/v2\/media?parent=77688"}],"wp:term":[{"taxonomy":"category","embeddable":true,"href":"https:\/\/www.opinionpublica.tv\/portada\/wp-json\/wp\/v2\/categories?post=77688"},{"taxonomy":"post_tag","embeddable":true,"href":"https:\/\/www.opinionpublica.tv\/portada\/wp-json\/wp\/v2\/tags?post=77688"}],"curies":[{"name":"wp","href":"https:\/\/api.w.org\/{rel}","templated":true}]}}