{"id":77677,"date":"2026-01-30T00:01:00","date_gmt":"2026-01-30T07:01:00","guid":{"rendered":"https:\/\/www.opinionpublica.tv\/portada\/?p=77677"},"modified":"2026-01-29T19:35:57","modified_gmt":"2026-01-30T02:35:57","slug":"presenta-secretaria-de-hacienda-descuentos-en-revalidacion-vehicular-2026","status":"publish","type":"post","link":"https:\/\/www.opinionpublica.tv\/portada\/presenta-secretaria-de-hacienda-descuentos-en-revalidacion-vehicular-2026\/","title":{"rendered":"Presenta la Secretar\u00eda de Hacienda descuentos en Revalidaci\u00f3n Vehicular 2026"},"content":{"rendered":"\n<figure class=\"wp-block-image size-large\"><img fetchpriority=\"high\" decoding=\"async\" width=\"1024\" height=\"575\" src=\"https:\/\/www.opinionpublica.tv\/portada\/wp-content\/uploads\/2026\/01\/Presenta-la-Secretaria-de-Hacienda-descuentos-en-Revalidacion-Vehicular-2026-1024x575.jpeg\" alt=\"Presenta la secretari\u0301a de hacienda descuentos en revalidacio\u0301n vehicular 2026\" class=\"wp-image-77679\" srcset=\"https:\/\/www.opinionpublica.tv\/portada\/wp-content\/uploads\/2026\/01\/Presenta-la-Secretaria-de-Hacienda-descuentos-en-Revalidacion-Vehicular-2026-1024x575.jpeg 1024w, https:\/\/www.opinionpublica.tv\/portada\/wp-content\/uploads\/2026\/01\/Presenta-la-Secretaria-de-Hacienda-descuentos-en-Revalidacion-Vehicular-2026-300x169.jpeg 300w, https:\/\/www.opinionpublica.tv\/portada\/wp-content\/uploads\/2026\/01\/Presenta-la-Secretaria-de-Hacienda-descuentos-en-Revalidacion-Vehicular-2026-768x432.jpeg 768w, https:\/\/www.opinionpublica.tv\/portada\/wp-content\/uploads\/2026\/01\/Presenta-la-Secretaria-de-Hacienda-descuentos-en-Revalidacion-Vehicular-2026-1536x863.jpeg 1536w, https:\/\/www.opinionpublica.tv\/portada\/wp-content\/uploads\/2026\/01\/Presenta-la-Secretaria-de-Hacienda-descuentos-en-Revalidacion-Vehicular-2026.jpeg 1600w\" sizes=\"(max-width: 1024px) 100vw, 1024px\" \/><\/figure>\n\n\n\n<p class=\"wp-block-paragraph\"><em>Chihuahua, Chih<\/em>.- La Secretar\u00eda de Hacienda del Gobierno del Estado present\u00f3 la campa\u00f1a Revalidaci\u00f3n Vehicular 2026, la cual ofrece descuentos por pronto pago durante los meses de febrero, marzo y abril.<\/p>\n\n\n\n<p class=\"wp-block-paragraph\">El titular de la dependencia, Jos\u00e9 de Jes\u00fas Granillo, explic\u00f3 que el tr\u00e1mite se mantiene en el mismo n\u00famero de UMAs, cuyo valor diario es de 117.31 pesos, y explic\u00f3 que el cobro incluye la expedici\u00f3n de la tarjeta de circulaci\u00f3n, la contribuci\u00f3n a la Cruz Roja y el Impuesto Universitario.<\/p>\n\n\n\n<p class=\"wp-block-paragraph\">El costo de la revalidaci\u00f3n en febrero queda de la siguiente forma de acuerdo al modelo de los veh\u00edculos:<\/p>\n\n\n\n<p class=\"wp-block-paragraph\">-2021 al 2027, 2 mil 325<\/p>\n\n\n\n<p class=\"wp-block-paragraph\">-2016 al 2020, 2 mil 272<\/p>\n\n\n\n<p class=\"wp-block-paragraph\">-2011 al 2015, 2 mil 068<\/p>\n\n\n\n<p class=\"wp-block-paragraph\">-2006 al 2010, mil 915<\/p>\n\n\n\n<p class=\"wp-block-paragraph\">-2001 al 2005, mil 762<\/p>\n\n\n\n<p class=\"wp-block-paragraph\">-1996 al 2000, mil 660<\/p>\n\n\n\n<p class=\"wp-block-paragraph\">-1995 y anteriores, mil 507<\/p>\n\n\n\n<p class=\"wp-block-paragraph\">El costo en el mes de marzo ser\u00e1:<\/p>\n\n\n\n<p class=\"wp-block-paragraph\">-2021 al 2027, 2 mil 427<\/p>\n\n\n\n<p class=\"wp-block-paragraph\">-2016 al 2020, 2 mil 374<\/p>\n\n\n\n<p class=\"wp-block-paragraph\">-2011 al 2015, 2 mil 170<\/p>\n\n\n\n<p class=\"wp-block-paragraph\">-2006 al 2010, 2 mil 017<\/p>\n\n\n\n<p class=\"wp-block-paragraph\">-2001 al 2005, mil 864<\/p>\n\n\n\n<p class=\"wp-block-paragraph\">-1996 al 2000, mil 762<\/p>\n\n\n\n<p class=\"wp-block-paragraph\">-1995 y anteriores, mil 558<\/p>\n\n\n\n<p class=\"wp-block-paragraph\">El total de la revalidaci\u00f3n en abril queda de la siguiente manera:<\/p>\n\n\n\n<p class=\"wp-block-paragraph\">-2021 al 2027, 2 mil 529<\/p>\n\n\n\n<p class=\"wp-block-paragraph\">-2016 al 2020, 2 mil 476<\/p>\n\n\n\n<p class=\"wp-block-paragraph\">-2011 al 2015, 2 mil 272<\/p>\n\n\n\n<p class=\"wp-block-paragraph\">-2006 al 2010, 2 mil 119<\/p>\n\n\n\n<p class=\"wp-block-paragraph\">-2001 al 2005, mil 966<\/p>\n\n\n\n<p class=\"wp-block-paragraph\">-1996 al 2000, mil 864<\/p>\n\n\n\n<p class=\"wp-block-paragraph\">-1995 anteriores, mil 609<\/p>\n\n\n\n<p class=\"wp-block-paragraph\">La Revalidaci\u00f3n Vehicular se puede pagar a trav\u00e9s de las Recaudaciones de Rentas en un horario de lunes a viernes de 8:00 de la ma\u00f1ana a 4:00 de la tarde, en Chihuahua y Ju\u00e1rez.<\/p>\n\n\n\n<p class=\"wp-block-paragraph\">En el resto de la entidad el horario es de 9:00 de la ma\u00f1ana a 3:00 de la tarde; adem\u00e1s, los s\u00e1bados se puede saldar en los m\u00f3dulos de Galer\u00edas Tec y Sendero en Ciudad Ju\u00e1rez, mientras que en la capital del estado en el m\u00f3dulo Mirador y Libra (Tr\u00e1nsito), de 9:00 a 2:00 de la tarde.<\/p>\n\n\n\n<p class=\"wp-block-paragraph\">Tambi\u00e9n es posible realizar la contribuci\u00f3n mediante un mensaje de WhatsApp al (614) 372 17 00, en los quioscos de pago o a trav\u00e9s de la p\u00e1gina Web: ipagos.gob.mx, en donde se puede generar la referencia para pagar en bancos, establecimientos de autoservicio o en las tiendas Oxxo con el n\u00famero de placa.<\/p>\n\n\n\n<p class=\"wp-block-paragraph\">Las personas con adeudos que al sumar la Revalidaci\u00f3n Vehicular 2026 superen los 10 mil pesos, pueden acercarse a cualquier m\u00f3dulo de Recaudaci\u00f3n de Rentas para con s\u00f3lo el 20 por ciento de su deuda total, realizar un convenio de pago que permita liquidar mes por mes.<\/p>\n\n\n\n<p class=\"wp-block-paragraph\">Adem\u00e1s, seguir\u00e1 vigente el programa preventivo de placas por 500 pesos, el cual &nbsp;contempla los casos en que se vendi\u00f3 un veh\u00edculo y no se realiz\u00f3 el cambio de propietario, o cuando el automotor ya no est\u00e1 en circulaci\u00f3n.<\/p>\n","protected":false},"excerpt":{"rendered":"<p>Chihuahua, Chih.- La Secretar\u00eda de Hacienda del Gobierno del Estado present\u00f3 la campa\u00f1a Revalidaci\u00f3n Vehicular 2026, la cual ofrece descuentos por pronto pago durante los meses de febrero, marzo y abril. El titular de la dependencia, Jos\u00e9 de Jes\u00fas Granillo, explic\u00f3 que el tr\u00e1mite se mantiene en el mismo n\u00famero de UMAs, cuyo valor diario [&hellip;]<\/p>\n","protected":false},"author":6,"featured_media":77679,"comment_status":"closed","ping_status":"closed","sticky":false,"template":"","format":"standard","meta":{"_acf_changed":false,"_monsterinsights_skip_tracking":false,"slim_seo":{"title":"Presenta la Secretar\u00eda de Hacienda descuentos en Revalidaci\u00f3n Vehicular 2026 - Opini\u00f3n P\u00fablica","description":"Chihuahua, Chih .- La Secretar\u00eda de Hacienda del Gobierno del Estado present\u00f3 la campa\u00f1a Revalidaci\u00f3n Vehicular 2026, la cual ofrece descuentos por pronto pago"},"footnotes":""},"categories":[11],"tags":[88,1354,917],"class_list":["post-77677","post","type-post","status-publish","format-standard","has-post-thumbnail","hentry","category-tendencias","tag-chihuahua","tag-descuentos","tag-revalidacion-vehicular"],"acf":[],"_links":{"self":[{"href":"https:\/\/www.opinionpublica.tv\/portada\/wp-json\/wp\/v2\/posts\/77677","targetHints":{"allow":["GET"]}}],"collection":[{"href":"https:\/\/www.opinionpublica.tv\/portada\/wp-json\/wp\/v2\/posts"}],"about":[{"href":"https:\/\/www.opinionpublica.tv\/portada\/wp-json\/wp\/v2\/types\/post"}],"author":[{"embeddable":true,"href":"https:\/\/www.opinionpublica.tv\/portada\/wp-json\/wp\/v2\/users\/6"}],"replies":[{"embeddable":true,"href":"https:\/\/www.opinionpublica.tv\/portada\/wp-json\/wp\/v2\/comments?post=77677"}],"version-history":[{"count":2,"href":"https:\/\/www.opinionpublica.tv\/portada\/wp-json\/wp\/v2\/posts\/77677\/revisions"}],"predecessor-version":[{"id":77680,"href":"https:\/\/www.opinionpublica.tv\/portada\/wp-json\/wp\/v2\/posts\/77677\/revisions\/77680"}],"wp:featuredmedia":[{"embeddable":true,"href":"https:\/\/www.opinionpublica.tv\/portada\/wp-json\/wp\/v2\/media\/77679"}],"wp:attachment":[{"href":"https:\/\/www.opinionpublica.tv\/portada\/wp-json\/wp\/v2\/media?parent=77677"}],"wp:term":[{"taxonomy":"category","embeddable":true,"href":"https:\/\/www.opinionpublica.tv\/portada\/wp-json\/wp\/v2\/categories?post=77677"},{"taxonomy":"post_tag","embeddable":true,"href":"https:\/\/www.opinionpublica.tv\/portada\/wp-json\/wp\/v2\/tags?post=77677"}],"curies":[{"name":"wp","href":"https:\/\/api.w.org\/{rel}","templated":true}]}}