{"id":77623,"date":"2026-01-29T00:01:00","date_gmt":"2026-01-29T07:01:00","guid":{"rendered":"https:\/\/www.opinionpublica.tv\/portada\/?p=77623"},"modified":"2026-01-28T20:30:00","modified_gmt":"2026-01-29T03:30:00","slug":"dialogan-autoridad-estatal-y-sector-empresarial-sobre-proyectos-estrategicos-en-juarez","status":"publish","type":"post","link":"https:\/\/www.opinionpublica.tv\/portada\/dialogan-autoridad-estatal-y-sector-empresarial-sobre-proyectos-estrategicos-en-juarez\/","title":{"rendered":"Dialogan autoridad estatal y empresarios sobre proyectos estrat\u00e9gicos en Ciudad Ju\u00e1rez"},"content":{"rendered":"\n<figure class=\"wp-block-image size-large\"><img fetchpriority=\"high\" decoding=\"async\" width=\"1024\" height=\"683\" src=\"https:\/\/www.opinionpublica.tv\/portada\/wp-content\/uploads\/2026\/01\/Dialogan-autoridad-estatal-y-empresarios-sobre-proyectos-estrategicos-en-Ciudad-Juarez-1024x683.jpeg\" alt=\"Dialogan autoridad estatal y empresarios sobre proyectos estrate\u0301gicos en ciudad jua\u0301rez\" class=\"wp-image-77628\" srcset=\"https:\/\/www.opinionpublica.tv\/portada\/wp-content\/uploads\/2026\/01\/Dialogan-autoridad-estatal-y-empresarios-sobre-proyectos-estrategicos-en-Ciudad-Juarez-1024x683.jpeg 1024w, https:\/\/www.opinionpublica.tv\/portada\/wp-content\/uploads\/2026\/01\/Dialogan-autoridad-estatal-y-empresarios-sobre-proyectos-estrategicos-en-Ciudad-Juarez-300x200.jpeg 300w, https:\/\/www.opinionpublica.tv\/portada\/wp-content\/uploads\/2026\/01\/Dialogan-autoridad-estatal-y-empresarios-sobre-proyectos-estrategicos-en-Ciudad-Juarez-768x512.jpeg 768w, https:\/\/www.opinionpublica.tv\/portada\/wp-content\/uploads\/2026\/01\/Dialogan-autoridad-estatal-y-empresarios-sobre-proyectos-estrategicos-en-Ciudad-Juarez.jpeg 1280w\" sizes=\"(max-width: 1024px) 100vw, 1024px\" \/><\/figure>\n\n\n\n<p class=\"wp-block-paragraph\"><em>Ciudad Ju\u00e1rez, Chih<\/em>.- En el marco de la sesi\u00f3n ordinaria del Consejo Coordinador Empresarial (CCE) de Ciudad Ju\u00e1rez, el Gobierno del Estado particip\u00f3 en una mesa de di\u00e1logo con representantes del sector productivo, en la que se analizaron proyectos prioritarios para la regi\u00f3n fronteriza.<\/p>\n\n\n\n<p class=\"wp-block-paragraph\">En el encuentro estuvieron presentes los secretarios de Innovaci\u00f3n y Desarrollo Econ\u00f3mico, Ulises Fern\u00e1ndez y de Hacienda, Jos\u00e9 de Jes\u00fas Granillo, quienes presentaron los criterios de jerarquizaci\u00f3n de los proyectos a impulsar, a partir del incremento al Impuesto Sobre N\u00f3mina.<\/p>\n\n\n\n<p class=\"wp-block-paragraph\">Los funcionarios expusieron los esquemas de cr\u00e9dito que est\u00e1n enfocados en fortalecer la competitividad, incentivar la inversi\u00f3n y detonar el desarrollo econ\u00f3mico en el estado, bajo una perspectiva estrat\u00e9gica y de largo plazo.<\/p>\n\n\n\n<p class=\"wp-block-paragraph\">Por su parte, representantes del CCE reiteraron la importancia de la colaboraci\u00f3n permanente entre el sector productivo y el Ejecutivo para asegurar un uso eficiente, transparente y con visi\u00f3n de futuro, de los recursos p\u00fablicos.<\/p>\n","protected":false},"excerpt":{"rendered":"<p>Ciudad Ju\u00e1rez, Chih.- En el marco de la sesi\u00f3n ordinaria del Consejo Coordinador Empresarial (CCE) de Ciudad Ju\u00e1rez, el Gobierno del Estado particip\u00f3 en una mesa de di\u00e1logo con representantes del sector productivo, en la que se analizaron proyectos prioritarios para la regi\u00f3n fronteriza. En el encuentro estuvieron presentes los secretarios de Innovaci\u00f3n y Desarrollo [&hellip;]<\/p>\n","protected":false},"author":6,"featured_media":77628,"comment_status":"closed","ping_status":"closed","sticky":false,"template":"","format":"standard","meta":{"_acf_changed":false,"_monsterinsights_skip_tracking":false,"slim_seo":{"title":"Dialogan autoridad estatal y empresarios sobre proyectos estrat\u00e9gicos en Ciudad Ju\u00e1rez - Opini\u00f3n P\u00fablica","description":"Ciudad Ju\u00e1rez, Chih .- En el marco de la sesi\u00f3n ordinaria del Consejo Coordinador Empresarial (CCE) de Ciudad Ju\u00e1rez, el Gobierno del Estado particip\u00f3 en una me"},"footnotes":""},"categories":[11],"tags":[608,1284,1277,1939],"class_list":["post-77623","post","type-post","status-publish","format-standard","has-post-thumbnail","hentry","category-tendencias","tag-ciudad-juarez","tag-consejo-coordinador-empresarial","tag-gobierno-del-estado","tag-inversiones"],"acf":[],"_links":{"self":[{"href":"https:\/\/www.opinionpublica.tv\/portada\/wp-json\/wp\/v2\/posts\/77623","targetHints":{"allow":["GET"]}}],"collection":[{"href":"https:\/\/www.opinionpublica.tv\/portada\/wp-json\/wp\/v2\/posts"}],"about":[{"href":"https:\/\/www.opinionpublica.tv\/portada\/wp-json\/wp\/v2\/types\/post"}],"author":[{"embeddable":true,"href":"https:\/\/www.opinionpublica.tv\/portada\/wp-json\/wp\/v2\/users\/6"}],"replies":[{"embeddable":true,"href":"https:\/\/www.opinionpublica.tv\/portada\/wp-json\/wp\/v2\/comments?post=77623"}],"version-history":[{"count":4,"href":"https:\/\/www.opinionpublica.tv\/portada\/wp-json\/wp\/v2\/posts\/77623\/revisions"}],"predecessor-version":[{"id":77629,"href":"https:\/\/www.opinionpublica.tv\/portada\/wp-json\/wp\/v2\/posts\/77623\/revisions\/77629"}],"wp:featuredmedia":[{"embeddable":true,"href":"https:\/\/www.opinionpublica.tv\/portada\/wp-json\/wp\/v2\/media\/77628"}],"wp:attachment":[{"href":"https:\/\/www.opinionpublica.tv\/portada\/wp-json\/wp\/v2\/media?parent=77623"}],"wp:term":[{"taxonomy":"category","embeddable":true,"href":"https:\/\/www.opinionpublica.tv\/portada\/wp-json\/wp\/v2\/categories?post=77623"},{"taxonomy":"post_tag","embeddable":true,"href":"https:\/\/www.opinionpublica.tv\/portada\/wp-json\/wp\/v2\/tags?post=77623"}],"curies":[{"name":"wp","href":"https:\/\/api.w.org\/{rel}","templated":true}]}}