{"id":77618,"date":"2026-01-29T00:01:00","date_gmt":"2026-01-29T07:01:00","guid":{"rendered":"https:\/\/www.opinionpublica.tv\/portada\/?p=77618"},"modified":"2026-01-28T20:24:49","modified_gmt":"2026-01-29T03:24:49","slug":"invita-maru-a-sumar-esfuerzos-y-cuidar-el-medio-ambiente-durante-el-chihuagua-fest","status":"publish","type":"post","link":"https:\/\/www.opinionpublica.tv\/portada\/invita-maru-a-sumar-esfuerzos-y-cuidar-el-medio-ambiente-durante-el-chihuagua-fest\/","title":{"rendered":"Invita Maru a sumar esfuerzos y cuidar el medio ambiente durante el ChihuAgua Fest"},"content":{"rendered":"\n<figure class=\"wp-block-image size-large\"><img fetchpriority=\"high\" decoding=\"async\" width=\"1024\" height=\"682\" src=\"https:\/\/www.opinionpublica.tv\/portada\/wp-content\/uploads\/2026\/01\/Invita-Maru-a-sumar-esfuerzos-y-cuidar-el-medio-ambiente-durante-el-ChihuAgua-Fest-1024x682.jpeg\" alt=\"Invita maru a sumar esfuerzos y cuidar el medio ambiente durante el chihuagua fest\" class=\"wp-image-77621\" srcset=\"https:\/\/www.opinionpublica.tv\/portada\/wp-content\/uploads\/2026\/01\/Invita-Maru-a-sumar-esfuerzos-y-cuidar-el-medio-ambiente-durante-el-ChihuAgua-Fest-1024x682.jpeg 1024w, https:\/\/www.opinionpublica.tv\/portada\/wp-content\/uploads\/2026\/01\/Invita-Maru-a-sumar-esfuerzos-y-cuidar-el-medio-ambiente-durante-el-ChihuAgua-Fest-300x200.jpeg 300w, https:\/\/www.opinionpublica.tv\/portada\/wp-content\/uploads\/2026\/01\/Invita-Maru-a-sumar-esfuerzos-y-cuidar-el-medio-ambiente-durante-el-ChihuAgua-Fest-768x512.jpeg 768w, https:\/\/www.opinionpublica.tv\/portada\/wp-content\/uploads\/2026\/01\/Invita-Maru-a-sumar-esfuerzos-y-cuidar-el-medio-ambiente-durante-el-ChihuAgua-Fest-1536x1023.jpeg 1536w, https:\/\/www.opinionpublica.tv\/portada\/wp-content\/uploads\/2026\/01\/Invita-Maru-a-sumar-esfuerzos-y-cuidar-el-medio-ambiente-durante-el-ChihuAgua-Fest.jpeg 1600w\" sizes=\"(max-width: 1024px) 100vw, 1024px\" \/><\/figure>\n\n\n\n<p class=\"wp-block-paragraph\"><em>Chihuahua, Chih<\/em>.- Al participar como invitada de honor en la ceremonia de clausura del ChihuAgua Fest 2026, la gobernadora Maru Campos invit\u00f3 a las y los j\u00f3venes presentes a sumar esfuerzos por el cuidado del medio ambiente y los recursos naturales.<\/p>\n\n\n\n<p class=\"wp-block-paragraph\">El evento se llev\u00f3 a cabo en Expo Chihuahua, Centro de Exposiciones y Convenciones, donde la mandataria record\u00f3 a los asistentes, la importancia de la buena administraci\u00f3n y la infraestructura h\u00eddrica, sobre todo en el panorama actual.<\/p>\n\n\n\n<p class=\"wp-block-paragraph\">Acompa\u00f1ada del director de la Junta Municipal de Agua y Saneamiento (JMAS), Alan Falomir, puntualiz\u00f3 que el cuidado del recurso es una tarea que involucra a todos los sectores.<\/p>\n\n\n\n<p class=\"wp-block-paragraph\">\u201cHemos invertido en infraestructura como nunca se ha hecho en Chihuahua. El agua es como la energ\u00eda, no importa cu\u00e1nto hagamos los gobiernos para generar m\u00e1s infraestructura y tener m\u00e1s agua, si no la cuidamos todos\u201d, expres\u00f3.<\/p>\n\n\n\n<p class=\"wp-block-paragraph\">Agradeci\u00f3 a los participantes, expositores, invitados y empresas que se unieron a esta iniciativa, para dejar un mensaje de reflexi\u00f3n social.<\/p>\n\n\n\n<p class=\"wp-block-paragraph\">La jornada de actividades inici\u00f3 desde temprana hora con conferencias magistrales, paneles de preguntas y respuestas, din\u00e1micas interactivas y un pabell\u00f3n de exhibici\u00f3n de productos de empresas ecol\u00f3gicamente responsables.<\/p>\n\n\n\n<p class=\"wp-block-paragraph\">El cierre del evento estuvo a cargo del youtuber chihuahuense Chumel Torres, quien present\u00f3 la conferencia \u201cLa honestidad paga\u201d, en la que record\u00f3 que las buenas pr\u00e1cticas desde la infancia son clave para el progreso, especialmente en Chihuahua.<\/p>\n\n\n\n<p class=\"wp-block-paragraph\">En esta edici\u00f3n se cont\u00f3 adem\u00e1s con la presencia de creadores de contenido locales, actores de doblaje, panelistas como Carlos Chavira, Luis Carre\u00f1o, Ren\u00e9 Garc\u00eda y Ashley Hinojos.<\/p>\n","protected":false},"excerpt":{"rendered":"<p>Chihuahua, Chih.- Al participar como invitada de honor en la ceremonia de clausura del ChihuAgua Fest 2026, la gobernadora Maru Campos invit\u00f3 a las y los j\u00f3venes presentes a sumar esfuerzos por el cuidado del medio ambiente y los recursos naturales. El evento se llev\u00f3 a cabo en Expo Chihuahua, Centro de Exposiciones y Convenciones, [&hellip;]<\/p>\n","protected":false},"author":6,"featured_media":77621,"comment_status":"closed","ping_status":"closed","sticky":false,"template":"","format":"standard","meta":{"_acf_changed":false,"_monsterinsights_skip_tracking":false,"slim_seo":{"title":"Invita Maru a sumar esfuerzos y cuidar el medio ambiente durante el ChihuAgua Fest - Opini\u00f3n P\u00fablica","description":"Chihuahua, Chih .- Al participar como invitada de honor en la ceremonia de clausura del ChihuAgua Fest 2026, la gobernadora Maru Campos invit\u00f3 a las y los j\u00f3ven"},"footnotes":""},"categories":[11],"tags":[88,1775,199],"class_list":["post-77618","post","type-post","status-publish","format-standard","has-post-thumbnail","hentry","category-tendencias","tag-chihuahua","tag-cuidado-del-agua","tag-maru-campos"],"acf":[],"_links":{"self":[{"href":"https:\/\/www.opinionpublica.tv\/portada\/wp-json\/wp\/v2\/posts\/77618","targetHints":{"allow":["GET"]}}],"collection":[{"href":"https:\/\/www.opinionpublica.tv\/portada\/wp-json\/wp\/v2\/posts"}],"about":[{"href":"https:\/\/www.opinionpublica.tv\/portada\/wp-json\/wp\/v2\/types\/post"}],"author":[{"embeddable":true,"href":"https:\/\/www.opinionpublica.tv\/portada\/wp-json\/wp\/v2\/users\/6"}],"replies":[{"embeddable":true,"href":"https:\/\/www.opinionpublica.tv\/portada\/wp-json\/wp\/v2\/comments?post=77618"}],"version-history":[{"count":2,"href":"https:\/\/www.opinionpublica.tv\/portada\/wp-json\/wp\/v2\/posts\/77618\/revisions"}],"predecessor-version":[{"id":77622,"href":"https:\/\/www.opinionpublica.tv\/portada\/wp-json\/wp\/v2\/posts\/77618\/revisions\/77622"}],"wp:featuredmedia":[{"embeddable":true,"href":"https:\/\/www.opinionpublica.tv\/portada\/wp-json\/wp\/v2\/media\/77621"}],"wp:attachment":[{"href":"https:\/\/www.opinionpublica.tv\/portada\/wp-json\/wp\/v2\/media?parent=77618"}],"wp:term":[{"taxonomy":"category","embeddable":true,"href":"https:\/\/www.opinionpublica.tv\/portada\/wp-json\/wp\/v2\/categories?post=77618"},{"taxonomy":"post_tag","embeddable":true,"href":"https:\/\/www.opinionpublica.tv\/portada\/wp-json\/wp\/v2\/tags?post=77618"}],"curies":[{"name":"wp","href":"https:\/\/api.w.org\/{rel}","templated":true}]}}