{"id":77605,"date":"2026-01-29T00:01:00","date_gmt":"2026-01-29T07:01:00","guid":{"rendered":"https:\/\/www.opinionpublica.tv\/portada\/?p=77605"},"modified":"2026-01-28T20:13:37","modified_gmt":"2026-01-29T03:13:37","slug":"aprueba-cabildo-consulta-publica-sobre-destino-de-inmuebles-del-pan-por-adeudo-de-predial","status":"publish","type":"post","link":"https:\/\/www.opinionpublica.tv\/portada\/aprueba-cabildo-consulta-publica-sobre-destino-de-inmuebles-del-pan-por-adeudo-de-predial\/","title":{"rendered":"Aprueban consulta p\u00fablica sobre destino de inmuebles del PAN por adeudo predial"},"content":{"rendered":"\n<figure class=\"wp-block-image size-large\"><img fetchpriority=\"high\" decoding=\"async\" width=\"1024\" height=\"682\" src=\"https:\/\/www.opinionpublica.tv\/portada\/wp-content\/uploads\/2026\/01\/Aprueban-consulta-publica-sobre-destino-de-inmuebles-del-PAN-por-adeudo-predial-1024x682.jpeg\" alt=\"Aprueban consulta pu\u0301blica sobre destino de inmuebles del pan por adeudo predial\" class=\"wp-image-77609\" srcset=\"https:\/\/www.opinionpublica.tv\/portada\/wp-content\/uploads\/2026\/01\/Aprueban-consulta-publica-sobre-destino-de-inmuebles-del-PAN-por-adeudo-predial-1024x682.jpeg 1024w, https:\/\/www.opinionpublica.tv\/portada\/wp-content\/uploads\/2026\/01\/Aprueban-consulta-publica-sobre-destino-de-inmuebles-del-PAN-por-adeudo-predial-300x200.jpeg 300w, https:\/\/www.opinionpublica.tv\/portada\/wp-content\/uploads\/2026\/01\/Aprueban-consulta-publica-sobre-destino-de-inmuebles-del-PAN-por-adeudo-predial-768x512.jpeg 768w, https:\/\/www.opinionpublica.tv\/portada\/wp-content\/uploads\/2026\/01\/Aprueban-consulta-publica-sobre-destino-de-inmuebles-del-PAN-por-adeudo-predial-1536x1023.jpeg 1536w, https:\/\/www.opinionpublica.tv\/portada\/wp-content\/uploads\/2026\/01\/Aprueban-consulta-publica-sobre-destino-de-inmuebles-del-PAN-por-adeudo-predial.jpeg 1600w\" sizes=\"(max-width: 1024px) 100vw, 1024px\" \/><\/figure>\n\n\n\n<p class=\"wp-block-paragraph\"><em>Ciudad Ju\u00e1rez, Chih<\/em>.- En Sesi\u00f3n Ordinaria de Cabildo se aprob\u00f3 la realizaci\u00f3n de una consulta p\u00fablica propuesta por el alcalde Cruz P\u00e9rez Cu\u00e9llar, relacionada con el posible destino de los inmuebles del Partido Acci\u00f3n Nacional (PAN), en caso de que dicho instituto pol\u00edtico no cubra el adeudo correspondiente al Impuesto Predial.<\/p>\n\n\n\n<p class=\"wp-block-paragraph\">La propuesta contempla la organizaci\u00f3n de una consulta ciudadana debidamente reglamentada por la ley, mediante la cual la poblaci\u00f3n podr\u00e1 opinar sobre el destino que deber\u00e1n tener los bienes inmuebles, ya sea su enajenaci\u00f3n, su uso comunitario o alguna otra alternativa.<\/p>\n\n\n\n<p class=\"wp-block-paragraph\">P\u00e9rez Cu\u00e9llar inform\u00f3 que la Direcci\u00f3n de Participaci\u00f3n Ciudadana ser\u00e1 la responsable de dise\u00f1ar y organizar el desarrollo de la consulta, a trav\u00e9s de una convocatoria p\u00fablica que permita a las y los juarenses emitir su opini\u00f3n.<\/p>\n\n\n\n<p class=\"wp-block-paragraph\">Al respecto, el secretario del Ayuntamiento, H\u00e9ctor Rafael Ortiz Orpinel, se\u00f1al\u00f3 que este mecanismo permitir\u00e1 conocer la postura de la ciudadan\u00eda una vez que concluya el periodo establecido para que el partido liquide su adeudo.<\/p>\n\n\n\n<p class=\"wp-block-paragraph\">Durante la sesi\u00f3n, la tesorera municipal, Dayira Fern\u00e1ndez Mart\u00ednez, entreg\u00f3 al regidor Alejandro Jim\u00e9nez Vargas una copia del acuerdo de pagos correspondiente al adeudo del Impuesto Predial de tres claves catastrales relacionadas con los inmuebles utilizados como edificio principal, estacionamiento y bodega, documento que tambi\u00e9n fue entregado al tesorero del Comit\u00e9 Directivo Estatal del PAN en Chihuahua, Gabriel Ceniceros Salgado.<\/p>\n\n\n\n<p class=\"wp-block-paragraph\">En el escrito se establece que para concretar un convenio de pago, es necesario presentar una solicitud por escrito, as\u00ed como la documentaci\u00f3n e informaci\u00f3n requerida para dar seguimiento al procedimiento administrativo.<\/p>\n","protected":false},"excerpt":{"rendered":"<p>Ciudad Ju\u00e1rez, Chih.- En Sesi\u00f3n Ordinaria de Cabildo se aprob\u00f3 la realizaci\u00f3n de una consulta p\u00fablica propuesta por el alcalde Cruz P\u00e9rez Cu\u00e9llar, relacionada con el posible destino de los inmuebles del Partido Acci\u00f3n Nacional (PAN), en caso de que dicho instituto pol\u00edtico no cubra el adeudo correspondiente al Impuesto Predial. La propuesta contempla la [&hellip;]<\/p>\n","protected":false},"author":6,"featured_media":77609,"comment_status":"closed","ping_status":"closed","sticky":false,"template":"","format":"standard","meta":{"_acf_changed":false,"_monsterinsights_skip_tracking":false,"slim_seo":{"title":"Aprueban consulta p\u00fablica sobre destino de inmuebles del PAN por adeudo predial - Opini\u00f3n P\u00fablica","description":"Ciudad Ju\u00e1rez, Chih .- En Sesi\u00f3n Ordinaria de Cabildo se aprob\u00f3 la realizaci\u00f3n de una consulta p\u00fablica propuesta por el alcalde Cruz P\u00e9rez Cu\u00e9llar, relacionada"},"footnotes":""},"categories":[41],"tags":[1699,608,880,1983],"class_list":["post-77605","post","type-post","status-publish","format-standard","has-post-thumbnail","hentry","category-juarez","tag-adeudos-fiscales","tag-ciudad-juarez","tag-impuesto-predial","tag-partido-accion-nacional"],"acf":[],"_links":{"self":[{"href":"https:\/\/www.opinionpublica.tv\/portada\/wp-json\/wp\/v2\/posts\/77605","targetHints":{"allow":["GET"]}}],"collection":[{"href":"https:\/\/www.opinionpublica.tv\/portada\/wp-json\/wp\/v2\/posts"}],"about":[{"href":"https:\/\/www.opinionpublica.tv\/portada\/wp-json\/wp\/v2\/types\/post"}],"author":[{"embeddable":true,"href":"https:\/\/www.opinionpublica.tv\/portada\/wp-json\/wp\/v2\/users\/6"}],"replies":[{"embeddable":true,"href":"https:\/\/www.opinionpublica.tv\/portada\/wp-json\/wp\/v2\/comments?post=77605"}],"version-history":[{"count":4,"href":"https:\/\/www.opinionpublica.tv\/portada\/wp-json\/wp\/v2\/posts\/77605\/revisions"}],"predecessor-version":[{"id":77610,"href":"https:\/\/www.opinionpublica.tv\/portada\/wp-json\/wp\/v2\/posts\/77605\/revisions\/77610"}],"wp:featuredmedia":[{"embeddable":true,"href":"https:\/\/www.opinionpublica.tv\/portada\/wp-json\/wp\/v2\/media\/77609"}],"wp:attachment":[{"href":"https:\/\/www.opinionpublica.tv\/portada\/wp-json\/wp\/v2\/media?parent=77605"}],"wp:term":[{"taxonomy":"category","embeddable":true,"href":"https:\/\/www.opinionpublica.tv\/portada\/wp-json\/wp\/v2\/categories?post=77605"},{"taxonomy":"post_tag","embeddable":true,"href":"https:\/\/www.opinionpublica.tv\/portada\/wp-json\/wp\/v2\/tags?post=77605"}],"curies":[{"name":"wp","href":"https:\/\/api.w.org\/{rel}","templated":true}]}}