{"id":77528,"date":"2026-01-28T00:01:00","date_gmt":"2026-01-28T07:01:00","guid":{"rendered":"https:\/\/www.opinionpublica.tv\/portada\/?p=77528"},"modified":"2026-01-27T21:10:34","modified_gmt":"2026-01-28T04:10:34","slug":"escopeta-azul","status":"publish","type":"post","link":"https:\/\/www.opinionpublica.tv\/portada\/escopeta-azul\/","title":{"rendered":"Escopeta azul"},"content":{"rendered":"\n<h4 class=\"wp-block-heading\">Ra\u00fal Ruiz<\/h4>\n\n\n\n<p class=\"wp-block-paragraph\">___________________________<\/p>\n\n\n\n<p class=\"wp-block-paragraph\">Repetitivo, reiterativo, redundante, el golpeteo de la presidenta del PAN, Daniela \u00c1lvarez, contra el alcalde de Ciudad Ju\u00e1rez.<\/p>\n\n\n\n<p class=\"wp-block-paragraph\">Anunci\u00f3 que para variar, prepara una nueva denuncia sobre nepotismo.<\/p>\n\n\n\n<p class=\"wp-block-paragraph\">La estrategia es la misma&#8230; Si se mueve tantito a la derecha, le pega; un pasito padelante, le suena.<\/p>\n\n\n\n<p class=\"wp-block-paragraph\">Hemos visto que esa t\u00e1ctica del golpeteo sistem\u00e1tico no funciona.<\/p>\n\n\n\n<p class=\"wp-block-paragraph\">No hay creatividad.<\/p>\n\n\n\n<p class=\"wp-block-paragraph\">Sun Tzu dijo&#8230; La mejor defensa es un buen ataque.<\/p>\n\n\n\n<p class=\"wp-block-paragraph\">As\u00ed que el alcalde le volte\u00f3 el chicote por el palito.<\/p>\n\n\n\n<p class=\"wp-block-paragraph\">CADA LUNES, ALCALDE EXHIBIR\u00c1 NEPOTISMO DEL PAN.<\/p>\n\n\n\n<p class=\"wp-block-paragraph\">Cruz P\u00e9rez Cu\u00e9llar anunci\u00f3 que cada lunes exhibir\u00e1 p\u00fablicamente casos de nepotismo y peculado atribuidos a militantes del Partido Acci\u00f3n Nacional tras los se\u00f1alamientos recientes por presunto nepotismo dentro del gobierno municipal.<\/p>\n\n\n\n<p class=\"wp-block-paragraph\">El presidente municipal neg\u00f3 irregularidades en el DIF, explic\u00f3 que su esposa Rub\u00ed Enr\u00edquez no percibe salario por ser un cargo honorario, y asegur\u00f3 que aplicar\u00e1 el mismo criterio pol\u00edtico a funcionarios panistas del estado desde ahora.<\/p>\n\n\n\n<p class=\"wp-block-paragraph\">En su conferencia semanera, mencion\u00f3 a C\u00e9sar Komaba, dirigente estatal del PAN en la capital y subsecretario de Movilidad de la SSPE, asi como a Jes\u00fas Manuel \u00c1lvarez Flores, recaudador de rentas en Nuevo Casas Grandes, por cierto, padre de Daniela \u00c1lvarez, dirigente estatal del PAN, y prometi\u00f3 revelar nombres semanalmente sin denunciar, lo cual acusa como tr\u00e1fico de influencias.<\/p>\n\n\n\n<p class=\"wp-block-paragraph\">\u201cSiguiendo su l\u00f3gica jur\u00eddica, cada lunes, de todo el estado, voy a estar dando a conocer nombres. No presentar\u00e9 denuncias porque no comparto ese criterio legal, pero en honor a su visi\u00f3n jur\u00eddica cada semana daremos a conocer estos casos\u201d, coment\u00f3 en su conferencia semanal.<\/p>\n\n\n\n<p class=\"wp-block-paragraph\">Y as\u00ed, cada lunes, Ju\u00e1rez tendr\u00e1 su misa pol\u00edtica: el serm\u00f3n del alcalde exhibiendo pecados ajenos, mientras la presidenta del PAN repite letan\u00edas de nepotismo como si fueran rosarios.<\/p>\n\n\n\n<p class=\"wp-block-paragraph\">El resultado es un duelo de espejos: ella denuncia lo que \u00e9l aparentemente refleja, y viceversa.<\/p>\n\n\n\n<p class=\"wp-block-paragraph\">Una tragicomedia donde la creatividad brilla por su ausencia, pero la rutina se convierte en espect\u00e1culo.<\/p>\n\n\n\n<p class=\"wp-block-paragraph\">Al final, el ciudadano com\u00fan ya no sabe si est\u00e1 en una conferencia de prensa o en un programa de variedades.<\/p>\n\n\n\n<p class=\"wp-block-paragraph\">Lo \u00fanico claro es que, con tanto chicote y palito, el nepotismo termin\u00f3 convertido en pi\u00f1ata de lunes\u2026 y todos invitados a la fiesta.<\/p>\n","protected":false},"excerpt":{"rendered":"<p>Ra\u00fal Ruiz ___________________________ Repetitivo, reiterativo, redundante, el golpeteo de la presidenta del PAN, Daniela \u00c1lvarez, contra el alcalde de Ciudad Ju\u00e1rez. Anunci\u00f3 que para variar, prepara una nueva denuncia sobre nepotismo. La estrategia es la misma&#8230; Si se mueve tantito a la derecha, le pega; un pasito padelante, le suena. Hemos visto que esa t\u00e1ctica [&hellip;]<\/p>\n","protected":false},"author":6,"featured_media":43347,"comment_status":"closed","ping_status":"closed","sticky":false,"template":"","format":"standard","meta":{"_acf_changed":false,"_monsterinsights_skip_tracking":false,"slim_seo":{"title":"Escopeta azul - Opini\u00f3n P\u00fablica","description":"Ra\u00fal Ruiz ___________________________ Repetitivo, reiterativo, redundante, el golpeteo de la presidenta del PAN, Daniela \u00c1lvarez, contra el alcalde de Ciudad Ju"},"footnotes":""},"categories":[21],"tags":[593,789],"class_list":["post-77528","post","type-post","status-publish","format-standard","has-post-thumbnail","hentry","category-cartapacio","tag-cartapacio","tag-raul-ruiz"],"acf":[],"_links":{"self":[{"href":"https:\/\/www.opinionpublica.tv\/portada\/wp-json\/wp\/v2\/posts\/77528","targetHints":{"allow":["GET"]}}],"collection":[{"href":"https:\/\/www.opinionpublica.tv\/portada\/wp-json\/wp\/v2\/posts"}],"about":[{"href":"https:\/\/www.opinionpublica.tv\/portada\/wp-json\/wp\/v2\/types\/post"}],"author":[{"embeddable":true,"href":"https:\/\/www.opinionpublica.tv\/portada\/wp-json\/wp\/v2\/users\/6"}],"replies":[{"embeddable":true,"href":"https:\/\/www.opinionpublica.tv\/portada\/wp-json\/wp\/v2\/comments?post=77528"}],"version-history":[{"count":3,"href":"https:\/\/www.opinionpublica.tv\/portada\/wp-json\/wp\/v2\/posts\/77528\/revisions"}],"predecessor-version":[{"id":77531,"href":"https:\/\/www.opinionpublica.tv\/portada\/wp-json\/wp\/v2\/posts\/77528\/revisions\/77531"}],"wp:featuredmedia":[{"embeddable":true,"href":"https:\/\/www.opinionpublica.tv\/portada\/wp-json\/wp\/v2\/media\/43347"}],"wp:attachment":[{"href":"https:\/\/www.opinionpublica.tv\/portada\/wp-json\/wp\/v2\/media?parent=77528"}],"wp:term":[{"taxonomy":"category","embeddable":true,"href":"https:\/\/www.opinionpublica.tv\/portada\/wp-json\/wp\/v2\/categories?post=77528"},{"taxonomy":"post_tag","embeddable":true,"href":"https:\/\/www.opinionpublica.tv\/portada\/wp-json\/wp\/v2\/tags?post=77528"}],"curies":[{"name":"wp","href":"https:\/\/api.w.org\/{rel}","templated":true}]}}