{"id":77490,"date":"2026-01-28T00:01:00","date_gmt":"2026-01-28T07:01:00","guid":{"rendered":"https:\/\/www.opinionpublica.tv\/portada\/?p=77490"},"modified":"2026-01-27T18:09:49","modified_gmt":"2026-01-28T01:09:49","slug":"efemerides-28-de-enero-un-dia-como-hoy-en-la-historia","status":"publish","type":"post","link":"https:\/\/www.opinionpublica.tv\/portada\/efemerides-28-de-enero-un-dia-como-hoy-en-la-historia\/","title":{"rendered":"Efem\u00e9rides 28 de enero | Un d\u00eda como hoy en la historia&#8230;"},"content":{"rendered":"\n<p class=\"wp-block-paragraph\"><em>Un d\u00eda 28 de enero como hoy, pero de 1958, la empresa danesa Lego patenta su juego de construcci\u00f3n de piezas de pl\u00e1stico<\/em>.<\/p>\n\n\n\n<figure class=\"wp-block-image size-full\"><img fetchpriority=\"high\" decoding=\"async\" width=\"720\" height=\"432\" src=\"https:\/\/www.opinionpublica.tv\/portada\/wp-content\/uploads\/2026\/01\/1958-la-empresa-danesa-Lego-patenta-su-juego-de-construccion-de-piezas-de-plastico.jpg\" alt=\"1958, la empresa danesa lego patenta su juego de construccio\u0301n de piezas de pla\u0301stico\" class=\"wp-image-77491\" srcset=\"https:\/\/www.opinionpublica.tv\/portada\/wp-content\/uploads\/2026\/01\/1958-la-empresa-danesa-Lego-patenta-su-juego-de-construccion-de-piezas-de-plastico.jpg 720w, https:\/\/www.opinionpublica.tv\/portada\/wp-content\/uploads\/2026\/01\/1958-la-empresa-danesa-Lego-patenta-su-juego-de-construccion-de-piezas-de-plastico-300x180.jpg 300w\" sizes=\"(max-width: 720px) 100vw, 720px\" \/><\/figure>\n\n\n\n<p class=\"wp-block-paragraph\"><strong>Otras efem\u00e9rides<\/strong><\/p>\n\n\n\n<p class=\"wp-block-paragraph\">1521.- Comienza la Dieta de Worms, una asamblea de los pr\u00edncipes del Sacro Imperio Romano Germ\u00e1nico presidida por Carlos V, en la que se conmin\u00f3 a Mart\u00edn Lutero a que abjurara de sus ideas, a lo que \u00e9l se neg\u00f3.<\/p>\n\n\n\n<p class=\"wp-block-paragraph\">1782.- El virreinato del R\u00edo de la Plata queda dividido en 8 intendencias: La Paz, Potos\u00ed, Cochabamba, Charca, Buenos Aires, C\u00f3rdoba, Salta y Paraguay.<\/p>\n\n\n\n<p class=\"wp-block-paragraph\">1820.- Una expedici\u00f3n naval rusa dirigida por Fadd\u00e9y Bellingshausen y Mija\u00edl L\u00e1zarev alcanza el litoral del continente ant\u00e1rtico.<\/p>\n\n\n\n<p class=\"wp-block-paragraph\">1821.- Sublevaci\u00f3n en Maracaibo por el no reconocimiento de Espa\u00f1a de la independencia de Venezuela.<\/p>\n\n\n\n<p class=\"wp-block-paragraph\">1823.- Bernardo O&#8217;Higgins, jefe de Estado de Chile, dimite y se exilia en Per\u00fa.<\/p>\n\n\n\n<p class=\"wp-block-paragraph\">1825.- Asesinado en Lima el escritor y pol\u00edtico argentino Bernardo de Monteagudo.<\/p>\n\n\n\n<p class=\"wp-block-paragraph\">1843.- Estalla en Per\u00fa la revoluci\u00f3n del general Manuel Ignacio de Vivanco, que se proclama presidente de la Rep\u00fablica.<\/p>\n\n\n\n<p class=\"wp-block-paragraph\">1855.- Se inaugura el ferrocarril de Panam\u00e1. La locomotora &#8216;Gorgona&#8217; realiza el primer trayecto interoce\u00e1nico, entre el Atl\u00e1ntico y Pac\u00edfico.<\/p>\n\n\n\n<p class=\"wp-block-paragraph\">1871.- Guerra franco-prusiana: Par\u00eds capitula ante el asedio de las tropas de Prusia.<\/p>\n\n\n\n<p class=\"wp-block-paragraph\">1887.- Comienzan las obras de construcci\u00f3n de la torre Eiffel en Par\u00eds.<\/p>\n\n\n\n<p class=\"wp-block-paragraph\">1909.- Toma de posesi\u00f3n del general Jos\u00e9 Miguel G\u00f3mez como presidente de Cuba.<\/p>\n\n\n\n<p class=\"wp-block-paragraph\">1912.- Asesinado en Quito el presidente de Ecuador, general Eloy Alfaro.<\/p>\n\n\n\n<p class=\"wp-block-paragraph\">1915.- El general \u00c1lvaro Obreg\u00f3n ocupa la Ciudad de M\u00e9xico despu\u00e9s de vencer a las fuerzas zapatistas.<\/p>\n\n\n\n<p class=\"wp-block-paragraph\">1918.- Se funda en la Uni\u00f3n Sovi\u00e9tica el Ej\u00e9rcito Rojo bajo el impulso de Le\u00f3n Trotski.<\/p>\n\n\n\n<p class=\"wp-block-paragraph\">1955.- Se funda en San Juan de Puerto Rico la Academia Puertorrique\u00f1a de la Lengua Espa\u00f1ola.<\/p>\n\n\n\n<p class=\"wp-block-paragraph\">1979.- La escritora Carmen Conde lee su discurso de ingreso en la Real Academia Espa\u00f1ola de la Lengua, convirti\u00e9ndose en la primera mujer en dicha instituci\u00f3n. Ocup\u00f3 el sill\u00f3n &#8216;K&#8217;.<\/p>\n\n\n\n<p class=\"wp-block-paragraph\">1985.- Un grupo de artistas graba la canci\u00f3n &#8216;We are the world&#8217;, que lleg\u00f3 al n\u00famero 1 de las listas de ventas y cuyos beneficios se destinaron a combatir el hambre en Etiop\u00eda.<\/p>\n\n\n\n<p class=\"wp-block-paragraph\">1986.- El transbordador espacial estadounidense Challenger explota tras despegar en Cabo Ca\u00f1averal y mueren sus siete tripulantes.<\/p>\n\n\n\n<p class=\"wp-block-paragraph\">2013.- La reina Beatriz de Holanda abdica a favor de su hijo Guillermo.<\/p>\n\n\n\n<p class=\"wp-block-paragraph\">2019.- Estados Unidos acusa al gigante tecnol\u00f3gico chino Huawei de fraude bancario y espionaje industrial.<\/p>\n\n\n\n<p class=\"wp-block-paragraph\"><strong>Nacimientos<\/strong><\/p>\n\n\n\n<p class=\"wp-block-paragraph\">1853.- Jos\u00e9 Mart\u00ed, escritor y pol\u00edtico independentista cubano.<\/p>\n\n\n\n<p class=\"wp-block-paragraph\">1887.- Arthur Rubinstein, pianista estadounidense de origen polaco.<\/p>\n\n\n\n<p class=\"wp-block-paragraph\">1892.- Ernst Lubitsch, cineasta estadounidense nacido en Alemania.<\/p>\n\n\n\n<p class=\"wp-block-paragraph\">1916.- Virgilio Ferreira, fil\u00f3logo y escritor portugu\u00e9s.<\/p>\n\n\n\n<p class=\"wp-block-paragraph\">1925.- Od\u00f3n Alonso Ord\u00e1s, director de orquesta espa\u00f1ol.<\/p>\n\n\n\n<p class=\"wp-block-paragraph\">1930.- Luis de Pablo, compositor espa\u00f1ol.<\/p>\n\n\n\n<p class=\"wp-block-paragraph\">1931.- Luc\u00eda Bos\u00e9, actriz italiana.<\/p>\n\n\n\n<p class=\"wp-block-paragraph\">1936.- Alan Alda, actor y director de cine estadounidense.<\/p>\n\n\n\n<p class=\"wp-block-paragraph\">1936.- Ismail Kadare, escritor alban\u00e9s.<\/p>\n\n\n\n<p class=\"wp-block-paragraph\">1940.- Miguel Barnet, escritor y etn\u00f3logo cubano.<\/p>\n\n\n\n<p class=\"wp-block-paragraph\">1940.- Carlos Slim, magnate mexicano.<\/p>\n\n\n\n<p class=\"wp-block-paragraph\">1944.- John Tavener, compositor musical brit\u00e1nico.<\/p>\n\n\n\n<p class=\"wp-block-paragraph\">1945.- Robert Wyatt, m\u00fasico brit\u00e1nico.<\/p>\n\n\n\n<p class=\"wp-block-paragraph\">1955.- Nicolas Sarkozy, expresidente de la rep\u00fablica francesa.<\/p>\n\n\n\n<p class=\"wp-block-paragraph\">1981.- Elijah Wood, actor estadounidense.<\/p>\n\n\n\n<p class=\"wp-block-paragraph\">1982.- Mart\u00edn C\u00e1rdenas, piloto de motociclismo colombiano.<\/p>\n\n\n\n<p class=\"wp-block-paragraph\">1994.- Maluma (Juan Luis Londo\u00f1o), cantante colombiano.<\/p>\n\n\n\n<p class=\"wp-block-paragraph\">1998.- Ariel Winter, actriz estadounidense.<\/p>\n\n\n\n<p class=\"wp-block-paragraph\"><strong>Defunciones<\/strong><\/p>\n\n\n\n<p class=\"wp-block-paragraph\">1547.- Enrique VIII, rey de Inglaterra.<\/p>\n\n\n\n<p class=\"wp-block-paragraph\">1928.- Vicente Blasco Ib\u00e1\u00f1ez, escritor espa\u00f1ol.<\/p>\n\n\n\n<p class=\"wp-block-paragraph\">1939.- William Butler Yeats, poeta irland\u00e9s.<\/p>\n\n\n\n<p class=\"wp-block-paragraph\">1987.- Galo Plaza, expresidente de Ecuador.<\/p>\n\n\n\n<p class=\"wp-block-paragraph\">1996.- Joseph A. Brodsky, escritor ruso de nacionalidad estadounidense, Premio Nobel de Literatura.<\/p>\n\n\n\n<p class=\"wp-block-paragraph\">2002.- Astrid Lindgren, escritora sueca, creadora de &#8216;Pipi Calzaslargas&#8217;.<\/p>\n\n\n\n<p class=\"wp-block-paragraph\">2015.- Carmen Morell, cantante de copla y actriz espa\u00f1ola.<\/p>\n\n\n\n<p class=\"wp-block-paragraph\">2016.- Paul Kantner, m\u00fasico estadounidense.<\/p>\n\n\n\n<p class=\"wp-block-paragraph\">2023.- Adolfo Pacheco, m\u00fasico colombiano.<\/p>\n\n\n\n<p class=\"wp-block-paragraph\">2023.- Lisa Loring, actriz estadounidense.<\/p>\n\n\n\n<p class=\"wp-block-paragraph\">2023.- Barrett Strong, cantante y compositor estadounidense.<\/p>\n","protected":false},"excerpt":{"rendered":"<p>Un d\u00eda 28 de enero como hoy, pero de 1958, la empresa danesa Lego patenta su juego de construcci\u00f3n de piezas de pl\u00e1stico. Otras efem\u00e9rides 1521.- Comienza la Dieta de Worms, una asamblea de los pr\u00edncipes del Sacro Imperio Romano Germ\u00e1nico presidida por Carlos V, en la que se conmin\u00f3 a Mart\u00edn Lutero a que [&hellip;]<\/p>\n","protected":false},"author":6,"featured_media":77491,"comment_status":"closed","ping_status":"closed","sticky":false,"template":"","format":"standard","meta":{"_acf_changed":false,"_monsterinsights_skip_tracking":false,"slim_seo":{"title":"Efem\u00e9rides 28 de enero | Un d\u00eda como hoy en la historia... - Opini\u00f3n P\u00fablica","description":"Un d\u00eda 28 de enero como hoy, pero de 1958, la empresa danesa Lego patenta su juego de construcci\u00f3n de piezas de pl\u00e1stico . Otras efem\u00e9rides 1521.- Comienza la D"},"footnotes":""},"categories":[27],"tags":[2073,2074,59],"class_list":["post-77490","post","type-post","status-publish","format-standard","has-post-thumbnail","hentry","category-un-dia-como-hoy","tag-efemerides-28-de-enero","tag-lego","tag-un-dia-como-hoy"],"acf":[],"_links":{"self":[{"href":"https:\/\/www.opinionpublica.tv\/portada\/wp-json\/wp\/v2\/posts\/77490","targetHints":{"allow":["GET"]}}],"collection":[{"href":"https:\/\/www.opinionpublica.tv\/portada\/wp-json\/wp\/v2\/posts"}],"about":[{"href":"https:\/\/www.opinionpublica.tv\/portada\/wp-json\/wp\/v2\/types\/post"}],"author":[{"embeddable":true,"href":"https:\/\/www.opinionpublica.tv\/portada\/wp-json\/wp\/v2\/users\/6"}],"replies":[{"embeddable":true,"href":"https:\/\/www.opinionpublica.tv\/portada\/wp-json\/wp\/v2\/comments?post=77490"}],"version-history":[{"count":1,"href":"https:\/\/www.opinionpublica.tv\/portada\/wp-json\/wp\/v2\/posts\/77490\/revisions"}],"predecessor-version":[{"id":77492,"href":"https:\/\/www.opinionpublica.tv\/portada\/wp-json\/wp\/v2\/posts\/77490\/revisions\/77492"}],"wp:featuredmedia":[{"embeddable":true,"href":"https:\/\/www.opinionpublica.tv\/portada\/wp-json\/wp\/v2\/media\/77491"}],"wp:attachment":[{"href":"https:\/\/www.opinionpublica.tv\/portada\/wp-json\/wp\/v2\/media?parent=77490"}],"wp:term":[{"taxonomy":"category","embeddable":true,"href":"https:\/\/www.opinionpublica.tv\/portada\/wp-json\/wp\/v2\/categories?post=77490"},{"taxonomy":"post_tag","embeddable":true,"href":"https:\/\/www.opinionpublica.tv\/portada\/wp-json\/wp\/v2\/tags?post=77490"}],"curies":[{"name":"wp","href":"https:\/\/api.w.org\/{rel}","templated":true}]}}