{"id":77425,"date":"2026-01-29T00:01:00","date_gmt":"2026-01-29T07:01:00","guid":{"rendered":"https:\/\/www.opinionpublica.tv\/portada\/?p=77425"},"modified":"2026-01-26T14:36:13","modified_gmt":"2026-01-26T21:36:13","slug":"un-cambio-de-paradigma-geopolitico","status":"publish","type":"post","link":"https:\/\/www.opinionpublica.tv\/portada\/un-cambio-de-paradigma-geopolitico\/","title":{"rendered":"Un cambio de paradigma geopol\u00edtico"},"content":{"rendered":"\n<h4 class=\"wp-block-heading\">Carlos Angulo Parra<\/h4>\n\n\n\n<p class=\"wp-block-paragraph\">___________________________<\/p>\n\n\n\n<p class=\"wp-block-paragraph\">Ante las participaciones del primer ministro de Canad\u00e1, Mark Carney, y del presidente de los Estados Unidos (\u201cEU\u201d), Donald Trump en el Foro Econ\u00f3mico de Davos, Suisa, los expertos en geopol\u00edtica han hecho sendos comentarios sobre el tema del cambio del paradigma geopol\u00edtico.<\/p>\n\n\n\n<p class=\"wp-block-paragraph\">Al fin de la Segunda Guerra Mundial, a partir de 1945, los EU fueron los principales forjadores del nuevo orden mundial. Luego, en 1989, al terminar la Guerra Fr\u00eda a la ca\u00edda del Muro de Berl\u00edn, y el desmembramiento de la Uni\u00f3n Sovi\u00e9tica, los EU como potencia vencedora, qued\u00f3 como la hegemon\u00eda m\u00e1s poderosa del orbe y pr\u00e1cticamente solo como superpotencia.<\/p>\n\n\n\n<p class=\"wp-block-paragraph\">Las Naciones Unidas se crearon en 1945 en la Conferencia de San Francisco, con la decidida intervenci\u00f3n y dise\u00f1o principal de los EU, aunque tambi\u00e9n participaron en ello el Reino Unido, la Uni\u00f3n Sovi\u00e9tica y China.<\/p>\n\n\n\n<p class=\"wp-block-paragraph\">Las Naciones Unidas evolucionaron principalmente con el impulso que se les dio por parte de los EU y conformaron m\u00e1s de cuarenta organismos permanentes, destac\u00e1ndose la FAO, OIT, Corte Internacional de Justicia, OMS, FMI y Banco Mundial.<\/p>\n\n\n\n<p class=\"wp-block-paragraph\">Con todo ello, el mundo ha estado funcionando, en t\u00e9rminos generales, con paz generalizada desde el fin de la Segunda Guerra Mundial, aunque no han faltado conflictos espec\u00edficos, pero nunca uno de la dimensi\u00f3n de las dos guerras mundiales del siglo XX.<\/p>\n\n\n\n<p class=\"wp-block-paragraph\">A la entrada al poder presidencial en los EU, el presidente Trump, en su segundo mandato, ha sacudido toda la estructura que el propio EU form\u00f3, haciendo caso omiso de las reglas de comportamiento establecidas para las naciones para mantener el orden y la paz mundial.<\/p>\n\n\n\n<p class=\"wp-block-paragraph\">Trump ha roto m\u00faltiples reglas de la OMC al imponer indiscriminadamente aranceles en todo el mundo, ha amenazado a Canad\u00e1 en convertirla en el estado 51 de la Uni\u00f3n Americana, insistentemente ha dicho que si no se le entrega Groenlandia por parte de Dinamarca, la va a tomar para los EU. Secuestr\u00f3 al dictador Maduro asaltando al palacio presidencial de Caracas, y ha realizado m\u00faltiples acciones en todo el mundo que violan diversas disposiciones del orden mundial, y se ha salido de m\u00e1s de treinta organizaciones de la ONU y otras tantas de m\u00faltiples tratados internacionales signados por los EU.<\/p>\n\n\n\n<p class=\"wp-block-paragraph\">Volviendo al discurso de Carney, \u00e9l dijo, ante un repleto auditorio en Davos, que la geopol\u00edtica hab\u00eda cambiado, que las estructuras creadas a nivel mundial ya no funcionaban y que las grandes hegemon\u00edas operaban libremente sin consideraci\u00f3n a las restricciones que antes se hab\u00edan impuesto por los organismos internacionales, aunque en muchas ocasiones estas hegemon\u00edas hab\u00edan hecho caso omiso de estas estructuras, que en el pasado, en general, se hab\u00edan respetado.<\/p>\n\n\n\n<p class=\"wp-block-paragraph\">Pero ahora existe un rompimiento claro de ese orden mundial. Carney continu\u00f3 diciendo que para contrarrestar esto era necesario que las potencias medias como Canad\u00e1 hicieran frente com\u00fan para protegerse de estas superpotencias que ejercen su hegemon\u00eda sin respetar el orden mundial antes vigente.<\/p>\n\n\n\n<p class=\"wp-block-paragraph\">El discurso de Carney recibi\u00f3 una calurosa ovaci\u00f3n del p\u00fablico presente, caso raro en este Foro, y ha sido sujeto a amplios comentarios de los expertos en geopol\u00edtica.<\/p>\n\n\n\n<p class=\"wp-block-paragraph\">Como era de esperarse, el presidente Trump, al d\u00eda siguiente del discurso de Carney, no habl\u00f3 de \u00e9l en buenos t\u00e9rminos. D\u00edas siguientes, el presidente Trump hizo p\u00fablica su resoluci\u00f3n de imponer de manera generalizada a las importaciones canadiense hacia los EU, aranceles del 100% de sus productos, a ra\u00edz de que Canad\u00e1 hab\u00eda firmado un acuerdo con China para dar preferencias arancelarias, entre otros, a autom\u00f3viles provenientes de China, en contraprestaci\u00f3n de que China impusiera aranceles bajos a ciertos productos agr\u00edcolas de Canad\u00e1.<\/p>\n\n\n\n<p class=\"wp-block-paragraph\">Para M\u00e9xico, \u00bfQu\u00e9 podemos concluir de todo esto?<\/p>\n\n\n\n<p class=\"wp-block-paragraph\">\u2022 En primer lugar, que M\u00e9xico no debe de estar ausente en la participaci\u00f3n de estos importantes foros, si Carney y Trump, primeros mandatarios de nuestros socios comerciales de Norte America participaron, por qu\u00e9 M\u00e9xico, siendo el principal socio comercial de EU no ha de participar.<\/p>\n\n\n\n<p class=\"wp-block-paragraph\">\u2022 En segundo lugar, comprender que M\u00e9xico debe de adoptar ante la super potencia de EU una estrategia inteligente, sabiendo medir bien la situaci\u00f3n ante el hecho de que, en \u00faltima instancia, EU, si lo desea, no cumple con sus compromisos, pero tiene una fuerza tal que nos aplasta si lo desea, por lo que hay que ejercer palancas muy finas para ejercer suficiente presi\u00f3n, tanto inductiva como disuasiva para poder obtener beneficios mutuos.<\/p>\n\n\n\n<p class=\"wp-block-paragraph\">\u2022 Comprender que Canad\u00e1, como potencia media, tiene muchos m\u00e1s recursos que M\u00e9xico para lidiar con los EU, por lo que puede ser un actor y factor importante en la estrategia que desarrollemos con los EU para defender nuestros intereses ante la revisi\u00f3n del T-MEC que iniciar\u00e1 formalmente este verano.<\/p>\n","protected":false},"excerpt":{"rendered":"<p>Carlos Angulo Parra ___________________________ Ante las participaciones del primer ministro de Canad\u00e1, Mark Carney, y del presidente de los Estados Unidos (\u201cEU\u201d), Donald Trump en el Foro Econ\u00f3mico de Davos, Suisa, los expertos en geopol\u00edtica han hecho sendos comentarios sobre el tema del cambio del paradigma geopol\u00edtico. Al fin de la Segunda Guerra Mundial, a [&hellip;]<\/p>\n","protected":false},"author":6,"featured_media":45394,"comment_status":"closed","ping_status":"closed","sticky":false,"template":"","format":"standard","meta":{"_acf_changed":false,"_monsterinsights_skip_tracking":false,"slim_seo":{"title":"Un cambio de paradigma geopol\u00edtico - Opini\u00f3n P\u00fablica","description":"Carlos Angulo Parra ___________________________ Ante las participaciones del primer ministro de Canad\u00e1, Mark Carney, y del presidente de los Estados Unidos (\u201cEU"},"footnotes":""},"categories":[17],"tags":[825],"class_list":["post-77425","post","type-post","status-publish","format-standard","has-post-thumbnail","hentry","category-ultima-instancia","tag-carlos-angulo"],"acf":[],"_links":{"self":[{"href":"https:\/\/www.opinionpublica.tv\/portada\/wp-json\/wp\/v2\/posts\/77425","targetHints":{"allow":["GET"]}}],"collection":[{"href":"https:\/\/www.opinionpublica.tv\/portada\/wp-json\/wp\/v2\/posts"}],"about":[{"href":"https:\/\/www.opinionpublica.tv\/portada\/wp-json\/wp\/v2\/types\/post"}],"author":[{"embeddable":true,"href":"https:\/\/www.opinionpublica.tv\/portada\/wp-json\/wp\/v2\/users\/6"}],"replies":[{"embeddable":true,"href":"https:\/\/www.opinionpublica.tv\/portada\/wp-json\/wp\/v2\/comments?post=77425"}],"version-history":[{"count":2,"href":"https:\/\/www.opinionpublica.tv\/portada\/wp-json\/wp\/v2\/posts\/77425\/revisions"}],"predecessor-version":[{"id":77427,"href":"https:\/\/www.opinionpublica.tv\/portada\/wp-json\/wp\/v2\/posts\/77425\/revisions\/77427"}],"wp:featuredmedia":[{"embeddable":true,"href":"https:\/\/www.opinionpublica.tv\/portada\/wp-json\/wp\/v2\/media\/45394"}],"wp:attachment":[{"href":"https:\/\/www.opinionpublica.tv\/portada\/wp-json\/wp\/v2\/media?parent=77425"}],"wp:term":[{"taxonomy":"category","embeddable":true,"href":"https:\/\/www.opinionpublica.tv\/portada\/wp-json\/wp\/v2\/categories?post=77425"},{"taxonomy":"post_tag","embeddable":true,"href":"https:\/\/www.opinionpublica.tv\/portada\/wp-json\/wp\/v2\/tags?post=77425"}],"curies":[{"name":"wp","href":"https:\/\/api.w.org\/{rel}","templated":true}]}}