{"id":77324,"date":"2026-01-25T00:01:00","date_gmt":"2026-01-25T07:01:00","guid":{"rendered":"https:\/\/www.opinionpublica.tv\/portada\/?p=77324"},"modified":"2026-01-24T15:13:24","modified_gmt":"2026-01-24T22:13:24","slug":"reportan-presencia-de-nieve-11-municipios-de-chihuahua-por-paso-de-tormenta-invernal","status":"publish","type":"post","link":"https:\/\/www.opinionpublica.tv\/portada\/reportan-presencia-de-nieve-11-municipios-de-chihuahua-por-paso-de-tormenta-invernal\/","title":{"rendered":"Reportan presencia de nieve 11 municipios de Chihuahua por paso de tormenta invernal"},"content":{"rendered":"\n<figure class=\"wp-block-image size-large\"><img fetchpriority=\"high\" decoding=\"async\" width=\"1024\" height=\"768\" src=\"https:\/\/www.opinionpublica.tv\/portada\/wp-content\/uploads\/2026\/01\/Reportan-presencia-de-nieve-11-municipios-de-Chihuahua-por-paso-de-tormenta-invernal-1024x768.jpeg\" alt=\"Reportan presencia de nieve 11 municipios de chihuahua por paso de tormenta invernal\" class=\"wp-image-77327\" srcset=\"https:\/\/www.opinionpublica.tv\/portada\/wp-content\/uploads\/2026\/01\/Reportan-presencia-de-nieve-11-municipios-de-Chihuahua-por-paso-de-tormenta-invernal-1024x768.jpeg 1024w, https:\/\/www.opinionpublica.tv\/portada\/wp-content\/uploads\/2026\/01\/Reportan-presencia-de-nieve-11-municipios-de-Chihuahua-por-paso-de-tormenta-invernal-300x225.jpeg 300w, https:\/\/www.opinionpublica.tv\/portada\/wp-content\/uploads\/2026\/01\/Reportan-presencia-de-nieve-11-municipios-de-Chihuahua-por-paso-de-tormenta-invernal-768x576.jpeg 768w, https:\/\/www.opinionpublica.tv\/portada\/wp-content\/uploads\/2026\/01\/Reportan-presencia-de-nieve-11-municipios-de-Chihuahua-por-paso-de-tormenta-invernal.jpeg 1448w\" sizes=\"(max-width: 1024px) 100vw, 1024px\" \/><\/figure>\n\n\n\n<p class=\"wp-block-paragraph\"><em>Chihuahua, Chih<\/em>.- La Coordinaci\u00f3n Estatal de Protecci\u00f3n Civil (CEPC), inform\u00f3 que durante la madrugada del s\u00e1bado y hasta este domingo, se han registrado precipitaciones en 11 municipios de la entidad, derivado del paso de la tercer tormenta invernal.<\/p>\n\n\n\n<p class=\"wp-block-paragraph\">Las localidades que registran acumulaciones o ca\u00edda de nieve son: Casas Grandes, Guerrero, Madera, Ocampo, Tem\u00f3sachic, G\u00f3mez Far\u00edas, Namiquipa, Matach\u00ed, Bocoyna, Urique y Balleza.<\/p>\n\n\n\n<p class=\"wp-block-paragraph\">Se reporta lluvia de ligera a moderada en los municipios de Bach\u00edniva, Buenaventura, Galeana, Ignacio Zaragoza, Matach\u00ed y Nuevo Casas Grandes, sin afectaciones en la red carretera. Los tramos se mantienen abiertos y transitables.<\/p>\n\n\n\n<p class=\"wp-block-paragraph\">En G\u00f3mez Far\u00edas se present\u00f3 nieve ligera, sin embargo el tramo G\u00f3mez Far\u00edas\u2013Namiquipa, en la zona conocida como La Cuesta del Toro, sigue abierto a la circulaci\u00f3n.<\/p>\n\n\n\n<p class=\"wp-block-paragraph\">Asimismo, en Tem\u00f3sachic se reporta nieve ligera en comunidades como Ejido Agua Caliente, Vallecillo, Bab\u00edcora de Conoachi, Ci\u00e9nega Blanca y Yepachi, as\u00ed como en el \u00c1rea de Protecci\u00f3n de Flora y Fauna Tutuaca.<\/p>\n\n\n\n<p class=\"wp-block-paragraph\">Los tramos que conectan con Madera, Matach\u00ed y G\u00f3mez Far\u00edas permanecen habilitados, aunque se recomienda circular con precauci\u00f3n.<\/p>\n\n\n\n<p class=\"wp-block-paragraph\">En el municipio de Casas Grandes se presenta nieve en las zonas altas de la sierra, adem\u00e1s de lluvia moderada.<\/p>\n\n\n\n<p class=\"wp-block-paragraph\">El tramo carretero Casas Grandes\u2013El Willy, conocido como \u201cEl Caracol\u201d, permanece abierto; sin embargo, se recomienda circular con precauci\u00f3n debido a la humedad y presencia de nieve sobre la cinta asf\u00e1ltica.<\/p>\n\n\n\n<p class=\"wp-block-paragraph\">El municipio de Madera ha acumulado nieve en distintos puntos. Los tramos Madera\u2013Ejido El Largo (Puerto Los Lobos), Ejido El Largo Maderal\u2013Las Varas y las v\u00edas hacia Tem\u00f3sachic y G\u00f3mez Far\u00edas se mantienen abiertos, aunque se exhorta a extremar precauciones.<\/p>\n\n\n\n<p class=\"wp-block-paragraph\">En la comunidad de San Rafael, municipio de Urique, se cuenta con presencia de nieve de mayor intensidad.<\/p>\n\n\n\n<p class=\"wp-block-paragraph\">La CEPC exhort\u00f3 a la poblaci\u00f3n a extremar precauciones al transitar por las zonas serranas, mantenerse atenta a los avisos oficiales y conducir con cuidado ante la presencia de nieve, lluvia y baja visibilidad.<\/p>\n","protected":false},"excerpt":{"rendered":"<p>Chihuahua, Chih.- La Coordinaci\u00f3n Estatal de Protecci\u00f3n Civil (CEPC), inform\u00f3 que durante la madrugada del s\u00e1bado y hasta este domingo, se han registrado precipitaciones en 11 municipios de la entidad, derivado del paso de la tercer tormenta invernal. Las localidades que registran acumulaciones o ca\u00edda de nieve son: Casas Grandes, Guerrero, Madera, Ocampo, Tem\u00f3sachic, G\u00f3mez [&hellip;]<\/p>\n","protected":false},"author":6,"featured_media":77327,"comment_status":"closed","ping_status":"closed","sticky":false,"template":"","format":"standard","meta":{"_acf_changed":false,"_monsterinsights_skip_tracking":false,"slim_seo":{"title":"Reportan presencia de nieve 11 municipios de Chihuahua por paso de tormenta invernal - Opini\u00f3n P\u00fablica","description":"Chihuahua, Chih .- La Coordinaci\u00f3n Estatal de Protecci\u00f3n Civil (CEPC), inform\u00f3 que durante la madrugada del s\u00e1bado y hasta este domingo, se han registrado preci"},"footnotes":""},"categories":[11],"tags":[932,1889,88,918],"class_list":["post-77324","post","type-post","status-publish","format-standard","has-post-thumbnail","hentry","category-tendencias","tag-alerta-amarilla-chihuahua","tag-caida-de-nieve","tag-chihuahua","tag-tormenta-invernal"],"acf":[],"_links":{"self":[{"href":"https:\/\/www.opinionpublica.tv\/portada\/wp-json\/wp\/v2\/posts\/77324","targetHints":{"allow":["GET"]}}],"collection":[{"href":"https:\/\/www.opinionpublica.tv\/portada\/wp-json\/wp\/v2\/posts"}],"about":[{"href":"https:\/\/www.opinionpublica.tv\/portada\/wp-json\/wp\/v2\/types\/post"}],"author":[{"embeddable":true,"href":"https:\/\/www.opinionpublica.tv\/portada\/wp-json\/wp\/v2\/users\/6"}],"replies":[{"embeddable":true,"href":"https:\/\/www.opinionpublica.tv\/portada\/wp-json\/wp\/v2\/comments?post=77324"}],"version-history":[{"count":2,"href":"https:\/\/www.opinionpublica.tv\/portada\/wp-json\/wp\/v2\/posts\/77324\/revisions"}],"predecessor-version":[{"id":77328,"href":"https:\/\/www.opinionpublica.tv\/portada\/wp-json\/wp\/v2\/posts\/77324\/revisions\/77328"}],"wp:featuredmedia":[{"embeddable":true,"href":"https:\/\/www.opinionpublica.tv\/portada\/wp-json\/wp\/v2\/media\/77327"}],"wp:attachment":[{"href":"https:\/\/www.opinionpublica.tv\/portada\/wp-json\/wp\/v2\/media?parent=77324"}],"wp:term":[{"taxonomy":"category","embeddable":true,"href":"https:\/\/www.opinionpublica.tv\/portada\/wp-json\/wp\/v2\/categories?post=77324"},{"taxonomy":"post_tag","embeddable":true,"href":"https:\/\/www.opinionpublica.tv\/portada\/wp-json\/wp\/v2\/tags?post=77324"}],"curies":[{"name":"wp","href":"https:\/\/api.w.org\/{rel}","templated":true}]}}