{"id":77320,"date":"2026-01-25T00:01:00","date_gmt":"2026-01-25T07:01:00","guid":{"rendered":"https:\/\/www.opinionpublica.tv\/portada\/?p=77320"},"modified":"2026-01-24T15:08:16","modified_gmt":"2026-01-24T22:08:16","slug":"se-mantiene-declaratoria-de-suspension-de-clases-lunes-y-martes-por-tormenta-invernal","status":"publish","type":"post","link":"https:\/\/www.opinionpublica.tv\/portada\/se-mantiene-declaratoria-de-suspension-de-clases-lunes-y-martes-por-tormenta-invernal\/","title":{"rendered":"Se mantiene declaratoria de suspensi\u00f3n de clases lunes y martes por tormenta invernal"},"content":{"rendered":"\n<figure class=\"wp-block-image size-large\"><img fetchpriority=\"high\" decoding=\"async\" width=\"1024\" height=\"631\" src=\"https:\/\/www.opinionpublica.tv\/portada\/wp-content\/uploads\/2026\/01\/Se-mantiene-declaratoria-de-suspension-de-clases-lunes-y-martes-por-tormenta-invernal-1024x631.webp\" alt=\"Se mantiene declaratoria de suspensio\u0301n de clases lunes y martes por tormenta invernal\" class=\"wp-image-77322\" srcset=\"https:\/\/www.opinionpublica.tv\/portada\/wp-content\/uploads\/2026\/01\/Se-mantiene-declaratoria-de-suspension-de-clases-lunes-y-martes-por-tormenta-invernal-1024x631.webp 1024w, https:\/\/www.opinionpublica.tv\/portada\/wp-content\/uploads\/2026\/01\/Se-mantiene-declaratoria-de-suspension-de-clases-lunes-y-martes-por-tormenta-invernal-300x185.webp 300w, https:\/\/www.opinionpublica.tv\/portada\/wp-content\/uploads\/2026\/01\/Se-mantiene-declaratoria-de-suspension-de-clases-lunes-y-martes-por-tormenta-invernal-768x474.webp 768w, https:\/\/www.opinionpublica.tv\/portada\/wp-content\/uploads\/2026\/01\/Se-mantiene-declaratoria-de-suspension-de-clases-lunes-y-martes-por-tormenta-invernal.webp 1200w\" sizes=\"(max-width: 1024px) 100vw, 1024px\" \/><\/figure>\n\n\n\n<p class=\"wp-block-paragraph\"><em>Chihuahua, Chih<\/em>.- Como consecuencia del dr\u00e1stico descenso de temperaturas ocasionado por el ingreso de la tercera tormenta invernal, situaci\u00f3n informada por el Gobierno del Estado a trav\u00e9s de la Coordinaci\u00f3n Estatal de Protecci\u00f3n Civil, y con el firme compromiso de salvaguardar la integridad y la salud de ni\u00f1as, ni\u00f1os y adolescentes, la Secretar\u00eda de Educaci\u00f3n y Deporte (SEyD) emite una declaratoria de suspensi\u00f3n de clases presenciales, y establece la modalidad a distancia en el nivel de Educaci\u00f3n B\u00e1sica para los d\u00edas lunes 26 y martes 27 de enero.<\/p>\n\n\n\n<p class=\"wp-block-paragraph\">Esta medida preventiva se deriva de la responsabilidad del Gobierno del Estado de proteger a la poblaci\u00f3n, al reducir la exposici\u00f3n a condiciones clim\u00e1ticas extremas y limitar la movilidad en calles y carreteras, lo que contribuye a disminuir riesgos a la salud y a fortalecer la seguridad de las comunidades escolares y de la sociedad en general.<\/p>\n\n\n\n<p class=\"wp-block-paragraph\">La Secretar\u00eda de Educaci\u00f3n y Deporte mantiene una coordinaci\u00f3n permanente con las instancias correspondientes, por ello exhorta a madres, padres de familia, tutores, docentes y personal directivo, a mantenerse atentos a la informaci\u00f3n y a los comunicados oficiales que se emitan en los pr\u00f3ximos d\u00edas, a trav\u00e9s de los canales institucionales.<\/p>\n","protected":false},"excerpt":{"rendered":"<p>Chihuahua, Chih.- Como consecuencia del dr\u00e1stico descenso de temperaturas ocasionado por el ingreso de la tercera tormenta invernal, situaci\u00f3n informada por el Gobierno del Estado a trav\u00e9s de la Coordinaci\u00f3n Estatal de Protecci\u00f3n Civil, y con el firme compromiso de salvaguardar la integridad y la salud de ni\u00f1as, ni\u00f1os y adolescentes, la Secretar\u00eda de Educaci\u00f3n [&hellip;]<\/p>\n","protected":false},"author":6,"featured_media":77322,"comment_status":"closed","ping_status":"closed","sticky":false,"template":"","format":"standard","meta":{"_acf_changed":false,"_monsterinsights_skip_tracking":false,"slim_seo":{"title":"Se mantiene declaratoria de suspensi\u00f3n de clases lunes y martes por tormenta invernal - Opini\u00f3n P\u00fablica","description":"Chihuahua, Chih .- Como consecuencia del dr\u00e1stico descenso de temperaturas ocasionado por el ingreso de la tercera tormenta invernal, situaci\u00f3n informada por el"},"footnotes":""},"categories":[11],"tags":[1017,1303,248,2038,918],"class_list":["post-77320","post","type-post","status-publish","format-standard","has-post-thumbnail","hentry","category-tendencias","tag-alerta-preventiva","tag-bajas-temperaturas","tag-frente-frio-chihuahua","tag-suspension-de-clases","tag-tormenta-invernal"],"acf":[],"_links":{"self":[{"href":"https:\/\/www.opinionpublica.tv\/portada\/wp-json\/wp\/v2\/posts\/77320","targetHints":{"allow":["GET"]}}],"collection":[{"href":"https:\/\/www.opinionpublica.tv\/portada\/wp-json\/wp\/v2\/posts"}],"about":[{"href":"https:\/\/www.opinionpublica.tv\/portada\/wp-json\/wp\/v2\/types\/post"}],"author":[{"embeddable":true,"href":"https:\/\/www.opinionpublica.tv\/portada\/wp-json\/wp\/v2\/users\/6"}],"replies":[{"embeddable":true,"href":"https:\/\/www.opinionpublica.tv\/portada\/wp-json\/wp\/v2\/comments?post=77320"}],"version-history":[{"count":2,"href":"https:\/\/www.opinionpublica.tv\/portada\/wp-json\/wp\/v2\/posts\/77320\/revisions"}],"predecessor-version":[{"id":77323,"href":"https:\/\/www.opinionpublica.tv\/portada\/wp-json\/wp\/v2\/posts\/77320\/revisions\/77323"}],"wp:featuredmedia":[{"embeddable":true,"href":"https:\/\/www.opinionpublica.tv\/portada\/wp-json\/wp\/v2\/media\/77322"}],"wp:attachment":[{"href":"https:\/\/www.opinionpublica.tv\/portada\/wp-json\/wp\/v2\/media?parent=77320"}],"wp:term":[{"taxonomy":"category","embeddable":true,"href":"https:\/\/www.opinionpublica.tv\/portada\/wp-json\/wp\/v2\/categories?post=77320"},{"taxonomy":"post_tag","embeddable":true,"href":"https:\/\/www.opinionpublica.tv\/portada\/wp-json\/wp\/v2\/tags?post=77320"}],"curies":[{"name":"wp","href":"https:\/\/api.w.org\/{rel}","templated":true}]}}