{"id":77303,"date":"2026-01-25T00:01:00","date_gmt":"2026-01-25T07:01:00","guid":{"rendered":"https:\/\/www.opinionpublica.tv\/portada\/?p=77303"},"modified":"2026-01-24T14:48:08","modified_gmt":"2026-01-24T21:48:08","slug":"reitera-trump-ataques-contra-el-narco-por-tierra-y-cualquier-lugar-incluido-mexico","status":"publish","type":"post","link":"https:\/\/www.opinionpublica.tv\/portada\/reitera-trump-ataques-contra-el-narco-por-tierra-y-cualquier-lugar-incluido-mexico\/","title":{"rendered":"Reitera Trump ataques contra el narco por tierra y \u00abcualquier lugar\u00bb, incluido M\u00e9xico"},"content":{"rendered":"\n<figure class=\"wp-block-image size-large\"><img fetchpriority=\"high\" decoding=\"async\" width=\"1024\" height=\"631\" src=\"https:\/\/www.opinionpublica.tv\/portada\/wp-content\/uploads\/2026\/01\/Reitera-Trump-ataques-contra-el-narco-por-tierra-y-22cualquier-lugar22-incluido-Mexico-1024x631.avif\" alt=\"Reitera trump ataques contra el narco por tierra y %22cualquier lugar%22, incluido me\u0301xico\" class=\"wp-image-77305\" srcset=\"https:\/\/www.opinionpublica.tv\/portada\/wp-content\/uploads\/2026\/01\/Reitera-Trump-ataques-contra-el-narco-por-tierra-y-22cualquier-lugar22-incluido-Mexico-1024x631.avif 1024w, https:\/\/www.opinionpublica.tv\/portada\/wp-content\/uploads\/2026\/01\/Reitera-Trump-ataques-contra-el-narco-por-tierra-y-22cualquier-lugar22-incluido-Mexico-300x185.avif 300w, https:\/\/www.opinionpublica.tv\/portada\/wp-content\/uploads\/2026\/01\/Reitera-Trump-ataques-contra-el-narco-por-tierra-y-22cualquier-lugar22-incluido-Mexico-768x473.avif 768w, https:\/\/www.opinionpublica.tv\/portada\/wp-content\/uploads\/2026\/01\/Reitera-Trump-ataques-contra-el-narco-por-tierra-y-22cualquier-lugar22-incluido-Mexico.avif 1081w\" sizes=\"(max-width: 1024px) 100vw, 1024px\" \/><\/figure>\n\n\n\n<p class=\"wp-block-paragraph\">El presidente de Estados Unidos, Donald Trump, declar\u00f3 en entrevista al medio The New York Post que los ataques contra el narco \u00aben tierra\u00bb podr\u00edan ser en \u00abcualquier lugar\u00bb, incluidos M\u00e9xico, Am\u00e9rica Central y Am\u00e9rica del Sur.<\/p>\n\n\n\n<p class=\"wp-block-paragraph\">\u00abVamos a atacar a los c\u00e1rteles\u00bb, dijo en una entrevista exclusiva en la Oficina Oval el viernes.<\/p>\n\n\n\n<p class=\"wp-block-paragraph\">\u00abConocemos sus rutas. Lo sabemos todo sobre ellos. Conocemos sus hogares. Lo sabemos todo sobre ellos. Vamos a atacar a los c\u00e1rteles\u00bb, declar\u00f3.<\/p>\n\n\n\n<p class=\"wp-block-paragraph\">Cuando se le pregunt\u00f3 si esos ataques podr\u00edan ocurrir en cualquier lugar, incluso en tierras de M\u00e9xico, Venezuela y Colombia, el presidente respondi\u00f3: \u00abPodr\u00eda ser en cualquier lugar\u00bb.<\/p>\n\n\n\n<p class=\"wp-block-paragraph\"><em>Con informaci\u00f3n de El Universal<\/em>.<\/p>\n","protected":false},"excerpt":{"rendered":"<p>El presidente de Estados Unidos, Donald Trump, declar\u00f3 en entrevista al medio The New York Post que los ataques contra el narco \u00aben tierra\u00bb podr\u00edan ser en \u00abcualquier lugar\u00bb, incluidos M\u00e9xico, Am\u00e9rica Central y Am\u00e9rica del Sur. \u00abVamos a atacar a los c\u00e1rteles\u00bb, dijo en una entrevista exclusiva en la Oficina Oval el viernes. \u00abConocemos [&hellip;]<\/p>\n","protected":false},"author":6,"featured_media":77305,"comment_status":"closed","ping_status":"closed","sticky":false,"template":"","format":"standard","meta":{"_acf_changed":false,"_monsterinsights_skip_tracking":false,"slim_seo":{"title":"Reitera Trump ataques contra el narco por tierra y \"cualquier lugar\", incluido M\u00e9xico - Opini\u00f3n P\u00fablica","description":"El presidente de Estados Unidos, Donald Trump, declar\u00f3 en entrevista al medio The New York Post que los ataques contra el narco \"en tierra\" podr\u00edan ser en \"cual"},"footnotes":""},"categories":[4],"tags":[102,663],"class_list":["post-77303","post","type-post","status-publish","format-standard","has-post-thumbnail","hentry","category-pulsopolitico","tag-donald-trump","tag-narcotrafico-en-mexico"],"acf":[],"_links":{"self":[{"href":"https:\/\/www.opinionpublica.tv\/portada\/wp-json\/wp\/v2\/posts\/77303","targetHints":{"allow":["GET"]}}],"collection":[{"href":"https:\/\/www.opinionpublica.tv\/portada\/wp-json\/wp\/v2\/posts"}],"about":[{"href":"https:\/\/www.opinionpublica.tv\/portada\/wp-json\/wp\/v2\/types\/post"}],"author":[{"embeddable":true,"href":"https:\/\/www.opinionpublica.tv\/portada\/wp-json\/wp\/v2\/users\/6"}],"replies":[{"embeddable":true,"href":"https:\/\/www.opinionpublica.tv\/portada\/wp-json\/wp\/v2\/comments?post=77303"}],"version-history":[{"count":2,"href":"https:\/\/www.opinionpublica.tv\/portada\/wp-json\/wp\/v2\/posts\/77303\/revisions"}],"predecessor-version":[{"id":77307,"href":"https:\/\/www.opinionpublica.tv\/portada\/wp-json\/wp\/v2\/posts\/77303\/revisions\/77307"}],"wp:featuredmedia":[{"embeddable":true,"href":"https:\/\/www.opinionpublica.tv\/portada\/wp-json\/wp\/v2\/media\/77305"}],"wp:attachment":[{"href":"https:\/\/www.opinionpublica.tv\/portada\/wp-json\/wp\/v2\/media?parent=77303"}],"wp:term":[{"taxonomy":"category","embeddable":true,"href":"https:\/\/www.opinionpublica.tv\/portada\/wp-json\/wp\/v2\/categories?post=77303"},{"taxonomy":"post_tag","embeddable":true,"href":"https:\/\/www.opinionpublica.tv\/portada\/wp-json\/wp\/v2\/tags?post=77303"}],"curies":[{"name":"wp","href":"https:\/\/api.w.org\/{rel}","templated":true}]}}