{"id":77208,"date":"2026-01-24T00:01:00","date_gmt":"2026-01-24T07:01:00","guid":{"rendered":"https:\/\/www.opinionpublica.tv\/portada\/?p=77208"},"modified":"2026-01-23T17:47:42","modified_gmt":"2026-01-24T00:47:42","slug":"cuando-podras-comprar-optimus-el-robot-humanoide-de-elon-musk-cuanto-costara","status":"publish","type":"post","link":"https:\/\/www.opinionpublica.tv\/portada\/cuando-podras-comprar-optimus-el-robot-humanoide-de-elon-musk-cuanto-costara\/","title":{"rendered":"\u00bfCu\u00e1ndo podr\u00e1s comprar Optimus, el robot humanoide de Musk, cu\u00e1nto costar\u00e1?"},"content":{"rendered":"\n<figure class=\"wp-block-image size-full\"><img fetchpriority=\"high\" decoding=\"async\" width=\"800\" height=\"450\" src=\"https:\/\/www.opinionpublica.tv\/portada\/wp-content\/uploads\/2026\/01\/\u00bfCuando-podras-comprar-Optimus-el-robot-humanoide-de-Musk-cuanto-costara.jpeg\" alt=\"\u00bfcua\u0301ndo podra\u0301s comprar optimus, el robot humanoide de musk, cua\u0301nto costara\u0301?\" class=\"wp-image-77211\" srcset=\"https:\/\/www.opinionpublica.tv\/portada\/wp-content\/uploads\/2026\/01\/\u00bfCuando-podras-comprar-Optimus-el-robot-humanoide-de-Musk-cuanto-costara.jpeg 800w, https:\/\/www.opinionpublica.tv\/portada\/wp-content\/uploads\/2026\/01\/\u00bfCuando-podras-comprar-Optimus-el-robot-humanoide-de-Musk-cuanto-costara-300x169.jpeg 300w, https:\/\/www.opinionpublica.tv\/portada\/wp-content\/uploads\/2026\/01\/\u00bfCuando-podras-comprar-Optimus-el-robot-humanoide-de-Musk-cuanto-costara-768x432.jpeg 768w\" sizes=\"(max-width: 800px) 100vw, 800px\" \/><\/figure>\n\n\n\n<p class=\"wp-block-paragraph\">La edici\u00f3n 2026 del Foro Econ\u00f3mico Mundial fue testigo de un regreso inesperado: Tras a\u00f1os de calificar la reuni\u00f3n de la \u00e9lite global como \u00ababurrida y desconectada de la realidad\u201d, Elon Musk, el hombre m\u00e1s rico del mundo, volvi\u00f3 a los Alpes suizos.<\/p>\n\n\n\n<p class=\"wp-block-paragraph\">Pero no el magnate no lleg\u00f3 a Davos para hablar de pol\u00edtica ni de las pol\u00e9micas en torno de su red social X o de su chatbot con inteligencia artificial (IA), Grok. Musk acudi\u00f3 al encuentro para poner fecha al inicio de una nueva era: la comercializaci\u00f3n masiva de Optimus, su robot humanoide.<\/p>\n\n\n\n<p class=\"wp-block-paragraph\">Durante una intervenci\u00f3n que fue anunciada pr\u00e1cticamente antes de comenzar (y que se llen\u00f3), el CEO de Tesla lanz\u00f3 una promesa que los entusiastas de la tecnolog\u00eda esperaban desde hac\u00eda mucho tiempo:<\/p>\n\n\n\n<p class=\"wp-block-paragraph\">\u201cDe aqu\u00ed a fin del a\u00f1o pr\u00f3ximo, pienso que venderemos robots humanoides al p\u00fablico\u00bb, afirm\u00f3 Musk, situando el horizonte de compra para finales de 2027.<\/p>\n\n\n\n<p class=\"wp-block-paragraph\"><strong>El ambicioso calendario para vender Optimus<\/strong><\/p>\n\n\n\n<p class=\"wp-block-paragraph\">La hoja de ruta presentada por Musk en Davos sugiere que 2026 ser\u00e1 el a\u00f1o de la \u2018revoluci\u00f3n interna\u2019. Dijo que Tesla planea instalar l\u00edneas de producci\u00f3n masivas este mismo a\u00f1o, con el objetivo inicial de utilizar a Optimus dentro de sus propias f\u00e1bricas para tareas log\u00edsticas y de ensamblaje.<\/p>\n\n\n\n<p class=\"wp-block-paragraph\">Sin embargo, el salto al mercado comercial para 2027 supone un reto log\u00edstico sin precedentes. Musk advirti\u00f3 que el ritmo de producci\u00f3n al comienzo ser\u00e1 \u2018atrozmente lento\u2019, pues casi todos los componentes de Optimus y del robotaxi Cybercab son dise\u00f1os nuevos que no se han fabricado a escala anteriormente.<\/p>\n\n\n\n<p class=\"wp-block-paragraph\">Es importante recordar que Musk ha reconocido con honestidad que sus calendarios suelen ser \u2018un poco optimistas\u2019. En Davos, el magnate de origen sudafricano cerr\u00f3 su discurso con una reflexi\u00f3n personal sobre sus plazos:<\/p>\n\n\n\n<p class=\"wp-block-paragraph\">De manera general, pienso que para la calidad de vida es mejor pecar de optimismo y equivocarse, en vez de pecar de pesimismo y tener raz\u00f3n\u00bb, sentenci\u00f3 ante un auditorio principal lleno.<\/p>\n\n\n\n<p class=\"wp-block-paragraph\">La presencia de Musk en el Foro de Davos sin duda marca un cambio de tono. Al centrarse en paneles solares, espacio y Optimus, el magnate busca recuperar la confianza en Tesla como una empresa de IA y rob\u00f3tica, m\u00e1s que solo un fabricante de autos.<\/p>\n\n\n\n<p class=\"wp-block-paragraph\"><strong>\u00bfCu\u00e1nto costar\u00e1 tener un Optimus?<\/strong><\/p>\n\n\n\n<p class=\"wp-block-paragraph\">Aunque en su intervenci\u00f3n Musk no dio una cifra exacta de venta al p\u00fablico, en eventos previos de Tesla ha estimado que, una vez que la producci\u00f3n alcance su punto de madurez, el costo de un Optimus podr\u00eda ser \u00abmenor que el de un coche\u00bb, situ\u00e1ndolo en un rango de entre 20,000 y 30,000 d\u00f3lares (aproximadamente entre 340,000 y 510,000 pesos mexicanos).<\/p>\n\n\n\n<p class=\"wp-block-paragraph\">Este precio es clave para el plan de remuneraci\u00f3n de Musk. El multimillonario debe cumplir hitos espec\u00edficos, como suministrar un mill\u00f3n de unidades de Optimus, para beneficiarse del masivo plan de acciones validado por los accionistas de Tesla.<\/p>\n\n\n\n<p class=\"wp-block-paragraph\">Si logra democratizar el acceso a este robot, no solo cambiar\u00e1 la econom\u00eda dom\u00e9stica, sino que consolidar\u00e1 su posici\u00f3n financiera por la pr\u00f3xima d\u00e9cada.<\/p>\n\n\n\n<p class=\"wp-block-paragraph\">Caracter\u00edsticas de Optimus: \u00bfQu\u00e9 podr\u00e1 hacer el robot de Tesla?<\/p>\n\n\n\n<p class=\"wp-block-paragraph\">Optimus, tambi\u00e9n conocido como el Tesla Bot, no es solo una estatua andante; es una computadora con IA envuelta en una estructura met\u00e1lica dise\u00f1ada para replicar el movimiento humano. Estas son las caracter\u00edsticas que lo definen:<\/p>\n\n\n\n<p class=\"wp-block-paragraph\">Autonom\u00eda basada en IA: Optimus utiliza el mismo sistema de redes neuronales de visi\u00f3n que los veh\u00edculos de Tesla. A trav\u00e9s de c\u00e1maras y sensores, el robot puede reconocer objetos, navegar en espacios complejos y aprender tareas nuevas sin necesidad de programaci\u00f3n l\u00ednea por l\u00ednea.<\/p>\n\n\n\n<p class=\"wp-block-paragraph\">Destreza humana: La versi\u00f3n m\u00e1s reciente cuenta con manos capaces de realizar movimientos delicados, como manipular huevos o doblar ropa. Sus 28 actuadores estructurales le permiten caminar, agacharse y levantar hasta 20 kilogramos de carga.<\/p>\n\n\n\n<p class=\"wp-block-paragraph\">Bater\u00eda y conectividad: Optimus est\u00e1 equipado con una bater\u00eda de 2.3 kWh, suficiente para una jornada laboral completa, y cuenta con conectividad Wi-Fi y LTE para actualizaciones de software over-the-air (en la nube).<\/p>\n\n\n\n<p class=\"wp-block-paragraph\">Seguridad: Musk ha enfatizado que el robot es amigable por dise\u00f1o, con limitaciones f\u00edsicas para que un humano promedio siempre pueda superarlo en fuerza o velocidad en caso de emergencia.<\/p>\n\n\n\n<p class=\"wp-block-paragraph\">Comparativo de Optimus frente a otros robots de la competenciaTesla\/Especial<\/p>\n\n\n\n<p class=\"wp-block-paragraph\"><em>Con informaci\u00f3n de El Universal<\/em>.<\/p>\n","protected":false},"excerpt":{"rendered":"<p>La edici\u00f3n 2026 del Foro Econ\u00f3mico Mundial fue testigo de un regreso inesperado: Tras a\u00f1os de calificar la reuni\u00f3n de la \u00e9lite global como \u00ababurrida y desconectada de la realidad\u201d, Elon Musk, el hombre m\u00e1s rico del mundo, volvi\u00f3 a los Alpes suizos. Pero no el magnate no lleg\u00f3 a Davos para hablar de pol\u00edtica [&hellip;]<\/p>\n","protected":false},"author":6,"featured_media":77211,"comment_status":"closed","ping_status":"closed","sticky":false,"template":"","format":"standard","meta":{"_acf_changed":false,"_monsterinsights_skip_tracking":false,"slim_seo":{"title":"\u00bfCu\u00e1ndo podr\u00e1s comprar Optimus, el robot humanoide de Musk, cu\u00e1nto costar\u00e1? - Opini\u00f3n P\u00fablica","description":"La edici\u00f3n 2026 del Foro Econ\u00f3mico Mundial fue testigo de un regreso inesperado: Tras a\u00f1os de calificar la reuni\u00f3n de la \u00e9lite global como \"aburrida y desconect"},"footnotes":""},"categories":[22],"tags":[722,1404,2017],"class_list":["post-77208","post","type-post","status-publish","format-standard","has-post-thumbnail","hentry","category-ciencia-y-tecnologia","tag-elon-musk","tag-foro-economico-mundial","tag-optimus"],"acf":[],"_links":{"self":[{"href":"https:\/\/www.opinionpublica.tv\/portada\/wp-json\/wp\/v2\/posts\/77208","targetHints":{"allow":["GET"]}}],"collection":[{"href":"https:\/\/www.opinionpublica.tv\/portada\/wp-json\/wp\/v2\/posts"}],"about":[{"href":"https:\/\/www.opinionpublica.tv\/portada\/wp-json\/wp\/v2\/types\/post"}],"author":[{"embeddable":true,"href":"https:\/\/www.opinionpublica.tv\/portada\/wp-json\/wp\/v2\/users\/6"}],"replies":[{"embeddable":true,"href":"https:\/\/www.opinionpublica.tv\/portada\/wp-json\/wp\/v2\/comments?post=77208"}],"version-history":[{"count":2,"href":"https:\/\/www.opinionpublica.tv\/portada\/wp-json\/wp\/v2\/posts\/77208\/revisions"}],"predecessor-version":[{"id":77212,"href":"https:\/\/www.opinionpublica.tv\/portada\/wp-json\/wp\/v2\/posts\/77208\/revisions\/77212"}],"wp:featuredmedia":[{"embeddable":true,"href":"https:\/\/www.opinionpublica.tv\/portada\/wp-json\/wp\/v2\/media\/77211"}],"wp:attachment":[{"href":"https:\/\/www.opinionpublica.tv\/portada\/wp-json\/wp\/v2\/media?parent=77208"}],"wp:term":[{"taxonomy":"category","embeddable":true,"href":"https:\/\/www.opinionpublica.tv\/portada\/wp-json\/wp\/v2\/categories?post=77208"},{"taxonomy":"post_tag","embeddable":true,"href":"https:\/\/www.opinionpublica.tv\/portada\/wp-json\/wp\/v2\/tags?post=77208"}],"curies":[{"name":"wp","href":"https:\/\/api.w.org\/{rel}","templated":true}]}}