{"id":77197,"date":"2026-01-24T00:01:00","date_gmt":"2026-01-24T07:01:00","guid":{"rendered":"https:\/\/www.opinionpublica.tv\/portada\/?p=77197"},"modified":"2026-01-23T17:26:19","modified_gmt":"2026-01-24T00:26:19","slug":"el-libro-de-la-semana-insomnia-stephen-king-algo-parece-estar-cambiando-y-no-para-bien","status":"publish","type":"post","link":"https:\/\/www.opinionpublica.tv\/portada\/el-libro-de-la-semana-insomnia-stephen-king-algo-parece-estar-cambiando-y-no-para-bien\/","title":{"rendered":"Insomnia | Autor: Stephen King | algo parece estar cambiando\u2026 Y no para bien"},"content":{"rendered":"\n<figure class=\"wp-block-image size-full\"><img fetchpriority=\"high\" decoding=\"async\" width=\"300\" height=\"451\" src=\"https:\/\/www.opinionpublica.tv\/portada\/wp-content\/uploads\/2026\/01\/Insomnia-Autor-Stephen-King-algo-parece-estar-cambiando\u2026-Y-no-para-bien.webp\" alt=\"Insomnia | autor stephen king | algo parece estar cambiando\u2026 y no para bien\" class=\"wp-image-77201\" srcset=\"https:\/\/www.opinionpublica.tv\/portada\/wp-content\/uploads\/2026\/01\/Insomnia-Autor-Stephen-King-algo-parece-estar-cambiando\u2026-Y-no-para-bien.webp 300w, https:\/\/www.opinionpublica.tv\/portada\/wp-content\/uploads\/2026\/01\/Insomnia-Autor-Stephen-King-algo-parece-estar-cambiando\u2026-Y-no-para-bien-200x300.webp 200w\" sizes=\"(max-width: 300px) 100vw, 300px\" \/><\/figure>\n\n\n\n<p class=\"wp-block-paragraph\">Bajo la calma superficie de la peque\u00f1a ciudad de Derry algo parece estar cambiando&#8230; Y no para bien.<\/p>\n\n\n\n<p class=\"wp-block-paragraph\">Ralph Roberts, a sus setenta a\u00f1os y tras la muerte de su mujer, siente que su vida se acaba.<\/p>\n\n\n\n<p class=\"wp-block-paragraph\">\u00bfEs acaso posible que su reciente viudez, unida a un persistente insomnio, sea la causa de esa nueva sensibilidad visual que, poco a poco, le permite ver el m\u00e1s all\u00e1 de las personas?<\/p>\n\n\n\n<p class=\"wp-block-paragraph\">A Ralph le preocupa este hecho, pero no menos que el s\u00fabito e inexplicable comportamiento, irracional y violento, de algunos de sus vecinos&#8230;<\/p>\n","protected":false},"excerpt":{"rendered":"<p>Bajo la calma superficie de la peque\u00f1a ciudad de Derry algo parece estar cambiando&#8230; Y no para bien. Ralph Roberts, a sus setenta a\u00f1os y tras la muerte de su mujer, siente que su vida se acaba. \u00bfEs acaso posible que su reciente viudez, unida a un persistente insomnio, sea la causa de esa nueva [&hellip;]<\/p>\n","protected":false},"author":6,"featured_media":77201,"comment_status":"closed","ping_status":"closed","sticky":false,"template":"","format":"standard","meta":{"_acf_changed":false,"_monsterinsights_skip_tracking":false,"slim_seo":{"title":"Insomnia | Autor: Stephen King | algo parece estar cambiando\u2026 Y no para bien - Opini\u00f3n P\u00fablica","description":"Bajo la calma superficie de la peque\u00f1a ciudad de Derry algo parece estar cambiando... Y no para bien. Ralph Roberts, a sus setenta a\u00f1os y tras la muerte de su m"},"footnotes":""},"categories":[1007],"tags":[507,1115,2016],"class_list":["post-77197","post","type-post","status-publish","format-standard","has-post-thumbnail","hentry","category-el-libro-de-la-semana","tag-lectura","tag-libro-de-la-semana","tag-stephen-king"],"acf":[],"_links":{"self":[{"href":"https:\/\/www.opinionpublica.tv\/portada\/wp-json\/wp\/v2\/posts\/77197","targetHints":{"allow":["GET"]}}],"collection":[{"href":"https:\/\/www.opinionpublica.tv\/portada\/wp-json\/wp\/v2\/posts"}],"about":[{"href":"https:\/\/www.opinionpublica.tv\/portada\/wp-json\/wp\/v2\/types\/post"}],"author":[{"embeddable":true,"href":"https:\/\/www.opinionpublica.tv\/portada\/wp-json\/wp\/v2\/users\/6"}],"replies":[{"embeddable":true,"href":"https:\/\/www.opinionpublica.tv\/portada\/wp-json\/wp\/v2\/comments?post=77197"}],"version-history":[{"count":3,"href":"https:\/\/www.opinionpublica.tv\/portada\/wp-json\/wp\/v2\/posts\/77197\/revisions"}],"predecessor-version":[{"id":77202,"href":"https:\/\/www.opinionpublica.tv\/portada\/wp-json\/wp\/v2\/posts\/77197\/revisions\/77202"}],"wp:featuredmedia":[{"embeddable":true,"href":"https:\/\/www.opinionpublica.tv\/portada\/wp-json\/wp\/v2\/media\/77201"}],"wp:attachment":[{"href":"https:\/\/www.opinionpublica.tv\/portada\/wp-json\/wp\/v2\/media?parent=77197"}],"wp:term":[{"taxonomy":"category","embeddable":true,"href":"https:\/\/www.opinionpublica.tv\/portada\/wp-json\/wp\/v2\/categories?post=77197"},{"taxonomy":"post_tag","embeddable":true,"href":"https:\/\/www.opinionpublica.tv\/portada\/wp-json\/wp\/v2\/tags?post=77197"}],"curies":[{"name":"wp","href":"https:\/\/api.w.org\/{rel}","templated":true}]}}