{"id":77193,"date":"2026-01-24T00:01:00","date_gmt":"2026-01-24T07:01:00","guid":{"rendered":"https:\/\/www.opinionpublica.tv\/portada\/?p=77193"},"modified":"2026-01-23T16:09:12","modified_gmt":"2026-01-23T23:09:12","slug":"efemerides-24-de-enero-un-dia-como-hoy-en-la-historia","status":"publish","type":"post","link":"https:\/\/www.opinionpublica.tv\/portada\/efemerides-24-de-enero-un-dia-como-hoy-en-la-historia\/","title":{"rendered":"Efem\u00e9rides 24 de enero | Un d\u00eda como hoy en la historia&#8230;"},"content":{"rendered":"\n<p class=\"wp-block-paragraph\"><em>Un d\u00eda 24 de enero como hoy, pero de 2018, la Justicia brasile\u00f1a ratifica y eleva a 12 a\u00f1os la condena contra el e ex presidente Luiz In\u00e1cio Lula da Silva por corrupci\u00f3n<\/em>.<\/p>\n\n\n\n<figure class=\"wp-block-image size-full\"><img fetchpriority=\"high\" decoding=\"async\" width=\"640\" height=\"360\" src=\"https:\/\/www.opinionpublica.tv\/portada\/wp-content\/uploads\/2026\/01\/2018-la-Justicia-brasilena-ratifica-y-eleva-a-12-anos-la-condena-contra-el-e-ex-presidente-Luiz-Inacio-Lula-da-Silva-por-corrupcion.webp\" alt=\"2018, la justicia brasilen\u0303a ratifica y eleva a 12 an\u0303os la condena contra el e ex presidente luiz ina\u0301cio lula da silva por corrupcio\u0301n\" class=\"wp-image-77194\" srcset=\"https:\/\/www.opinionpublica.tv\/portada\/wp-content\/uploads\/2026\/01\/2018-la-Justicia-brasilena-ratifica-y-eleva-a-12-anos-la-condena-contra-el-e-ex-presidente-Luiz-Inacio-Lula-da-Silva-por-corrupcion.webp 640w, https:\/\/www.opinionpublica.tv\/portada\/wp-content\/uploads\/2026\/01\/2018-la-Justicia-brasilena-ratifica-y-eleva-a-12-anos-la-condena-contra-el-e-ex-presidente-Luiz-Inacio-Lula-da-Silva-por-corrupcion-300x169.webp 300w\" sizes=\"(max-width: 640px) 100vw, 640px\" \/><\/figure>\n\n\n\n<p class=\"wp-block-paragraph\"><strong>Otras efem\u00e9rides<\/strong><\/p>\n\n\n\n<p class=\"wp-block-paragraph\">1600.- El holand\u00e9s Sebald de Weert, al mando de la nave Geloof , descubre tres islas que bautiza como Sebaldinas y que luego pasar\u00edan a llamarse Malvinas.<\/p>\n\n\n\n<p class=\"wp-block-paragraph\">1939.- Un terremoto destruye la ciudad de Chill\u00e1n, en Chile, y causa 30 mil muertos.<\/p>\n\n\n\n<p class=\"wp-block-paragraph\">1950.- El estadounidense Percy Spencer recibe la patente del horno microondas.<\/p>\n\n\n\n<p class=\"wp-block-paragraph\">1958.- Cient\u00edficos brit\u00e1nicos y estadounidenses anuncian que se ha logrado una fusi\u00f3n nuclear controlada.<\/p>\n\n\n\n<p class=\"wp-block-paragraph\">1966.- Se estrella en el Mont Blanc un Boeing 707 causando la muerte a sus 117 ocupantes.<\/p>\n\n\n\n<p class=\"wp-block-paragraph\">1984.- Apple lanza su primer ordenador Mac, el Macintosh 128K, que incluye interfaz gr\u00e1fica y rat\u00f3n.<\/p>\n\n\n\n<p class=\"wp-block-paragraph\">1986.- La sonda Voyager 2 de la NASA se acerca al planeta Urano y descubre diez lunas hasta entonces desconocidas.<\/p>\n\n\n\n<p class=\"wp-block-paragraph\">1992.- Primeras elecciones presidenciales libres en Mauritania, que son ganadas por el presidente Muauiya Uld Taya.<\/p>\n\n\n\n<p class=\"wp-block-paragraph\">1992.- Los presidentes de Bolivia, Paz Zamora, y Per\u00fa, Alberto Fujimori, acuerdan convertir el puerto peruano de Ilo en zona franca para Bolivia.<\/p>\n\n\n\n<p class=\"wp-block-paragraph\">1994.- Un petrolero malt\u00e9s explota y se parte en dos con 23.000 toneladas de crudo a 530 kil\u00f3metros de Hong Kong.<\/p>\n\n\n\n<p class=\"wp-block-paragraph\">1995.- Rusia lanza, por primera vez, un cohete portador Kosmos-3M con tres sat\u00e9lites, uno ruso, otro estadounidense y otro sueco.<\/p>\n\n\n\n<p class=\"wp-block-paragraph\">2002.- Fallece en atentado en Beirut el exministro liban\u00e9s Eili Hobeika, l\u00edder de las milicias cristianas y considerado uno de los responsables de las matanzas de Sabra y Chatila (1982).<\/p>\n\n\n\n<p class=\"wp-block-paragraph\">2003.- Se acuerda la paz en Costa de Marfil.<\/p>\n\n\n\n<p class=\"wp-block-paragraph\">2008.- El banco franc\u00e9s Soci\u00e9t\u00e9 G\u00e9nerale anuncia que uno de sus operadores ha provocado a la entidad un fraude de 4.900 millones de euros.<\/p>\n\n\n\n<p class=\"wp-block-paragraph\">2011.- Mueren 37 personas y 180 resultan heridas en un atentado terrorista en el aeropuerto moscovita de Domod\u00e9dovo, reivindicado por la guerrilla islamista chechena.<\/p>\n\n\n\n<p class=\"wp-block-paragraph\">2015.- Al menos 30 muertos en un ataque de artiller\u00eda a la ciudad de Mari\u00fapol, en Ucrania.<\/p>\n\n\n\n<p class=\"wp-block-paragraph\">2017.- El primer ministro iraqu\u00ed, Haidar al Abadi, anuncia la liberaci\u00f3n de la parte este de la ciudad de Mosul, que se encontraba en manos del grupo yihadista Estado Isl\u00e1mico (EI).<\/p>\n\n\n\n<p class=\"wp-block-paragraph\">2020.- Bolivia suspende relaciones con Cuba.<\/p>\n\n\n\n<p class=\"wp-block-paragraph\"><strong>Nacimientos<\/strong><\/p>\n\n\n\n<p class=\"wp-block-paragraph\">1776.- Theodor Hoffmann, autor alem\u00e1n de cuentos.<\/p>\n\n\n\n<p class=\"wp-block-paragraph\">1915.- Robert Motherwell, pintor estadounidense.<\/p>\n\n\n\n<p class=\"wp-block-paragraph\">1916.- Rafael Caldera, expresidente de Venezuela.<\/p>\n\n\n\n<p class=\"wp-block-paragraph\">1940.- Joachim Gauck, expresidente de Alemania (2012-2017).<\/p>\n\n\n\n<p class=\"wp-block-paragraph\">1941.- Neil Diamond, cantautor estadounidense.<\/p>\n\n\n\n<p class=\"wp-block-paragraph\">1943.- Sharon Tate, actriz y modelo estadounidense.<\/p>\n\n\n\n<p class=\"wp-block-paragraph\">1953.- Moon Jae-in, expresidente de Corea del Sur.<\/p>\n\n\n\n<p class=\"wp-block-paragraph\">1961.- Natassia Kinski, actriz estadounidense.<\/p>\n\n\n\n<p class=\"wp-block-paragraph\">1987.- Luis Su\u00e1rez, futbolista uruguayo.<\/p>\n\n\n\n<p class=\"wp-block-paragraph\"><strong>Defunciones<\/strong><\/p>\n\n\n\n<p class=\"wp-block-paragraph\">1920.- Amadeo Modigliani, pintor italiano.<\/p>\n\n\n\n<p class=\"wp-block-paragraph\">1965.- Winston Churchill, estadista conservador brit\u00e1nico.<\/p>\n\n\n\n<p class=\"wp-block-paragraph\">1967.- Oliverio Girondo, poeta argentino.<\/p>\n\n\n\n<p class=\"wp-block-paragraph\">1983.- George Cukor, cineasta estadounidense.<\/p>\n\n\n\n<p class=\"wp-block-paragraph\">1994.- Yves Navarre, escritor franc\u00e9s.<\/p>\n\n\n\n<p class=\"wp-block-paragraph\">2003.- Giovanni Agnelli, empresario italiano, magnate de Fiat.<\/p>\n\n\n\n<p class=\"wp-block-paragraph\">2012.- Theo Angel\u00f3pulos, director de cine griego.<\/p>\n\n\n\n<p class=\"wp-block-paragraph\">2016.- Marvin Minsky, cient\u00edfico estadounidense, pionero de la inteligencia artificial.<\/p>\n\n\n\n<p class=\"wp-block-paragraph\">2017.- Butch Trucks, m\u00fasico estadounidense.<\/p>\n","protected":false},"excerpt":{"rendered":"<p>Un d\u00eda 24 de enero como hoy, pero de 2018, la Justicia brasile\u00f1a ratifica y eleva a 12 a\u00f1os la condena contra el e ex presidente Luiz In\u00e1cio Lula da Silva por corrupci\u00f3n. Otras efem\u00e9rides 1600.- El holand\u00e9s Sebald de Weert, al mando de la nave Geloof , descubre tres islas que bautiza como Sebaldinas [&hellip;]<\/p>\n","protected":false},"author":6,"featured_media":77194,"comment_status":"closed","ping_status":"closed","sticky":false,"template":"","format":"standard","meta":{"_acf_changed":false,"_monsterinsights_skip_tracking":false,"slim_seo":{"title":"Efem\u00e9rides 24 de enero | Un d\u00eda como hoy en la historia... - Opini\u00f3n P\u00fablica","description":"Un d\u00eda 24 de enero como hoy, pero de 2018, la Justicia brasile\u00f1a ratifica y eleva a 12 a\u00f1os la condena contra el e ex presidente Luiz In\u00e1cio Lula da Silva por c"},"footnotes":""},"categories":[27],"tags":[2015,1434,59],"class_list":["post-77193","post","type-post","status-publish","format-standard","has-post-thumbnail","hentry","category-un-dia-como-hoy","tag-efemerides-24-de-enero","tag-luiz-inacio-lula-da-silva","tag-un-dia-como-hoy"],"acf":[],"_links":{"self":[{"href":"https:\/\/www.opinionpublica.tv\/portada\/wp-json\/wp\/v2\/posts\/77193","targetHints":{"allow":["GET"]}}],"collection":[{"href":"https:\/\/www.opinionpublica.tv\/portada\/wp-json\/wp\/v2\/posts"}],"about":[{"href":"https:\/\/www.opinionpublica.tv\/portada\/wp-json\/wp\/v2\/types\/post"}],"author":[{"embeddable":true,"href":"https:\/\/www.opinionpublica.tv\/portada\/wp-json\/wp\/v2\/users\/6"}],"replies":[{"embeddable":true,"href":"https:\/\/www.opinionpublica.tv\/portada\/wp-json\/wp\/v2\/comments?post=77193"}],"version-history":[{"count":2,"href":"https:\/\/www.opinionpublica.tv\/portada\/wp-json\/wp\/v2\/posts\/77193\/revisions"}],"predecessor-version":[{"id":77196,"href":"https:\/\/www.opinionpublica.tv\/portada\/wp-json\/wp\/v2\/posts\/77193\/revisions\/77196"}],"wp:featuredmedia":[{"embeddable":true,"href":"https:\/\/www.opinionpublica.tv\/portada\/wp-json\/wp\/v2\/media\/77194"}],"wp:attachment":[{"href":"https:\/\/www.opinionpublica.tv\/portada\/wp-json\/wp\/v2\/media?parent=77193"}],"wp:term":[{"taxonomy":"category","embeddable":true,"href":"https:\/\/www.opinionpublica.tv\/portada\/wp-json\/wp\/v2\/categories?post=77193"},{"taxonomy":"post_tag","embeddable":true,"href":"https:\/\/www.opinionpublica.tv\/portada\/wp-json\/wp\/v2\/tags?post=77193"}],"curies":[{"name":"wp","href":"https:\/\/api.w.org\/{rel}","templated":true}]}}