{"id":7718,"date":"2016-11-12T07:00:00","date_gmt":"2016-11-12T06:00:00","guid":{"rendered":"https:\/\/www.opinionpublica.tv\/portada\/2016\/11\/12\/concluye-semana-nacional-de-la-salud-bucal\/"},"modified":"2016-11-12T07:00:00","modified_gmt":"2016-11-12T06:00:00","slug":"concluye-semana-nacional-de-la-salud-bucal","status":"publish","type":"post","link":"https:\/\/www.opinionpublica.tv\/portada\/concluye-semana-nacional-de-la-salud-bucal\/","title":{"rendered":"Concluye Semana Nacional de la Salud Bucal"},"content":{"rendered":"<p><img fetchpriority=\"high\" decoding=\"async\" class=\" size-full wp-image-7717\" src=\"https:\/\/www.opinionpublica.tv\/portada\/wp-content\/uploads\/2016\/11\/dda224f5f73f8293718cc39912ac22e5-scaled.jpg\" alt=\"\" width=\"2560\" height=\"1714\" srcset=\"https:\/\/www.opinionpublica.tv\/portada\/wp-content\/uploads\/2016\/11\/dda224f5f73f8293718cc39912ac22e5-scaled.jpg 2560w, https:\/\/www.opinionpublica.tv\/portada\/wp-content\/uploads\/2016\/11\/dda224f5f73f8293718cc39912ac22e5-300x201.jpg 300w\" sizes=\"(max-width: 2560px) 100vw, 2560px\" \/><br \/>\n<!--more--><\/p>\n<p style=\"text-align: justify;\">Al concluir la \u201cSemana Nacional de Salud Bucal\u201d, la Secretar\u00eda de Desarrollo Social (SDS) informa que particip\u00f3 de manera activa con personal m\u00e9dico que examinaron a 3 mil 387 alumnos de 12 instituciones educativas de la capital.<\/p>\n<p style=\"text-align: justify;\">El personal de Programas Prioritarios de la SDS, a petici\u00f3n de la Coordinaci\u00f3n Estatal de Salud Bucal, realiz\u00f3 revisiones dentales, detecci\u00f3n de placa dentobacteriana, cursos de t\u00e9cnicas de cepillado y del uso de hilo dental; as\u00ed como revisi\u00f3n de tejidos bucales de los estudiantes.<\/p>\n<p style=\"text-align: justify;\">Lo anterior se complement\u00f3 con la entrega de cepillos de dientes a todos los ni\u00f1os y j\u00f3venes, as\u00ed como tabletas reveladoras de la placa dentobacteriana, con el fin de que mejoren su salud bucal.<\/p>\n<p style=\"text-align: justify;\">Otros servicios prestados fueron la revisi\u00f3n de talla y peso de los estudiantes, as\u00ed como correcci\u00f3n de su postura corporal y ex\u00e1menes de la vista con el fin de entregarle lentes a quienes los requieran.<\/p>\n<p style=\"text-align: justify;\">De acuerdo con los m\u00e9dicos que realizaron los estudios a los ni\u00f1os y j\u00f3venes, encontraron que, en la mayor\u00eda de las escuelas, la salud bucal de la poblaci\u00f3n estudiantil se encuentra dentro de par\u00e1metros normales en cuanto a la caries; no obstante, los padres de familia no deben de dejar de prestar atenci\u00f3n en ese aspecto.<\/p>\n<p style=\"text-align: justify;\">Por otra parte, detectaron que la alimentaci\u00f3n de los alumnos en muchos casos no es la adecuada, pues les encontraron manchas blancas en la cara, lo que denota que no consumen suficientes frutas y verduras que les aportan vitaminas y minerales.<\/p>\n","protected":false},"excerpt":{"rendered":"","protected":false},"author":4,"featured_media":7717,"comment_status":"open","ping_status":"open","sticky":false,"template":"","format":"standard","meta":{"_acf_changed":false,"_monsterinsights_skip_tracking":false,"slim_seo":{"title":"Concluye Semana Nacional de la Salud Bucal - Opini\u00f3n P\u00fablica","description":"Al concluir la \u201cSemana Nacional de Salud Bucal\u201d, la Secretar\u00eda de Desarrollo Social (SDS) informa que particip\u00f3 de manera activa con personal m\u00e9dico que examina"},"footnotes":""},"categories":[5],"tags":[],"class_list":["post-7718","post","type-post","status-publish","format-standard","has-post-thumbnail","hentry","category-frontera"],"acf":[],"_links":{"self":[{"href":"https:\/\/www.opinionpublica.tv\/portada\/wp-json\/wp\/v2\/posts\/7718","targetHints":{"allow":["GET"]}}],"collection":[{"href":"https:\/\/www.opinionpublica.tv\/portada\/wp-json\/wp\/v2\/posts"}],"about":[{"href":"https:\/\/www.opinionpublica.tv\/portada\/wp-json\/wp\/v2\/types\/post"}],"author":[{"embeddable":true,"href":"https:\/\/www.opinionpublica.tv\/portada\/wp-json\/wp\/v2\/users\/4"}],"replies":[{"embeddable":true,"href":"https:\/\/www.opinionpublica.tv\/portada\/wp-json\/wp\/v2\/comments?post=7718"}],"version-history":[{"count":0,"href":"https:\/\/www.opinionpublica.tv\/portada\/wp-json\/wp\/v2\/posts\/7718\/revisions"}],"wp:featuredmedia":[{"embeddable":true,"href":"https:\/\/www.opinionpublica.tv\/portada\/wp-json\/wp\/v2\/media\/7717"}],"wp:attachment":[{"href":"https:\/\/www.opinionpublica.tv\/portada\/wp-json\/wp\/v2\/media?parent=7718"}],"wp:term":[{"taxonomy":"category","embeddable":true,"href":"https:\/\/www.opinionpublica.tv\/portada\/wp-json\/wp\/v2\/categories?post=7718"},{"taxonomy":"post_tag","embeddable":true,"href":"https:\/\/www.opinionpublica.tv\/portada\/wp-json\/wp\/v2\/tags?post=7718"}],"curies":[{"name":"wp","href":"https:\/\/api.w.org\/{rel}","templated":true}]}}