{"id":77116,"date":"2026-01-23T00:01:00","date_gmt":"2026-01-23T07:01:00","guid":{"rendered":"https:\/\/www.opinionpublica.tv\/portada\/?p=77116"},"modified":"2026-01-22T20:03:39","modified_gmt":"2026-01-23T03:03:39","slug":"reforma-electoral-contempla-reglas-para-usar-ia-en-campanas-anuncia-sheinbaum","status":"publish","type":"post","link":"https:\/\/www.opinionpublica.tv\/portada\/reforma-electoral-contempla-reglas-para-usar-ia-en-campanas-anuncia-sheinbaum\/","title":{"rendered":"La Reforma Electoral contempla reglas para regular uso de IA en las campa\u00f1as pol\u00edticas; confirma Claudia Sheinbaum"},"content":{"rendered":"\n<figure class=\"wp-block-image size-large\"><img fetchpriority=\"high\" decoding=\"async\" width=\"1024\" height=\"683\" src=\"https:\/\/www.opinionpublica.tv\/portada\/wp-content\/uploads\/2026\/01\/Reforma-Electoral-contempla-reglas-para-IA-en-campanas-presidenta-Sheinbaum-1024x683.jpeg\" alt=\"Reforma electoral contempla reglas para ia en campan\u0303as presidenta sheinbaum\" class=\"wp-image-77120\" srcset=\"https:\/\/www.opinionpublica.tv\/portada\/wp-content\/uploads\/2026\/01\/Reforma-Electoral-contempla-reglas-para-IA-en-campanas-presidenta-Sheinbaum-1024x683.jpeg 1024w, https:\/\/www.opinionpublica.tv\/portada\/wp-content\/uploads\/2026\/01\/Reforma-Electoral-contempla-reglas-para-IA-en-campanas-presidenta-Sheinbaum-300x200.jpeg 300w, https:\/\/www.opinionpublica.tv\/portada\/wp-content\/uploads\/2026\/01\/Reforma-Electoral-contempla-reglas-para-IA-en-campanas-presidenta-Sheinbaum-768x512.jpeg 768w, https:\/\/www.opinionpublica.tv\/portada\/wp-content\/uploads\/2026\/01\/Reforma-Electoral-contempla-reglas-para-IA-en-campanas-presidenta-Sheinbaum.jpeg 1200w\" sizes=\"(max-width: 1024px) 100vw, 1024px\" \/><\/figure>\n\n\n\n<p class=\"wp-block-paragraph\"><em>Ciudad de M\u00e9xico<\/em>.- La presidenta Claudia Sheinbaum anunci\u00f3 que su iniciativa de reforma electoral incluir\u00e1, por primera vez, una regulaci\u00f3n estricta sobre el uso de la inteligencia artificial (IA) durante las campa\u00f1as pol\u00edticas.<\/p>\n\n\n\n<p class=\"wp-block-paragraph\">La propuesta busca garantizar que la ciudadan\u00eda identifique claramente los contenidos generados por algoritmos y contempla sanciones econ\u00f3micas para evitar la desinformaci\u00f3n.<\/p>\n\n\n\n<p class=\"wp-block-paragraph\">S\u00ed, es importante en general (la IA), pero particularmente para las campa\u00f1as pol\u00edticas s\u00ed es importante que la gente conozca si se produce algo con inteligencia artificial, que sepan de manera grande y todo lo que es inteligencia artificial\u201d, indic\u00f3.<\/p>\n\n\n\n<p class=\"wp-block-paragraph\">En tanto, advirti\u00f3 al Partido Verde y al Partido del Trabajo que la reforma electoral no se construir\u00e1 mediante acuerdos pol\u00edticos, por lo que no permitir\u00e1 que haya un \u201ctoma y daca\u201d.<\/p>\n\n\n\n<p class=\"wp-block-paragraph\">La jefa de Ejecutivo federal fue consultada sobre las exigencias de los aliados de Morena en el Congreso de la Uni\u00f3n, quienes piden ser tratados con igualdad.<\/p>\n\n\n\n<p class=\"wp-block-paragraph\">Regular\u00e1n uso de la Inteligencia artificial en campa\u00f1as<\/p>\n\n\n\n<p class=\"wp-block-paragraph\">La presidenta Claudia Sheinbaum inform\u00f3 que en la reforma electoral que presentar\u00e1 se contempla una regulaci\u00f3n sobre el uso de la inteligencia artificial (IA) en las campa\u00f1as pol\u00edticas para evitar su mal uso, y se podr\u00edan definir\u00e1n algunas multas.<\/p>\n\n\n\n<p class=\"wp-block-paragraph\">\u2014S\u00ed, es importante en general (la IA), pero particularmente para las campa\u00f1as pol\u00edticas s\u00ed es importante que la gente conozca si se produce algo con inteligencia artificial, que sepan de manera grande y todo lo que es inteligencia artificial, respondi\u00f3.<\/p>\n\n\n\n<p class=\"wp-block-paragraph\">\u2014\u00bfY se pondr\u00e1 en la reforma?, se le insisti\u00f3.<\/p>\n\n\n\n<p class=\"wp-block-paragraph\">\u2014S\u00ed, y tambi\u00e9n algunos temas de multas y otras cosas, se\u00f1al\u00f3 en su conferencia matutina.<\/p>\n\n\n\n<p class=\"wp-block-paragraph\">Adem\u00e1s, la mandataria advirti\u00f3 al Partido Verde Ecologista y al PT que la reforma electoral no se construir\u00e1 mediante acuerdos pol\u00edticos y no permitir\u00e1 un \u201ctoma y daca\u201d.<\/p>\n\n\n\n<p class=\"wp-block-paragraph\">Ello, al ser consultada sobre las exigencias de los partidos aliados en el Congreso de la Uni\u00f3n, quienes exigen ser tratados en igualdad frente a Morena.<\/p>\n\n\n\n<p class=\"wp-block-paragraph\">A ver, la decisi\u00f3n de la reforma, que ya vamos a enviar muy pronto, es una decisi\u00f3n a partir de los foros que se hicieron de la reforma electoral. No es un toma y daca. Y tiene que ver con lo que piensa la gente. Vamos a presentar, aqu\u00ed, cuando presentemos la propuesta, la encuesta que hicimos\u201d, respondi\u00f3.<\/p>\n\n\n\n<p class=\"wp-block-paragraph\">Enfatiz\u00f3 que la reforma se basa en la petici\u00f3n de la gente, quien dijo estar en contra de la figura de los plurinominales y el exceso de presupuestos a los partidos y \u00f3rganos electorales.<\/p>\n\n\n\n<p class=\"wp-block-paragraph\">Se\u00f1al\u00f3 que la propuesta se elabor\u00f3 a partir de los foros y de encuestas realizadas con tres empresas.<\/p>\n\n\n\n<p class=\"wp-block-paragraph\">Esencialmente, la gente lo que ha planteado es: disminuci\u00f3n de los montos de lo que cuesta en general las elecciones, incluidos los partidos pol\u00edticos.<\/p>\n\n\n\n<p class=\"wp-block-paragraph\">Dos: mayor democracia en otros temas no solamente la electoral. Tres: el tema de la representaci\u00f3n proporcional. Sobre todo, no le gusta a la gente las listas de gente que no conoce y que, por el porcentaje, queden como diputados\u201d, argument\u00f3.<\/p>\n\n\n\n<p class=\"wp-block-paragraph\">Sobre la posibilidad de recibir a los dirigentes y coordinadores parlamentarios del PT y el Partido Verde, aclar\u00f3 que se ha reunido en otras ocasiones, pero no con la finalidad de discutir la reforma electoral.<\/p>\n\n\n\n<p class=\"wp-block-paragraph\">Reiter\u00f3 que el di\u00e1logo ser\u00e1 a trav\u00e9s de la Secretar\u00eda de Gobernaci\u00f3n y la Comisi\u00f3n Presidencial para la Reforma Electoral.<\/p>\n\n\n\n<p class=\"wp-block-paragraph\"><em>Con informaci\u00f3n de Exc\u00e9lsior<\/em>.<\/p>\n","protected":false},"excerpt":{"rendered":"<p>Ciudad de M\u00e9xico.- La presidenta Claudia Sheinbaum anunci\u00f3 que su iniciativa de reforma electoral incluir\u00e1, por primera vez, una regulaci\u00f3n estricta sobre el uso de la inteligencia artificial (IA) durante las campa\u00f1as pol\u00edticas. La propuesta busca garantizar que la ciudadan\u00eda identifique claramente los contenidos generados por algoritmos y contempla sanciones econ\u00f3micas para evitar la desinformaci\u00f3n. [&hellip;]<\/p>\n","protected":false},"author":6,"featured_media":77120,"comment_status":"closed","ping_status":"closed","sticky":false,"template":"","format":"standard","meta":{"_acf_changed":false,"_monsterinsights_skip_tracking":false,"slim_seo":{"title":"La Reforma Electoral contempla reglas para regular uso de IA en las campa\u00f1as pol\u00edticas; confirma Claudia Sheinbaum - Opini\u00f3n P\u00fablica","description":"Ciudad de M\u00e9xico .- La presidenta Claudia Sheinbaum anunci\u00f3 que su iniciativa de reforma electoral incluir\u00e1, por primera vez, una regulaci\u00f3n estricta sobre el u"},"footnotes":""},"categories":[3],"tags":[2003,307,392,499],"class_list":["post-77116","post","type-post","status-publish","format-standard","has-post-thumbnail","hentry","category-principal","tag-campanas-politicas","tag-claudia-sheinbaum","tag-inteligencia-artificial","tag-reforma-electoral"],"acf":[],"_links":{"self":[{"href":"https:\/\/www.opinionpublica.tv\/portada\/wp-json\/wp\/v2\/posts\/77116","targetHints":{"allow":["GET"]}}],"collection":[{"href":"https:\/\/www.opinionpublica.tv\/portada\/wp-json\/wp\/v2\/posts"}],"about":[{"href":"https:\/\/www.opinionpublica.tv\/portada\/wp-json\/wp\/v2\/types\/post"}],"author":[{"embeddable":true,"href":"https:\/\/www.opinionpublica.tv\/portada\/wp-json\/wp\/v2\/users\/6"}],"replies":[{"embeddable":true,"href":"https:\/\/www.opinionpublica.tv\/portada\/wp-json\/wp\/v2\/comments?post=77116"}],"version-history":[{"count":8,"href":"https:\/\/www.opinionpublica.tv\/portada\/wp-json\/wp\/v2\/posts\/77116\/revisions"}],"predecessor-version":[{"id":77147,"href":"https:\/\/www.opinionpublica.tv\/portada\/wp-json\/wp\/v2\/posts\/77116\/revisions\/77147"}],"wp:featuredmedia":[{"embeddable":true,"href":"https:\/\/www.opinionpublica.tv\/portada\/wp-json\/wp\/v2\/media\/77120"}],"wp:attachment":[{"href":"https:\/\/www.opinionpublica.tv\/portada\/wp-json\/wp\/v2\/media?parent=77116"}],"wp:term":[{"taxonomy":"category","embeddable":true,"href":"https:\/\/www.opinionpublica.tv\/portada\/wp-json\/wp\/v2\/categories?post=77116"},{"taxonomy":"post_tag","embeddable":true,"href":"https:\/\/www.opinionpublica.tv\/portada\/wp-json\/wp\/v2\/tags?post=77116"}],"curies":[{"name":"wp","href":"https:\/\/api.w.org\/{rel}","templated":true}]}}