{"id":7710,"date":"2016-11-12T07:00:00","date_gmt":"2016-11-12T06:00:00","guid":{"rendered":"https:\/\/www.opinionpublica.tv\/portada\/2016\/11\/12\/leyzaola-entrara-como-asesor-de-la-policia-estatal\/"},"modified":"2016-11-12T07:00:00","modified_gmt":"2016-11-12T06:00:00","slug":"leyzaola-entrara-como-asesor-de-la-policia-estatal","status":"publish","type":"post","link":"https:\/\/www.opinionpublica.tv\/portada\/leyzaola-entrara-como-asesor-de-la-policia-estatal\/","title":{"rendered":"Leyzaola entrar\u00e1 como asesor de la Polic\u00eda Estatal"},"content":{"rendered":"<p><img fetchpriority=\"high\" decoding=\"async\" class=\" size-full wp-image-7709\" src=\"https:\/\/www.opinionpublica.tv\/portada\/wp-content\/uploads\/2016\/11\/7a2b676bb85d1be84ddcbc1aa8d36513.jpg\" alt=\"\" width=\"700\" height=\"424\" srcset=\"https:\/\/www.opinionpublica.tv\/portada\/wp-content\/uploads\/2016\/11\/7a2b676bb85d1be84ddcbc1aa8d36513.jpg 700w, https:\/\/www.opinionpublica.tv\/portada\/wp-content\/uploads\/2016\/11\/7a2b676bb85d1be84ddcbc1aa8d36513-300x182.jpg 300w\" sizes=\"(max-width: 700px) 100vw, 700px\" \/><br \/>\n<!--more--><\/p>\n<p style=\"text-align: justify;\">El extitular de la Polic\u00eda Municipal de Ciudad Ju\u00e1rez, Juli\u00e1n Leyzaola, ser\u00e1 asesor en el redise\u00f1o de las estrategias de la Polic\u00eda Estatal de Chihuahua, seg\u00fan dio a conocer este s\u00e1bado el gobernador Javier Corral.<\/p>\n<p style=\"text-align: justify;\">Corral llego a esta decisi\u00f3n luego del encuentro que sostuvo con el teniente coronel en Palacio de Gobierno, el jueves de esta semana.<\/p>\n<p style=\"text-align: justify;\">El gobernador reconoci\u00f3 a Leyzaola por su \u201cgran experiencia en la lucha contra la delincuencia, un hombre con mucha informaci\u00f3n sobre la manera en que operan las redes de complicidad oficial y crimen organizado\u201d.<\/p>\n<p style=\"text-align: justify;\">Fue por esto que pidi\u00f3 su colaboraci\u00f3n para asesorar a la corporaci\u00f3n estatal en el redise\u00f1o de las estrategias de operaci\u00f3n.<\/p>\n<p style=\"text-align: justify;\">\u201cCon enorme compromiso y entusiasmo ha aceptado cooperar en esta nueva etapa de Chihuahua, en la que por cierto, tiene plena confianza y esperanza\u201d, anunci\u00f3 Corral.<\/p>\n<p style=\"text-align: justify;\">Cabe recordar que Leyzaola P\u00e9rez ejerci\u00f3 como secretario de Seguridad P\u00fablica en el estado de Baja California, y ocup\u00f3 el mismo cargo en Ciudad Ju\u00e1rez.<\/p>\n","protected":false},"excerpt":{"rendered":"","protected":false},"author":4,"featured_media":7709,"comment_status":"open","ping_status":"open","sticky":false,"template":"","format":"standard","meta":{"_acf_changed":false,"_monsterinsights_skip_tracking":false,"slim_seo":{"title":"Leyzaola entrar\u00e1 como asesor de la Polic\u00eda Estatal - Opini\u00f3n P\u00fablica","description":"El extitular de la Polic\u00eda Municipal de Ciudad Ju\u00e1rez, Juli\u00e1n Leyzaola, ser\u00e1 asesor en el redise\u00f1o de las estrategias de la Polic\u00eda Estatal de Chihuahua, seg\u00fan"},"footnotes":""},"categories":[3],"tags":[],"class_list":["post-7710","post","type-post","status-publish","format-standard","has-post-thumbnail","hentry","category-principal"],"acf":[],"_links":{"self":[{"href":"https:\/\/www.opinionpublica.tv\/portada\/wp-json\/wp\/v2\/posts\/7710","targetHints":{"allow":["GET"]}}],"collection":[{"href":"https:\/\/www.opinionpublica.tv\/portada\/wp-json\/wp\/v2\/posts"}],"about":[{"href":"https:\/\/www.opinionpublica.tv\/portada\/wp-json\/wp\/v2\/types\/post"}],"author":[{"embeddable":true,"href":"https:\/\/www.opinionpublica.tv\/portada\/wp-json\/wp\/v2\/users\/4"}],"replies":[{"embeddable":true,"href":"https:\/\/www.opinionpublica.tv\/portada\/wp-json\/wp\/v2\/comments?post=7710"}],"version-history":[{"count":0,"href":"https:\/\/www.opinionpublica.tv\/portada\/wp-json\/wp\/v2\/posts\/7710\/revisions"}],"wp:featuredmedia":[{"embeddable":true,"href":"https:\/\/www.opinionpublica.tv\/portada\/wp-json\/wp\/v2\/media\/7709"}],"wp:attachment":[{"href":"https:\/\/www.opinionpublica.tv\/portada\/wp-json\/wp\/v2\/media?parent=7710"}],"wp:term":[{"taxonomy":"category","embeddable":true,"href":"https:\/\/www.opinionpublica.tv\/portada\/wp-json\/wp\/v2\/categories?post=7710"},{"taxonomy":"post_tag","embeddable":true,"href":"https:\/\/www.opinionpublica.tv\/portada\/wp-json\/wp\/v2\/tags?post=7710"}],"curies":[{"name":"wp","href":"https:\/\/api.w.org\/{rel}","templated":true}]}}