{"id":77067,"date":"2026-01-22T00:01:00","date_gmt":"2026-01-22T07:01:00","guid":{"rendered":"https:\/\/www.opinionpublica.tv\/portada\/?p=77067"},"modified":"2026-01-21T18:16:56","modified_gmt":"2026-01-22T01:16:56","slug":"eu-agradece-a-mexico-envio-de-37-criminales-la-justicia-no-se-detiene-en-las-fronteras","status":"publish","type":"post","link":"https:\/\/www.opinionpublica.tv\/portada\/eu-agradece-a-mexico-envio-de-37-criminales-la-justicia-no-se-detiene-en-las-fronteras\/","title":{"rendered":"EU agradece a M\u00e9xico env\u00edo de 37 criminales: &#8216;la justicia no se detiene en las fronteras&#8217;"},"content":{"rendered":"\n<figure class=\"wp-block-image size-large\"><img fetchpriority=\"high\" decoding=\"async\" width=\"1024\" height=\"631\" src=\"https:\/\/www.opinionpublica.tv\/portada\/wp-content\/uploads\/2026\/01\/EU-agradece-a-Mexico-envio-de-37-criminales-22la-justicia-no-se-detiene-en-las-fronteras22-1024x631.avif\" alt=\"Eu agradece a me\u0301xico envi\u0301o de 37 criminales %22la justicia no se detiene en las fronteras%22\" class=\"wp-image-77069\" srcset=\"https:\/\/www.opinionpublica.tv\/portada\/wp-content\/uploads\/2026\/01\/EU-agradece-a-Mexico-envio-de-37-criminales-22la-justicia-no-se-detiene-en-las-fronteras22-1024x631.avif 1024w, https:\/\/www.opinionpublica.tv\/portada\/wp-content\/uploads\/2026\/01\/EU-agradece-a-Mexico-envio-de-37-criminales-22la-justicia-no-se-detiene-en-las-fronteras22-300x185.avif 300w, https:\/\/www.opinionpublica.tv\/portada\/wp-content\/uploads\/2026\/01\/EU-agradece-a-Mexico-envio-de-37-criminales-22la-justicia-no-se-detiene-en-las-fronteras22-768x474.avif 768w, https:\/\/www.opinionpublica.tv\/portada\/wp-content\/uploads\/2026\/01\/EU-agradece-a-Mexico-envio-de-37-criminales-22la-justicia-no-se-detiene-en-las-fronteras22.avif 1080w\" sizes=\"(max-width: 1024px) 100vw, 1024px\" \/><\/figure>\n\n\n\n<p>El Departamento de Justicia de Estados Unidos calific\u00f3 como un \u201clogro hist\u00f3rico\u201d la entrega, por parte de M\u00e9xico, de 37 criminales, incluyendo miembros de c\u00e1rteles, y agradeci\u00f3 al gobierno de la presidenta Claudia Sheinbaum por el apoyo.<\/p>\n\n\n\n<p>En un comunicado, la fiscal general de Estados Unidos, Pam Bondi, dijo: \u201cEstamos agradecidos por esta colaboraci\u00f3n con nuestros socios internacionales e impartiremos justicia pronta y expedita contra los miembros de organizaciones terroristas extranjeras que llevan a\u00f1os atacando al pueblo estadounidense\u201d.<\/p>\n\n\n\n<p>El director de la Agencia Antidrogas (DEA), Terrance Cole, agradeci\u00f3 \u201cal gobierno de M\u00e9xico por apoyarnos. La DEA seguir\u00e1 avanzando junto con nuestros socios estadounidenses e internacionales para desmantelar estos c\u00e1rteles terroristas, cortar el suministro de fentanilo y salvar vidas estadounidenses\u201d.<\/p>\n\n\n\n<p>Kash Patel, director del Bur\u00f3 Federal de Investigaciones (FBI), dijo que \u201cel anuncio sobre la entrega de decenas de fugitivos desde M\u00e9xico para enfrentarse a cargos es otro ejemplo m\u00e1s del trabajo incansable y la colaboraci\u00f3n del FBI aqu\u00ed en Estados Unidos y en M\u00e9xico. Seguiremos trabajando para impedir que estos c\u00e1rteles de la droga, traficantes de armas y terroristas traigan el crimen, las drogas y las armas de fuego a las calles y barrios de nuestras ciudades\u201d.<\/p>\n\n\n\n<p>Cole destac\u00f3 que entre los criminales entregados por M\u00e9xico hay \u201cpersonas vinculadas al C\u00e1rtel de Sinaloa y al C\u00e1rtel Jalisco Nueva Generaci\u00f3n, ambos designados como organizaciones terroristas extranjeras\u201d.<\/p>\n\n\n\n<p>Subray\u00f3 el \u201cliderazgo de personas como el presidente Trump y la fiscal general Bondi, que trabajan diligentemente para traer de vuelta a Estados Unidos a todos estos criminales buscados&#8230;\u201d.<\/p>\n\n\n\n<p>Ninguno de los criminales entregados por M\u00e9xico enfrentar\u00e1 la pena de muerte porque as\u00ed ha sido acordado con el gobierno mexicano.<\/p>\n\n\n\n<p>\u00abLa justicia no se detiene en las fronteras\u201d<\/p>\n\n\n\n<p>El comunicado destaca que la del martes es \u201cla tercera vez que M\u00e9xico usa su Ley de Seguridad Nacional para expulsar fugitivos a Estados Unidos\u201d y q se trata de la \u201ctransferencia de fugitivos m\u00e1s grande\u201d, luego de los 29 entregados el 27 de febrero de 2025 y los 26 entregados el 12 de agosto del mismo a\u00f1o.<\/p>\n\n\n\n<p>\u201cEl liderazgo del presidente [estadounidense, Donald] Trump y la fiscal general Bondi, que trabajan diligentemente para traer de vuelta a Estados Unidos a todos estos criminales buscados, refuerza su compromiso de hacer justicia a sus v\u00edctimas\u201d, afirm\u00f3 en el comunicado el director Gadyaces S. Serralta, del Servicio de Alguaciles de Estados Unidos (USMS). \u201cEsto env\u00eda un mensaje muy claro: la justicia no se detiene en las fronteras\u201d.<\/p>\n\n\n\n<p>Entre los entregados est\u00e1n Ricardo Gonz\u00e1lez Sauceda, alias \u201cEl Ricky\u201d, l\u00edder regional del C\u00e1rtel del Noreste, con zona de operaci\u00f3n en los estados de Coahuila, Nuevo Le\u00f3n y Tamaulipas. Fue trasladado a San Antonio, Texas.<\/p>\n\n\n\n<p>Tambi\u00e9n est\u00e1n Pedro Inzunza Noriega, alias \u201cEl Se\u00f1or de la Silla\u201d, padre de Pedro Inzunza Coronel, segundo al mando del c\u00e1rtel de \u201cLos Beltr\u00e1n Leyva\u201d, Juan Pablo Bastidas Erenas, alias \u201cPayo Zurita\u201d, operador log\u00edstico del c\u00e1rtel de las Beltr\u00e1n Leyva.<\/p>\n\n\n\n<p>Hay una mujer incluida en la lista: Mar\u00eda del Rosario Navarro S\u00e1nchez, alias \u201cLa Se\u00f1ora\u201d o \u201cLa Chayo\u201d, ligada al C\u00e1rtel Jalisco Nueva Generaci\u00f3n (CJNG) y acusada de tr\u00e1fico de armas y de personas, adem\u00e1s de narcotr\u00e1fico.<\/p>\n\n\n\n<p>Los 37 entregados enfrentan como pena m\u00e1xima la cadena perpetua.<\/p>\n\n\n\n<p>\u201cEste es otro logro hist\u00f3rico en la misi\u00f3n de la administraci\u00f3n Trump de destruir los c\u00e1rteles. Estos 37 miembros de c\u00e1rteles, entre los que se incluyen terroristas del C\u00e1rtel de Sinaloa, CJNG y otros, ahora pagar\u00e1n por sus cr\u00edmenes contra el pueblo estadounidense en suelo estadounidense\u201d, asegur\u00f3 Bondi.<\/p>\n\n\n\n<p><em>Con informaci\u00f3n de El Universal<\/em>.<\/p>\n","protected":false},"excerpt":{"rendered":"<p>El Departamento de Justicia de Estados Unidos calific\u00f3 como un \u201clogro hist\u00f3rico\u201d la entrega, por parte de M\u00e9xico, de 37 criminales, incluyendo miembros de c\u00e1rteles, y agradeci\u00f3 al gobierno de la presidenta Claudia Sheinbaum por el apoyo. En un comunicado, la fiscal general de Estados Unidos, Pam Bondi, dijo: \u201cEstamos agradecidos por esta colaboraci\u00f3n con [&hellip;]<\/p>\n","protected":false},"author":6,"featured_media":77069,"comment_status":"closed","ping_status":"closed","sticky":false,"template":"","format":"standard","meta":{"_acf_changed":false,"_monsterinsights_skip_tracking":false,"_monsterinsights_sitenote_active":false,"_monsterinsights_sitenote_note":"","_monsterinsights_sitenote_category":0,"slim_seo":{"title":"EU agradece a M\u00e9xico env\u00edo de 37 criminales: 'la justicia no se detiene en las fronteras' - Opini\u00f3n P\u00fablica","description":"El Departamento de Justicia de Estados Unidos calific\u00f3 como un \u201clogro hist\u00f3rico\u201d la entrega, por parte de M\u00e9xico, de 37 criminales, incluyendo miembros de c\u00e1rte"},"footnotes":""},"categories":[4],"tags":[1218,202,93,1996],"class_list":["post-77067","post","type-post","status-publish","format-standard","has-post-thumbnail","hentry","category-pulsopolitico","tag-crimen-organizado","tag-dea","tag-estados-unidos","tag-fbi"],"acf":[],"_links":{"self":[{"href":"https:\/\/www.opinionpublica.tv\/portada\/wp-json\/wp\/v2\/posts\/77067","targetHints":{"allow":["GET"]}}],"collection":[{"href":"https:\/\/www.opinionpublica.tv\/portada\/wp-json\/wp\/v2\/posts"}],"about":[{"href":"https:\/\/www.opinionpublica.tv\/portada\/wp-json\/wp\/v2\/types\/post"}],"author":[{"embeddable":true,"href":"https:\/\/www.opinionpublica.tv\/portada\/wp-json\/wp\/v2\/users\/6"}],"replies":[{"embeddable":true,"href":"https:\/\/www.opinionpublica.tv\/portada\/wp-json\/wp\/v2\/comments?post=77067"}],"version-history":[{"count":3,"href":"https:\/\/www.opinionpublica.tv\/portada\/wp-json\/wp\/v2\/posts\/77067\/revisions"}],"predecessor-version":[{"id":77072,"href":"https:\/\/www.opinionpublica.tv\/portada\/wp-json\/wp\/v2\/posts\/77067\/revisions\/77072"}],"wp:featuredmedia":[{"embeddable":true,"href":"https:\/\/www.opinionpublica.tv\/portada\/wp-json\/wp\/v2\/media\/77069"}],"wp:attachment":[{"href":"https:\/\/www.opinionpublica.tv\/portada\/wp-json\/wp\/v2\/media?parent=77067"}],"wp:term":[{"taxonomy":"category","embeddable":true,"href":"https:\/\/www.opinionpublica.tv\/portada\/wp-json\/wp\/v2\/categories?post=77067"},{"taxonomy":"post_tag","embeddable":true,"href":"https:\/\/www.opinionpublica.tv\/portada\/wp-json\/wp\/v2\/tags?post=77067"}],"curies":[{"name":"wp","href":"https:\/\/api.w.org\/{rel}","templated":true}]}}