{"id":76894,"date":"2026-01-22T00:01:00","date_gmt":"2026-01-22T07:01:00","guid":{"rendered":"https:\/\/www.opinionpublica.tv\/portada\/?p=76894"},"modified":"2026-01-19T17:12:46","modified_gmt":"2026-01-20T00:12:46","slug":"las-amenazas-de-trump-hacia-mexico","status":"publish","type":"post","link":"https:\/\/www.opinionpublica.tv\/portada\/las-amenazas-de-trump-hacia-mexico\/","title":{"rendered":"Las amenazas de Trump hacia M\u00e9xico"},"content":{"rendered":"\n<h4 class=\"wp-block-heading\">Carlos Angulo Parra<\/h4>\n\n\n\n<p class=\"wp-block-paragraph\">___________________________<\/p>\n\n\n\n<p class=\"wp-block-paragraph\">La presidente Sheinbaum ya nos tiene cansados con su cantaleta de \u201cla soberan\u00eda\u201d.<\/p>\n\n\n\n<p class=\"wp-block-paragraph\">\u00bfQu\u00e9 es eso de \u201cLa Soberan\u00eda\u201d?<\/p>\n\n\n\n<p class=\"wp-block-paragraph\">Los estudiosos de la ciencia pol\u00edtica han definido de muchas formas el concepto de soberan\u00eda. Uno que a m\u00ed me gusta es la que la define como \u201cla facultad de decidir en \u00faltima instancia, aunque no haya norma aplicable al caso concreto\u201d.<\/p>\n\n\n\n<p class=\"wp-block-paragraph\">En el libro que escrib\u00ed en donde expres\u00e9 mis experiencias como diputado federal en la Sexag\u00e9sima Segunda Legislatura (2012-2015), mencion\u00e9 al respecto lo siguiente:<\/p>\n\n\n\n<p class=\"wp-block-paragraph\">\u201cEste concepto lo refiri\u00f3 la Doctora Arn\u00e1iz [quien fue maestra m\u00eda de Teor\u00eda del Estado en mis estudios de licenciatura en derecho en la Universidad Iberoamericana] desde el punto de vista de la soberan\u00eda que ejerce el pueblo de una naci\u00f3n, que en el caso de M\u00e9xico al tener, a lo menos, formalmente un sistema democr\u00e1tico constitucional a trav\u00e9s de una rep\u00fablica representativa federal, la soberan\u00eda queda depositada por el pueblo en la propia Constituci\u00f3n.\u201d<\/p>\n\n\n\n<p class=\"wp-block-paragraph\">Pero, en pocas palabras, es la facultad de hacer lo que plazca dentro del territorio nacional al no haber una legislaci\u00f3n aplicable.<\/p>\n\n\n\n<p class=\"wp-block-paragraph\">El presidente Trump en m\u00faltiples ocasiones ha mencionado que Estados Unidos intervendr\u00e1 militarmente en M\u00e9xico para que M\u00e9xico recupere su facultad plena de gobernarse ajena a los intereses del crimen organizado.<\/p>\n\n\n\n<p class=\"wp-block-paragraph\">Al decir esto el presidente Trump, implica que el gobierno de M\u00e9xico no ejerce plena jurisdicci\u00f3n sobre el territorio nacional, por lo que pudi\u00e9ramos decir que el gobierno no tiene el ejercicio pleno de la soberan\u00eda nacional, ya que hay dentro de M\u00e9xico un factor que trasciende el poder del gobierno.<\/p>\n\n\n\n<p class=\"wp-block-paragraph\">El presidente Trump se ha referido a esta situaci\u00f3n a que nuestra presidente Sheinbaum le tiene miedo a ejercer el poder del gobierno para atacar la intervenci\u00f3n que el crimen organizado tiene sobre nuestro territorio.<\/p>\n\n\n\n<p class=\"wp-block-paragraph\">Y el problema que existe a este respecto en los Estados Unidos es que el crimen organizado mexicano produce en M\u00e9xico drogas que afectan la salud de los estadounidenses al exportar dichas drogas desde M\u00e9xico.<\/p>\n\n\n\n<p class=\"wp-block-paragraph\">La presidente Sheinbaum responde que los Estados Unidos debe cuidar la salud de sus habitantes haciendo las labores de rehabilitaci\u00f3n necesarias para evitar el consumo de drogas y debe perseguir a los distribuidores de dichas drogas en los Estados Unidos. A este respecto debemos de considerar que \u201cde acuerdo con el an\u00e1lisis nacional del Prison Policy Initiative, alrededor de 366,000 personas se encuentran encarceladas en prisiones estatales, federales, c\u00e1rceles locales, prisiones juveniles y militares por delitos de drogas.\u201d (dato obtenido de la inteligencia artificial de Copilot).<\/p>\n\n\n\n<p class=\"wp-block-paragraph\">Pero, independientemente de que nuestra presidente tiene mala informaci\u00f3n de los datos de la persecuci\u00f3n del delito de tr\u00e1fico de drogas en los Estados Unidos, debemos de considerar que esa persecuci\u00f3n est\u00e1 bajo la jurisdicci\u00f3n soberana de nuestros vecinos del norte, y la persecuci\u00f3n delincuencial de la producci\u00f3n y exportaci\u00f3n de la droga queda bajo la jurisdicci\u00f3n soberana del gobierno de M\u00e9xico que no hace gran cosa al respecto, aunque \u00faltimamente ha realizado un mayor esfuerzo al respecto para que eso no suceda.<\/p>\n\n\n\n<p class=\"wp-block-paragraph\">El problema para la presidente Sheinbaum es que existen graves sospechas de que esta situaci\u00f3n desmedida de producci\u00f3n y exportaci\u00f3n de droga hacia los Estados Unidos fue utilizada para generar ingresos para las campa\u00f1as y precampa\u00f1as de morena para obtener el poder en M\u00e9xico a partir del 2018, y por eso AMLO desarroll\u00f3 la nefasta pol\u00edtica de \u201cabrazos no balazos\u201d dando prueba de su preferencia principalmente por el cartel de Sinaloa, con sus m\u00faltiples viajes a Badiraguato, Sinaloa y las m\u00faltiples intervenciones del crimen organizado en el desarrollo de las elecciones en el pa\u00eds.<\/p>\n\n\n\n<p class=\"wp-block-paragraph\">Es por lo anterior que el gobierno de Estados Unidos quiere intervenir en M\u00e9xico para proteger sus interese y traer a la justicia estadounidense a esos presuntos pol\u00edticos corruptos que han ocasionado el auge de los criminales en M\u00e9xico, que asolan a la poblaci\u00f3n y a la vida econ\u00f3mica del pa\u00eds con sus asesinatos y extorsiones.<\/p>\n\n\n\n<p class=\"wp-block-paragraph\">As\u00ed que la disyuntiva de nuestra presidente es, o se va al fondo del problema sometiendo a la justicia mexicana a los pol\u00edticos corruptos o espera a que los Estados Unidos intervenga en M\u00e9xico, al estilo de la intrusi\u00f3n que tuvo en Venezuela en contra de Maduro, llev\u00e1ndose a esos pol\u00edticos a afrontar la justica estadounidense.<\/p>\n","protected":false},"excerpt":{"rendered":"<p>Carlos Angulo Parra ___________________________ La presidente Sheinbaum ya nos tiene cansados con su cantaleta de \u201cla soberan\u00eda\u201d. \u00bfQu\u00e9 es eso de \u201cLa Soberan\u00eda\u201d? Los estudiosos de la ciencia pol\u00edtica han definido de muchas formas el concepto de soberan\u00eda. Uno que a m\u00ed me gusta es la que la define como \u201cla facultad de decidir en [&hellip;]<\/p>\n","protected":false},"author":6,"featured_media":45394,"comment_status":"closed","ping_status":"closed","sticky":false,"template":"","format":"standard","meta":{"_acf_changed":false,"_monsterinsights_skip_tracking":false,"slim_seo":{"title":"Las amenazas de Trump hacia M\u00e9xico - Opini\u00f3n P\u00fablica","description":"Carlos Angulo Parra ___________________________ La presidente Sheinbaum ya nos tiene cansados con su cantaleta de \u201cla soberan\u00eda\u201d. \u00bfQu\u00e9 es eso de \u201cLa Soberan\u00eda\u201d?"},"footnotes":""},"categories":[17],"tags":[825],"class_list":["post-76894","post","type-post","status-publish","format-standard","has-post-thumbnail","hentry","category-ultima-instancia","tag-carlos-angulo"],"acf":[],"_links":{"self":[{"href":"https:\/\/www.opinionpublica.tv\/portada\/wp-json\/wp\/v2\/posts\/76894","targetHints":{"allow":["GET"]}}],"collection":[{"href":"https:\/\/www.opinionpublica.tv\/portada\/wp-json\/wp\/v2\/posts"}],"about":[{"href":"https:\/\/www.opinionpublica.tv\/portada\/wp-json\/wp\/v2\/types\/post"}],"author":[{"embeddable":true,"href":"https:\/\/www.opinionpublica.tv\/portada\/wp-json\/wp\/v2\/users\/6"}],"replies":[{"embeddable":true,"href":"https:\/\/www.opinionpublica.tv\/portada\/wp-json\/wp\/v2\/comments?post=76894"}],"version-history":[{"count":1,"href":"https:\/\/www.opinionpublica.tv\/portada\/wp-json\/wp\/v2\/posts\/76894\/revisions"}],"predecessor-version":[{"id":76895,"href":"https:\/\/www.opinionpublica.tv\/portada\/wp-json\/wp\/v2\/posts\/76894\/revisions\/76895"}],"wp:featuredmedia":[{"embeddable":true,"href":"https:\/\/www.opinionpublica.tv\/portada\/wp-json\/wp\/v2\/media\/45394"}],"wp:attachment":[{"href":"https:\/\/www.opinionpublica.tv\/portada\/wp-json\/wp\/v2\/media?parent=76894"}],"wp:term":[{"taxonomy":"category","embeddable":true,"href":"https:\/\/www.opinionpublica.tv\/portada\/wp-json\/wp\/v2\/categories?post=76894"},{"taxonomy":"post_tag","embeddable":true,"href":"https:\/\/www.opinionpublica.tv\/portada\/wp-json\/wp\/v2\/tags?post=76894"}],"curies":[{"name":"wp","href":"https:\/\/api.w.org\/{rel}","templated":true}]}}