{"id":76787,"date":"2026-01-18T00:01:00","date_gmt":"2026-01-18T07:01:00","guid":{"rendered":"https:\/\/www.opinionpublica.tv\/portada\/?p=76787"},"modified":"2026-01-17T18:13:48","modified_gmt":"2026-01-18T01:13:48","slug":"el-ine-flexibilizara-requisitos-para-obtener-la-credencial-para-votar-por-primera-vez","status":"publish","type":"post","link":"https:\/\/www.opinionpublica.tv\/portada\/el-ine-flexibilizara-requisitos-para-obtener-la-credencial-para-votar-por-primera-vez\/","title":{"rendered":"El INE flexibilizar\u00e1 requisitos para obtener la credencial para votar por primera vez"},"content":{"rendered":"\n<figure class=\"wp-block-image size-large\"><img fetchpriority=\"high\" decoding=\"async\" width=\"1024\" height=\"684\" src=\"https:\/\/www.opinionpublica.tv\/portada\/wp-content\/uploads\/2026\/01\/El-INE-flexibilizara-requisitos-para-obtener-la-credencial-para-votar-por-primera-vez-1024x684.webp\" alt=\"El ine flexibilizara\u0301 requisitos para obtener la credencial para votar por primera vez\" class=\"wp-image-76790\" srcset=\"https:\/\/www.opinionpublica.tv\/portada\/wp-content\/uploads\/2026\/01\/El-INE-flexibilizara-requisitos-para-obtener-la-credencial-para-votar-por-primera-vez-1024x684.webp 1024w, https:\/\/www.opinionpublica.tv\/portada\/wp-content\/uploads\/2026\/01\/El-INE-flexibilizara-requisitos-para-obtener-la-credencial-para-votar-por-primera-vez-300x200.webp 300w, https:\/\/www.opinionpublica.tv\/portada\/wp-content\/uploads\/2026\/01\/El-INE-flexibilizara-requisitos-para-obtener-la-credencial-para-votar-por-primera-vez-768x513.webp 768w, https:\/\/www.opinionpublica.tv\/portada\/wp-content\/uploads\/2026\/01\/El-INE-flexibilizara-requisitos-para-obtener-la-credencial-para-votar-por-primera-vez.webp 1200w\" sizes=\"(max-width: 1024px) 100vw, 1024px\" \/><\/figure>\n\n\n\n<p class=\"wp-block-paragraph\"><em>Ciudad de M\u00e9xico<\/em>.- El Instituto Nacional Electoral (INE) perfila flexibilizar los requisitos para obtener la credencial para votar con fotograf\u00eda, principal medio de identificaci\u00f3n de los mexicanos, tanto en el pa\u00eds como en el extranjero, a fin de ampliar las opciones, sobre todo para quienes obtendr\u00e1n por primera vez el documento, una vez cumplidos los 18 a\u00f1os (mayor\u00eda de edad).<\/p>\n\n\n\n<p class=\"wp-block-paragraph\">Durante la sesi\u00f3n de la Comisi\u00f3n Nacional de Vigilancia, \u00fanica en la que votan los representantes de partidos pol\u00edticos, fueron agregados elementos a la lista de alternativas para realizar el tr\u00e1mite.<\/p>\n\n\n\n<p class=\"wp-block-paragraph\">Seg\u00fan el acuerdo por el que se aprueban los medios de identificaci\u00f3n para solicitar la credencial en territorio nacional, se incluye la incorporaci\u00f3n de la \u201ctira de materias con fotograf\u00eda\u201d emitida por instituciones educativas con reconocimiento oficial, con vigencia limitada al periodo escolar descrito en el documento.<\/p>\n\n\n\n<p class=\"wp-block-paragraph\">Asimismo, tambi\u00e9n se a\u00f1ade la c\u00e9dula de identificaci\u00f3n expedida por el Instituto de Seguridad Social para las Fuerzas Armadas de M\u00e9xico, con vigencia de m\u00e1ximo 10 a\u00f1os. En la sesi\u00f3n se precis\u00f3 que el pasaporte deber\u00e1 ser expedido cuando la persona tuviera al menos 12 a\u00f1os.<\/p>\n\n\n\n<p class=\"wp-block-paragraph\">En cuanto a los comprobantes de domicilio se propone incorporar el acuse de inscripci\u00f3n al Registro Federal de Contribuyentes, con vigencia de tres meses despu\u00e9s de su expedici\u00f3n, o la constancia de situaci\u00f3n fiscal, igualmente emitida por el Servicio de Administraci\u00f3n Tributaria (SAT), y\/o el contrato de compra-venta de inmueble.<\/p>\n\n\n\n<p class=\"wp-block-paragraph\">En el exterior, los connacionales pueden presentar incluso pasaporte vencido, as\u00ed como las matr\u00edculas consulares siempre que no tengan m\u00e1s de 10 a\u00f1os de haber sido expedidos, entre otras alternativas.<\/p>\n\n\n\n<p class=\"wp-block-paragraph\">Representantes partidistas hicieron \u00e9nfasis en que el objetivo de los acuerdos es facilitar a los ciudadanos la posibilidad de acceder a estos tr\u00e1mites, sobre todo las personas m\u00e1s j\u00f3venes.<\/p>\n\n\n\n<p class=\"wp-block-paragraph\">Sin embargo, aclararon que hay convenios con la secretar\u00eda de Relaciones Exteriores, pero se debe establecer el alcance y responsabilidades del personal de la canciller\u00eda y del propio instituto electoral. De igual forma, analizar el tema de documentos certificados fuera de territorio nacional, cuyo tratamiento es diferente y a veces complejo.<\/p>\n\n\n\n<p class=\"wp-block-paragraph\">\u201cNo ser\u00eda correcto que desde ahora coloquemos una limitante\u201d, coment\u00f3 Adalid Mart\u00ednez, representante del Partido del Trabajo en el INE.<\/p>\n\n\n\n<p class=\"wp-block-paragraph\">Las diferentes comisiones del instituto contin\u00faan aprobando sus planes de trabajo para 2026 con la normativa vigente, es decir, sin tener en perspectiva ning\u00fan elemento contenido en propuestas de la inminente reforma electoral.<\/p>\n\n\n\n<p class=\"wp-block-paragraph\"><em>Con informaci\u00f3n de El Universal<\/em>.<\/p>\n","protected":false},"excerpt":{"rendered":"<p>Ciudad de M\u00e9xico.- El Instituto Nacional Electoral (INE) perfila flexibilizar los requisitos para obtener la credencial para votar con fotograf\u00eda, principal medio de identificaci\u00f3n de los mexicanos, tanto en el pa\u00eds como en el extranjero, a fin de ampliar las opciones, sobre todo para quienes obtendr\u00e1n por primera vez el documento, una vez cumplidos los [&hellip;]<\/p>\n","protected":false},"author":6,"featured_media":76790,"comment_status":"closed","ping_status":"closed","sticky":false,"template":"","format":"standard","meta":{"_acf_changed":false,"_monsterinsights_skip_tracking":false,"slim_seo":{"title":"El INE flexibilizar\u00e1 requisitos para obtener la credencial para votar por primera vez - Opini\u00f3n P\u00fablica","description":"Ciudad de M\u00e9xico .- El Instituto Nacional Electoral (INE) perfila flexibilizar los requisitos para obtener la credencial para votar con fotograf\u00eda, principal me"},"footnotes":""},"categories":[4],"tags":[397,67],"class_list":["post-76787","post","type-post","status-publish","format-standard","has-post-thumbnail","hentry","category-pulsopolitico","tag-credencial-de-elector","tag-ine"],"acf":[],"_links":{"self":[{"href":"https:\/\/www.opinionpublica.tv\/portada\/wp-json\/wp\/v2\/posts\/76787","targetHints":{"allow":["GET"]}}],"collection":[{"href":"https:\/\/www.opinionpublica.tv\/portada\/wp-json\/wp\/v2\/posts"}],"about":[{"href":"https:\/\/www.opinionpublica.tv\/portada\/wp-json\/wp\/v2\/types\/post"}],"author":[{"embeddable":true,"href":"https:\/\/www.opinionpublica.tv\/portada\/wp-json\/wp\/v2\/users\/6"}],"replies":[{"embeddable":true,"href":"https:\/\/www.opinionpublica.tv\/portada\/wp-json\/wp\/v2\/comments?post=76787"}],"version-history":[{"count":2,"href":"https:\/\/www.opinionpublica.tv\/portada\/wp-json\/wp\/v2\/posts\/76787\/revisions"}],"predecessor-version":[{"id":76791,"href":"https:\/\/www.opinionpublica.tv\/portada\/wp-json\/wp\/v2\/posts\/76787\/revisions\/76791"}],"wp:featuredmedia":[{"embeddable":true,"href":"https:\/\/www.opinionpublica.tv\/portada\/wp-json\/wp\/v2\/media\/76790"}],"wp:attachment":[{"href":"https:\/\/www.opinionpublica.tv\/portada\/wp-json\/wp\/v2\/media?parent=76787"}],"wp:term":[{"taxonomy":"category","embeddable":true,"href":"https:\/\/www.opinionpublica.tv\/portada\/wp-json\/wp\/v2\/categories?post=76787"},{"taxonomy":"post_tag","embeddable":true,"href":"https:\/\/www.opinionpublica.tv\/portada\/wp-json\/wp\/v2\/tags?post=76787"}],"curies":[{"name":"wp","href":"https:\/\/api.w.org\/{rel}","templated":true}]}}