{"id":76771,"date":"2026-01-18T00:01:00","date_gmt":"2026-01-18T07:01:00","guid":{"rendered":"https:\/\/www.opinionpublica.tv\/portada\/?p=76771"},"modified":"2026-01-17T17:54:54","modified_gmt":"2026-01-18T00:54:54","slug":"caida-en-inversiones-y-empresas-marca-la-economia-mexicana-en-el-ultimo-ano","status":"publish","type":"post","link":"https:\/\/www.opinionpublica.tv\/portada\/caida-en-inversiones-y-empresas-marca-la-economia-mexicana-en-el-ultimo-ano\/","title":{"rendered":"Ca\u00edda en inversiones y empresas marca la econom\u00eda mexicana en el \u00faltimo a\u00f1o"},"content":{"rendered":"\n<figure class=\"wp-block-image size-large\"><img fetchpriority=\"high\" decoding=\"async\" width=\"1024\" height=\"683\" src=\"https:\/\/www.opinionpublica.tv\/portada\/wp-content\/uploads\/2026\/01\/Caida-en-inversiones-y-empresas-marca-la-economia-mexicana-en-el-ultimo-ano-1024x683.jpg\" alt=\"Miniature soldiers guarding coin towers\" class=\"wp-image-76773\" srcset=\"https:\/\/www.opinionpublica.tv\/portada\/wp-content\/uploads\/2026\/01\/Caida-en-inversiones-y-empresas-marca-la-economia-mexicana-en-el-ultimo-ano-1024x683.jpg 1024w, https:\/\/www.opinionpublica.tv\/portada\/wp-content\/uploads\/2026\/01\/Caida-en-inversiones-y-empresas-marca-la-economia-mexicana-en-el-ultimo-ano-300x200.jpg 300w, https:\/\/www.opinionpublica.tv\/portada\/wp-content\/uploads\/2026\/01\/Caida-en-inversiones-y-empresas-marca-la-economia-mexicana-en-el-ultimo-ano-768x512.jpg 768w, https:\/\/www.opinionpublica.tv\/portada\/wp-content\/uploads\/2026\/01\/Caida-en-inversiones-y-empresas-marca-la-economia-mexicana-en-el-ultimo-ano-1536x1024.jpg 1536w, https:\/\/www.opinionpublica.tv\/portada\/wp-content\/uploads\/2026\/01\/Caida-en-inversiones-y-empresas-marca-la-economia-mexicana-en-el-ultimo-ano-2048x1366.jpg 2048w\" sizes=\"(max-width: 1024px) 100vw, 1024px\" \/><figcaption class=\"wp-element-caption\">Miniature soldiers guarding coin towers with rich people on them, red border line<\/figcaption><\/figure>\n\n\n\n<p class=\"wp-block-paragraph\">M\u00e9xico confirma su desaceleraci\u00f3n econ\u00f3mica general al revelar datos negativos en aspectos como la inversi\u00f3n fija bruta o los registros patronales ante el IMSS. La tendencia seguir\u00e1 igual en este 2026 debido a factores como la reforma judicial o la renegociaci\u00f3n del T-MEC, presenta el n\u00famero m\u00e1s reciente Bolet\u00edn de an\u00e1lisis econ\u00f3mico, que cumple un a\u00f1o de publicaciones.<\/p>\n\n\n\n<p class=\"wp-block-paragraph\">El a\u00f1o 2025 confirm\u00f3 que M\u00e9xico tiene una econom\u00eda fr\u00e1gil y sostenida por alfileres. Acumula 14 meses consecutivos de ca\u00eddas en la inversi\u00f3n fija bruta, dos a\u00f1os con menos registros patronales en el Instituto Mexicano del Seguro Social (IMSS) y un bajo crecimiento econ\u00f3mico.<\/p>\n\n\n\n<p class=\"wp-block-paragraph\">As\u00ed lo revela la primera edici\u00f3n de 2026 del Bolet\u00edn de an\u00e1lisis econ\u00f3mico de la Escuela de Negocios ITESO, publicaci\u00f3n que cumple un a\u00f1o de divulgar y explicar la informaci\u00f3n econ\u00f3mica nacional y estatal m\u00e1s relevante.<\/p>\n\n\n\n<p class=\"wp-block-paragraph\">\u00abLa inversi\u00f3n fija bruta impulsa el crecimiento hacia adelante, y si est\u00e1 cayendo, nos est\u00e1 frenando el crecimiento econ\u00f3mico futuro y la econom\u00eda en general\u00bb, menciona Mireya Pasillas, acad\u00e9mica del ITESO y responsable editorial del bolet\u00edn. \u00abY el tejido empresarial se ha deteriorado de una manera que, junto con la inversi\u00f3n, genera un freno al crecimiento y al empleo\u00bb.<\/p>\n\n\n\n<p class=\"wp-block-paragraph\">El Producto Interno Bruto (PIB) del pa\u00eds registr\u00f3 un crecimiento anual de 0.41 por ciento al tercer trimestre de 2025. Este porcentaje es menor al 1 por ciento que se acumul\u00f3 en promedio durante el lustro 2019-2024 y al 1.99 por ciento del periodo 2013-2018, lo que confirma la desaceleraci\u00f3n de la econom\u00eda mexicana.<\/p>\n\n\n\n<p class=\"wp-block-paragraph\">La inversi\u00f3n fija bruta, que mide la capacidad productiva de una econom\u00eda a trav\u00e9s del gasto en la construcci\u00f3n y compra de maquinaria y equipo para este sector, registr\u00f3 14 meses con tasas negativas. El \u00faltimo registro (octubre del a\u00f1o pasado) exhibe una reducci\u00f3n de 3.38 por ciento anual.<\/p>\n\n\n\n<p class=\"wp-block-paragraph\">Respecto a la creaci\u00f3n de empresas formales, el IMSS registr\u00f3 una p\u00e9rdida de 25 mil 667 patrones durante 2025, que se a\u00f1aden a los 17 mil 911 negocios formales que se perdieron en 2024. Con ello ya van 18 meses seguidos de reducci\u00f3n de empresas que cotizan ante el IMSS, mayormente micro y peque\u00f1os establecimientos.<\/p>\n\n\n\n<p class=\"wp-block-paragraph\">En 2025 la creaci\u00f3n de empleos formales aument\u00f3 ligeramente respecto al a\u00f1o previo: 278 mil 697 frente a 213 mil 993. Sin embargo Pasillas se\u00f1ala que este repunte es \u00abficticio\u00bb debido a la obligaci\u00f3n que tienen las plataformas digitales como Uber o DiDi de registrar a sus repartidores, choferes y otros trabajadores. Sin estos registros, el n\u00famero de empleos nuevos generados ser\u00eda de 72 mil 176, es decir, m\u00e1s de 200 mil plazas menos.<\/p>\n\n\n\n<p class=\"wp-block-paragraph\">\u00abEs positivo que estos trabajadores tengan acceso al IMSS, pero no son empleos nuevos, esos ya estaban\u00bb, puntualiza la editora del Bolet\u00edn de an\u00e1lisis econ\u00f3mico.<\/p>\n\n\n\n<p class=\"wp-block-paragraph\">La informalidad se consolid\u00f3 como un mecanismo para absorber a la fuerza laboral ante la incapacidad de la econom\u00eda de generar suficientes puestos de trabajo formales: 55.4 por ciento de la poblaci\u00f3n ocupada en M\u00e9xico trabaja sin prestaciones o seguridad social.<\/p>\n\n\n\n<p class=\"wp-block-paragraph\">Un indicador positivo para la econom\u00eda nacional es la inflaci\u00f3n, que en 2025 se mantuvo en 3.69 por ciento, dentro del rango objetivo del Banco de M\u00e9xico. Adem\u00e1s, la Inversi\u00f3n Extranjera Directa (IED) present\u00f3 un incremento de 14.5 por ciento anual respecto al tercer trimestre del a\u00f1o anterior, aunque este rubro sigue bajo incertidumbre por las presiones de Estados Unidos en la v\u00edspera de la renegociaci\u00f3n del Tratado de Libre Comercio entre M\u00e9xico, el pa\u00eds de las barras y las estrellas, y Canad\u00e1 (T-MEC).<\/p>\n\n\n\n<p class=\"wp-block-paragraph\">Expectativas bajas para 2026<\/p>\n\n\n\n<p class=\"wp-block-paragraph\">El Bolet\u00edn de an\u00e1lisis econ\u00f3mico prev\u00e9 que 2026 ser\u00e1 un a\u00f1o de \u00abbajo crecimiento, presiones inflacionarias persistentes y elevados niveles de incertidumbre, tanto externa como interna\u00bb, lo que mantiene la tendencia de desaceleraci\u00f3n econ\u00f3mica expuesta en 2025.<\/p>\n\n\n\n<p class=\"wp-block-paragraph\">El an\u00e1lisis prev\u00e9 que el crecimiento econ\u00f3mico para 2025 (a falta de la informaci\u00f3n del cuarto trimestre) ser\u00e1 de entre 0.3 y 0.6 por ciento, mientras que la proyecci\u00f3n para 2026 ser\u00e1 de entre 0.7 por ciento y 1.1 por ciento.<\/p>\n\n\n\n<p class=\"wp-block-paragraph\">La inflaci\u00f3n anual a nivel nacional para 2026 ser\u00e1 mayor (4.1 por ciento) como consecuencia de los ajustes de la miscel\u00e1nea fiscal, los aranceles a productos de pa\u00edses sin tratado comercial con M\u00e9xico o el aumento del salario m\u00ednimo.<\/p>\n\n\n\n<p class=\"wp-block-paragraph\">En este a\u00f1o habr\u00e1 una reducci\u00f3n en la generaci\u00f3n de empleos formales, estimada en 221 mil 305, 55 mil puestos laborales menos que los generados en 2025.<\/p>\n\n\n\n<p class=\"wp-block-paragraph\">Pasillas considera al menos tres factores que afectar\u00e1n la econom\u00eda nacional este a\u00f1o: el freno a la inversi\u00f3n privada generada por la incertidumbre ante los efectos de la reforma judicial, la discusi\u00f3n de la pr\u00f3xima reforma electoral y la renegociaci\u00f3n del T-MEC programada para julio de 2026, con nubarrones ante las presiones del gobierno estadounidense encabezado por Donald Trump.<\/p>\n\n\n\n<p class=\"wp-block-paragraph\">\u00abCon los cambios geopol\u00edticos y con la amenaza de Estados Unidos para intervenir contra grupos del crimen organizado en territorio nacional, lo que busca es encarecer la negociaci\u00f3n y que M\u00e9xico acepte todas las condiciones que le imponga, que ser\u00e1n m\u00e1s estrictas, lo que generar\u00e1 mayores costos regulatorios, comerciales y de cumplimiento para ciertos sectores de la econom\u00eda nacional\u00bb, prev\u00e9 la acad\u00e9mica.<\/p>\n","protected":false},"excerpt":{"rendered":"<p>M\u00e9xico confirma su desaceleraci\u00f3n econ\u00f3mica general al revelar datos negativos en aspectos como la inversi\u00f3n fija bruta o los registros patronales ante el IMSS. La tendencia seguir\u00e1 igual en este 2026 debido a factores como la reforma judicial o la renegociaci\u00f3n del T-MEC, presenta el n\u00famero m\u00e1s reciente Bolet\u00edn de an\u00e1lisis econ\u00f3mico, que cumple un [&hellip;]<\/p>\n","protected":false},"author":6,"featured_media":76773,"comment_status":"closed","ping_status":"closed","sticky":false,"template":"","format":"standard","meta":{"_acf_changed":false,"_monsterinsights_skip_tracking":false,"slim_seo":{"title":"Ca\u00edda en inversiones y empresas marca la econom\u00eda mexicana en el \u00faltimo a\u00f1o - Opini\u00f3n P\u00fablica","description":"M\u00e9xico confirma su desaceleraci\u00f3n econ\u00f3mica general al revelar datos negativos en aspectos como la inversi\u00f3n fija bruta o los registros patronales ante el IMSS."},"footnotes":""},"categories":[3],"tags":[374,492,1939],"class_list":["post-76771","post","type-post","status-publish","format-standard","has-post-thumbnail","hentry","category-principal","tag-economia-mexicana","tag-imss","tag-inversiones"],"acf":[],"_links":{"self":[{"href":"https:\/\/www.opinionpublica.tv\/portada\/wp-json\/wp\/v2\/posts\/76771","targetHints":{"allow":["GET"]}}],"collection":[{"href":"https:\/\/www.opinionpublica.tv\/portada\/wp-json\/wp\/v2\/posts"}],"about":[{"href":"https:\/\/www.opinionpublica.tv\/portada\/wp-json\/wp\/v2\/types\/post"}],"author":[{"embeddable":true,"href":"https:\/\/www.opinionpublica.tv\/portada\/wp-json\/wp\/v2\/users\/6"}],"replies":[{"embeddable":true,"href":"https:\/\/www.opinionpublica.tv\/portada\/wp-json\/wp\/v2\/comments?post=76771"}],"version-history":[{"count":2,"href":"https:\/\/www.opinionpublica.tv\/portada\/wp-json\/wp\/v2\/posts\/76771\/revisions"}],"predecessor-version":[{"id":76774,"href":"https:\/\/www.opinionpublica.tv\/portada\/wp-json\/wp\/v2\/posts\/76771\/revisions\/76774"}],"wp:featuredmedia":[{"embeddable":true,"href":"https:\/\/www.opinionpublica.tv\/portada\/wp-json\/wp\/v2\/media\/76773"}],"wp:attachment":[{"href":"https:\/\/www.opinionpublica.tv\/portada\/wp-json\/wp\/v2\/media?parent=76771"}],"wp:term":[{"taxonomy":"category","embeddable":true,"href":"https:\/\/www.opinionpublica.tv\/portada\/wp-json\/wp\/v2\/categories?post=76771"},{"taxonomy":"post_tag","embeddable":true,"href":"https:\/\/www.opinionpublica.tv\/portada\/wp-json\/wp\/v2\/tags?post=76771"}],"curies":[{"name":"wp","href":"https:\/\/api.w.org\/{rel}","templated":true}]}}