{"id":76652,"date":"2026-01-16T00:01:00","date_gmt":"2026-01-16T07:01:00","guid":{"rendered":"https:\/\/www.opinionpublica.tv\/portada\/?p=76652"},"modified":"2026-01-15T17:54:23","modified_gmt":"2026-01-16T00:54:23","slug":"presenta-sindicatura-municipal-su-plan-de-trabajo-para-el-2026-en-ciudad-juarez","status":"publish","type":"post","link":"https:\/\/www.opinionpublica.tv\/portada\/presenta-sindicatura-municipal-su-plan-de-trabajo-para-el-2026-en-ciudad-juarez\/","title":{"rendered":"Sindicatura Municipal de Ciudad Ju\u00e1rez presenta su plan de trabajo para el 2026"},"content":{"rendered":"\n<figure class=\"wp-block-image size-large\"><img fetchpriority=\"high\" decoding=\"async\" width=\"1024\" height=\"683\" src=\"https:\/\/www.opinionpublica.tv\/portada\/wp-content\/uploads\/2026\/01\/Sindicatura-Municipal-de-Ciudad-Juarez-presenta-su-plan-de-trabajo-para-el-2026-1024x683.jpeg\" alt=\"Sindicatura municipal de ciudad jua\u0301rez presenta su plan de trabajo para el 2026\" class=\"wp-image-76656\" srcset=\"https:\/\/www.opinionpublica.tv\/portada\/wp-content\/uploads\/2026\/01\/Sindicatura-Municipal-de-Ciudad-Juarez-presenta-su-plan-de-trabajo-para-el-2026-1024x683.jpeg 1024w, https:\/\/www.opinionpublica.tv\/portada\/wp-content\/uploads\/2026\/01\/Sindicatura-Municipal-de-Ciudad-Juarez-presenta-su-plan-de-trabajo-para-el-2026-300x200.jpeg 300w, https:\/\/www.opinionpublica.tv\/portada\/wp-content\/uploads\/2026\/01\/Sindicatura-Municipal-de-Ciudad-Juarez-presenta-su-plan-de-trabajo-para-el-2026-768x512.jpeg 768w, https:\/\/www.opinionpublica.tv\/portada\/wp-content\/uploads\/2026\/01\/Sindicatura-Municipal-de-Ciudad-Juarez-presenta-su-plan-de-trabajo-para-el-2026.jpeg 1280w\" sizes=\"(max-width: 1024px) 100vw, 1024px\" \/><\/figure>\n\n\n\n<p class=\"wp-block-paragraph\"><em>Ciudad Ju\u00e1rez, Chih<\/em>.- La Comisi\u00f3n Edilicia de Participaci\u00f3n Ciudadana solicit\u00f3 la presencia de la s\u00edndica municipal, Ana Carmen Estrada Garc\u00eda para que diera conocer su plan trimestral de trabajo.<\/p>\n\n\n\n<p class=\"wp-block-paragraph\">La funcionaria se reuni\u00f3 con el regidor y coordinador de la Comisi\u00f3n, Alejandro Alberto Jim\u00e9nez Vargas, adem\u00e1s de Jos\u00e9 Eduardo Valenzuela Mart\u00ednez y Gloria Roc\u00edo Mirazo de la Rosa, a quienes les inform\u00f3 que durante el primer trimestre de este a\u00f1o se trabaja en la elaboraci\u00f3n de un mapa interactivo que estar\u00e1 disponible para el Gobierno Municipal y toda la poblaci\u00f3n.<\/p>\n\n\n\n<p class=\"wp-block-paragraph\">\u201cEste mapa interactivo queremos que sea una herramienta de informaci\u00f3n, de consulta, no solamente para la ciudadan\u00eda, sino tambi\u00e9n para los miembros del Ayuntamiento, que somos los representantes del pueblo juarense\u201d, afirm\u00f3.<\/p>\n\n\n\n<p class=\"wp-block-paragraph\">Indic\u00f3 que tambi\u00e9n tendr\u00e1 aquellos otros patrimonios de los fronterizos como lo son recintos culturales, bibliotecas p\u00fablicas, gimnasios, parques p\u00fablicos y otros puntos de inter\u00e9s ciudadano.<\/p>\n\n\n\n<p class=\"wp-block-paragraph\">Coment\u00f3 que durante este a\u00f1o seguir\u00e1n vigilando el presupuesto p\u00fablico y se pondr\u00e1 especial atenci\u00f3n a las obras que se realizan con el presupuesto participativo.<\/p>\n\n\n\n<p class=\"wp-block-paragraph\">Dijo que el 11 de marzo ser\u00e1 la presentaci\u00f3n del primer informe que se entrega al Ayuntamiento, donde se tendr\u00e1 el apartado especial con respecto a lo ejercido del ejercicio fiscal 2024.<\/p>\n\n\n\n<p class=\"wp-block-paragraph\">Para el segundo trimestre se tiene planeado un informe especial de todos los presupuestos con perspectiva de g\u00e9nero que se tiene dentro de la administraci\u00f3n, agreg\u00f3.<\/p>\n\n\n\n<p class=\"wp-block-paragraph\">Tambi\u00e9n se tendr\u00e1 un informe anual, el cual comprender\u00e1 desde el 10 de septiembre del 2024 al 10 de septiembre del 2025, pero por los tiempos electorales se presentar\u00e1 antes, inform\u00f3.<\/p>\n\n\n\n<p class=\"wp-block-paragraph\">Dio a conocer que para este a\u00f1o se tiene planeado un evento donde estar\u00e1 el Auditor Superior del Estado, H\u00e9ctor Acosta F\u00e9lix.<\/p>\n","protected":false},"excerpt":{"rendered":"<p>Ciudad Ju\u00e1rez, Chih.- La Comisi\u00f3n Edilicia de Participaci\u00f3n Ciudadana solicit\u00f3 la presencia de la s\u00edndica municipal, Ana Carmen Estrada Garc\u00eda para que diera conocer su plan trimestral de trabajo. La funcionaria se reuni\u00f3 con el regidor y coordinador de la Comisi\u00f3n, Alejandro Alberto Jim\u00e9nez Vargas, adem\u00e1s de Jos\u00e9 Eduardo Valenzuela Mart\u00ednez y Gloria Roc\u00edo Mirazo [&hellip;]<\/p>\n","protected":false},"author":6,"featured_media":76656,"comment_status":"closed","ping_status":"closed","sticky":false,"template":"","format":"standard","meta":{"_acf_changed":false,"_monsterinsights_skip_tracking":false,"slim_seo":{"title":"Sindicatura Municipal de Ciudad Ju\u00e1rez presenta su plan de trabajo para el 2026 - Opini\u00f3n P\u00fablica","description":"Ciudad Ju\u00e1rez, Chih .- La Comisi\u00f3n Edilicia de Participaci\u00f3n Ciudadana solicit\u00f3 la presencia de la s\u00edndica municipal, Ana Carmen Estrada Garc\u00eda para que diera c"},"footnotes":""},"categories":[41],"tags":[608,1150],"class_list":["post-76652","post","type-post","status-publish","format-standard","has-post-thumbnail","hentry","category-juarez","tag-ciudad-juarez","tag-sindicatura-municipal"],"acf":[],"_links":{"self":[{"href":"https:\/\/www.opinionpublica.tv\/portada\/wp-json\/wp\/v2\/posts\/76652","targetHints":{"allow":["GET"]}}],"collection":[{"href":"https:\/\/www.opinionpublica.tv\/portada\/wp-json\/wp\/v2\/posts"}],"about":[{"href":"https:\/\/www.opinionpublica.tv\/portada\/wp-json\/wp\/v2\/types\/post"}],"author":[{"embeddable":true,"href":"https:\/\/www.opinionpublica.tv\/portada\/wp-json\/wp\/v2\/users\/6"}],"replies":[{"embeddable":true,"href":"https:\/\/www.opinionpublica.tv\/portada\/wp-json\/wp\/v2\/comments?post=76652"}],"version-history":[{"count":3,"href":"https:\/\/www.opinionpublica.tv\/portada\/wp-json\/wp\/v2\/posts\/76652\/revisions"}],"predecessor-version":[{"id":76657,"href":"https:\/\/www.opinionpublica.tv\/portada\/wp-json\/wp\/v2\/posts\/76652\/revisions\/76657"}],"wp:featuredmedia":[{"embeddable":true,"href":"https:\/\/www.opinionpublica.tv\/portada\/wp-json\/wp\/v2\/media\/76656"}],"wp:attachment":[{"href":"https:\/\/www.opinionpublica.tv\/portada\/wp-json\/wp\/v2\/media?parent=76652"}],"wp:term":[{"taxonomy":"category","embeddable":true,"href":"https:\/\/www.opinionpublica.tv\/portada\/wp-json\/wp\/v2\/categories?post=76652"},{"taxonomy":"post_tag","embeddable":true,"href":"https:\/\/www.opinionpublica.tv\/portada\/wp-json\/wp\/v2\/tags?post=76652"}],"curies":[{"name":"wp","href":"https:\/\/api.w.org\/{rel}","templated":true}]}}