{"id":76635,"date":"2026-01-16T00:01:00","date_gmt":"2026-01-16T07:01:00","guid":{"rendered":"https:\/\/www.opinionpublica.tv\/portada\/?p=76635"},"modified":"2026-01-15T17:12:47","modified_gmt":"2026-01-16T00:12:47","slug":"retiros-por-desempleo-en-afores-alcanzan-maximo-historico-en-2025-salen-39-mil-mdp-por-crisis-laboral","status":"publish","type":"post","link":"https:\/\/www.opinionpublica.tv\/portada\/retiros-por-desempleo-en-afores-alcanzan-maximo-historico-en-2025-salen-39-mil-mdp-por-crisis-laboral\/","title":{"rendered":"Los retiros por desempleo en Afores alcanzan m\u00e1ximo hist\u00f3rico en 2025; salen 39 mil mdp por crisis laboral"},"content":{"rendered":"\n<figure class=\"wp-block-image size-full\"><img fetchpriority=\"high\" decoding=\"async\" width=\"1006\" height=\"620\" src=\"https:\/\/www.opinionpublica.tv\/portada\/wp-content\/uploads\/2026\/01\/Los-retiros-por-desempleo-en-Afores-alcanzan-maximo-historico-en-2025-salen-39-mil-mdp-por-crisis-laboral.avif\" alt=\"Los retiros por desempleo en afores alcanzan ma\u0301ximo histo\u0301rico en 2025; salen 39 mil mdp por crisis laboral\" class=\"wp-image-76637\" srcset=\"https:\/\/www.opinionpublica.tv\/portada\/wp-content\/uploads\/2026\/01\/Los-retiros-por-desempleo-en-Afores-alcanzan-maximo-historico-en-2025-salen-39-mil-mdp-por-crisis-laboral.avif 1006w, https:\/\/www.opinionpublica.tv\/portada\/wp-content\/uploads\/2026\/01\/Los-retiros-por-desempleo-en-Afores-alcanzan-maximo-historico-en-2025-salen-39-mil-mdp-por-crisis-laboral-300x185.avif 300w, https:\/\/www.opinionpublica.tv\/portada\/wp-content\/uploads\/2026\/01\/Los-retiros-por-desempleo-en-Afores-alcanzan-maximo-historico-en-2025-salen-39-mil-mdp-por-crisis-laboral-768x473.avif 768w\" sizes=\"(max-width: 1006px) 100vw, 1006px\" \/><\/figure>\n\n\n\n<p class=\"wp-block-paragraph\">Al cierre de 2025, el retiro por desempleo de las Afore marc\u00f3 su registro m\u00e1s alto en el pa\u00eds, al alcanzar los 38 mil 882 millones de pesos, un disparo de 26.5% en t\u00e9rminos nominales respecto del a\u00f1o previo, seg\u00fan datos de la Comisi\u00f3n Nacional del Sistema del Ahorro para el Retiro (Consar).<\/p>\n\n\n\n<p class=\"wp-block-paragraph\">Dicho crecimiento se enmarca en un a\u00f1o de debilidad laboral y la presencia de falsos gestores que siguen promoviendo el tr\u00e1mite entre trabajadores a cambio de una comisi\u00f3n, a pesar de que se trata de un proceso totalmente gratuito.<\/p>\n\n\n\n<p class=\"wp-block-paragraph\">Los datos de la Consar muestran que solamente en diciembre de 2025 se retiraron por concepto de desempleo de las Afores un total de 3 mil 992 millones de pesos, 36.1% nominal por arriba del mismo mes del a\u00f1o previo y marcando un nuevo m\u00e1ximo hist\u00f3rico para un solo mes desde que comenzaron los registros de la Consar, en el a\u00f1o 2000.<\/p>\n\n\n\n<p class=\"wp-block-paragraph\">En el caso del n\u00famero de trabajadores que solicitaron el retiro por desempleo de las Afore en 2025, se alcanz\u00f3 un total de un mill\u00f3n 944 mil 402 registros, esto es, 227 mil 400 m\u00e1s respecto del a\u00f1o previo.<\/p>\n\n\n\n<p class=\"wp-block-paragraph\">Dicho dato se compara con 2021, cuando un mill\u00f3n 995 mil personas solicitaron el retiro por desempleo de las Afore, en un momento en que la econom\u00eda del pa\u00eds a\u00fan se recuperaba de los efectos de la pandemia de Covid-19.<\/p>\n\n\n\n<p class=\"wp-block-paragraph\">Los registros de la Consar muestran que solamente en diciembre, Afore Coppel encabez\u00f3 la lista con 914 millones de pesos en retiros por desempleo, seguida por Azteca con 677 millones, mientras que XXI Banorte report\u00f3 590.1 millones de pesos retirados por sus afiliados. En conjunto, estas tres concentraron una parte sustancial del flujo total observado en el \u00faltimo mes del a\u00f1o.<\/p>\n\n\n\n<p class=\"wp-block-paragraph\">Muy cerca se ubicaron Afore Banamex y Afore SURA, con retiros por 576 millones y 464.2 millones de pesos, respectivamente. Estos niveles reflejan una presi\u00f3n persistente sobre el ahorro para el retiro, particularmente entre los trabajadores que recurrieron a este mecanismo para enfrentar episodios de p\u00e9rdida de empleo al cierre de 2025.<\/p>\n\n\n\n<p class=\"wp-block-paragraph\">En un segundo bloque aparecen Afore Profuturo con 302 millones de pesos, Afore Invera con 204.2 millones, y Afore Principal con 182.8 millones. M\u00e1s abajo quedaron Afore Inbursa con 70 millones y PensionISSSTE con apenas 12 millones de pesos, muy lejos de los niveles observados en las administradoras l\u00edderes.<\/p>\n\n\n\n<p class=\"wp-block-paragraph\">Falsos gestores, el reto del retiro por desempleo, reconoci\u00f3 Consar en octubre<\/p>\n\n\n\n<p class=\"wp-block-paragraph\">El pasado 23 de octubre, el presidente de la Comisi\u00f3n Nacional del Sistema de Ahorro para el Retiro (Consar), Julio C\u00e9sar Cervantes, dijo que gran parte de los retiros por desempleo de las Afore y sus cifras hist\u00f3ricas, son consecuencia de la falsa gestor\u00eda o coyotaje que sigue operando en el pa\u00eds y que enga\u00f1a a los trabajadores a cambio de realizar un tr\u00e1mite que es totalmente gratuito.<\/p>\n\n\n\n<p class=\"wp-block-paragraph\">\u201cLo que hemos observado es que a partir de coyotes o gestores no autorizados\u201d, dijo el presidente de la Consar.<\/p>\n\n\n\n<p class=\"wp-block-paragraph\">Para dimensionar el tema, el funcionario record\u00f3 que en 2024, los retiros por desempleo de las Afore fueron cercanos 31 mil millones de pesos, de los cuales, 20 mil millones se obtuvieron a partir de la falsa gestor\u00eda realizada por coyotes.<\/p>\n\n\n\n<p class=\"wp-block-paragraph\">Cabe recordar que ante la problem\u00e1tica, en la C\u00e1mara de Diputados se aprob\u00f3 un candado para evitar que los gestores realicen el tr\u00e1mite a nombre del trabajador, ya que con enga\u00f1os, logran obtener el m\u00e1ximo por retiro por desempleo, unos 34 mil pesos, de los cuales, obtienen una comisi\u00f3n que alcanza 30 por ciento y que impacta directamente en el retiro del titular de la cuenta.<\/p>\n\n\n\n<p class=\"wp-block-paragraph\">Sin embargo, dicho candado a\u00fan no se aprueba en el Senado, debido a la agenda legislativa que ha priorizado otros temas.<\/p>\n\n\n\n<p class=\"wp-block-paragraph\">\u201cEntendemos que dado que el periodo legislativo ha tenido mucha carga de trabajo, est\u00e1 por ser analizada en la mesa directiva del senado y en cuanto haya ese an\u00e1lisis y el turno correspondiente a la comisi\u00f3n de seguridad social se le se le dar\u00e1 causa\u201d, dijo el funcionario.<\/p>\n\n\n\n<p class=\"wp-block-paragraph\">Cervantes record\u00f3 que esta pr\u00e1ctica tiene un impacto sobre el retiro del trabajador, al impactar en sus semanas de cotizaci\u00f3n.<\/p>\n\n\n\n<p class=\"wp-block-paragraph\"><em>Con informaci\u00f3n de El Universal<\/em>.<\/p>\n","protected":false},"excerpt":{"rendered":"<p>Al cierre de 2025, el retiro por desempleo de las Afore marc\u00f3 su registro m\u00e1s alto en el pa\u00eds, al alcanzar los 38 mil 882 millones de pesos, un disparo de 26.5% en t\u00e9rminos nominales respecto del a\u00f1o previo, seg\u00fan datos de la Comisi\u00f3n Nacional del Sistema del Ahorro para el Retiro (Consar). Dicho crecimiento [&hellip;]<\/p>\n","protected":false},"author":6,"featured_media":76637,"comment_status":"closed","ping_status":"closed","sticky":false,"template":"","format":"standard","meta":{"_acf_changed":false,"_monsterinsights_skip_tracking":false,"slim_seo":{"title":"Los retiros por desempleo en Afores alcanzan m\u00e1ximo hist\u00f3rico en 2025; salen 39 mil mdp por crisis laboral - Opini\u00f3n P\u00fablica","description":"Al cierre de 2025, el retiro por desempleo de las Afore marc\u00f3 su registro m\u00e1s alto en el pa\u00eds, al alcanzar los 38 mil 882 millones de pesos, un disparo de 26.5%"},"footnotes":""},"categories":[3],"tags":[961,312],"class_list":["post-76635","post","type-post","status-publish","format-standard","has-post-thumbnail","hentry","category-principal","tag-afores","tag-desempleo"],"acf":[],"_links":{"self":[{"href":"https:\/\/www.opinionpublica.tv\/portada\/wp-json\/wp\/v2\/posts\/76635","targetHints":{"allow":["GET"]}}],"collection":[{"href":"https:\/\/www.opinionpublica.tv\/portada\/wp-json\/wp\/v2\/posts"}],"about":[{"href":"https:\/\/www.opinionpublica.tv\/portada\/wp-json\/wp\/v2\/types\/post"}],"author":[{"embeddable":true,"href":"https:\/\/www.opinionpublica.tv\/portada\/wp-json\/wp\/v2\/users\/6"}],"replies":[{"embeddable":true,"href":"https:\/\/www.opinionpublica.tv\/portada\/wp-json\/wp\/v2\/comments?post=76635"}],"version-history":[{"count":2,"href":"https:\/\/www.opinionpublica.tv\/portada\/wp-json\/wp\/v2\/posts\/76635\/revisions"}],"predecessor-version":[{"id":76639,"href":"https:\/\/www.opinionpublica.tv\/portada\/wp-json\/wp\/v2\/posts\/76635\/revisions\/76639"}],"wp:featuredmedia":[{"embeddable":true,"href":"https:\/\/www.opinionpublica.tv\/portada\/wp-json\/wp\/v2\/media\/76637"}],"wp:attachment":[{"href":"https:\/\/www.opinionpublica.tv\/portada\/wp-json\/wp\/v2\/media?parent=76635"}],"wp:term":[{"taxonomy":"category","embeddable":true,"href":"https:\/\/www.opinionpublica.tv\/portada\/wp-json\/wp\/v2\/categories?post=76635"},{"taxonomy":"post_tag","embeddable":true,"href":"https:\/\/www.opinionpublica.tv\/portada\/wp-json\/wp\/v2\/tags?post=76635"}],"curies":[{"name":"wp","href":"https:\/\/api.w.org\/{rel}","templated":true}]}}