{"id":76535,"date":"2026-01-17T00:01:00","date_gmt":"2026-01-17T07:01:00","guid":{"rendered":"https:\/\/www.opinionpublica.tv\/portada\/?p=76535"},"modified":"2026-01-14T18:37:16","modified_gmt":"2026-01-15T01:37:16","slug":"nado-sincronizado-estilo-4t","status":"publish","type":"post","link":"https:\/\/www.opinionpublica.tv\/portada\/nado-sincronizado-estilo-4t\/","title":{"rendered":"Nado sincronizado, estilo 4T"},"content":{"rendered":"\n<h4 class=\"wp-block-heading\">Jorge G. Casta\u00f1eda<\/h4>\n\n\n\n<p class=\"wp-block-paragraph\">___________________________<\/p>\n\n\n\n<p class=\"wp-block-paragraph\">El gobierno ha utilizado en varias ocasiones la expresi\u00f3n de nado sincronizado para acusar a sus cr\u00edticos y opositores de ponerse de acuerdo en todos los medios para denostar simult\u00e1neamente tal o cual decisi\u00f3n oficial. Pero la 4T no canta mal las rancheras en la materia.<\/p>\n\n\n\n<p class=\"wp-block-paragraph\">Sabemos todos que uno de los grandes fracasos de la democracia mexicana que se comenz\u00f3 a construir en la segunda mitad de la d\u00e9cada de los a\u00f1os noventa fue la falta de aggiornamento de los medios. S\u00ed se volvieron m\u00e1s cr\u00edticos, sobre todo las columnas de opini\u00f3n, aunque no era tan novedoso el cambio.<\/p>\n\n\n\n<p class=\"wp-block-paragraph\">Pero los peri\u00f3dicos, los noticieros de televisi\u00f3n de gran audiencia y, en menor medida, las emisiones noticiosas en la radio siguieron caracteriz\u00e1ndose por sus magros recursos, falta de profesionalismo, venalidad y sumisi\u00f3n ante los sucesivos gobiernos.<\/p>\n\n\n\n<p class=\"wp-block-paragraph\">Seguimos en las mismas, o incluso peor: L\u00f3pez Obrador y Sheinbaum han desterrado, directamente o t\u00e1citamente, a decenas de editorialistas, comentaristas en radio y participantes en programas de televisi\u00f3n de an\u00e1lisis de escaso p\u00fablico (salvo aquel donde participaba yo y del que fui corrido, pero era visto por multitudes en Asia, \u00c1frica y Medio Oriente).<\/p>\n\n\n\n<p class=\"wp-block-paragraph\">\u00c9se fue un buen d\u00eda para atestiguar el nado sincronizado. Como se sabe, el martes la presidenta Sheinbaum sostuvo una conversaci\u00f3n telef\u00f3nica con Trump que dur\u00f3 15 minutos, y de la cual s\u00f3lo conocemos la versi\u00f3n mexicana. La Casa Blanca no dio readout. Van los titulares de la primera plana de los peri\u00f3dicos nacionales: EL UNIVERSAL, \u201cSheinbaum descarta intervenci\u00f3n ante la insistencia de Trump\u201d; La Cr\u00f3nica, \u201cTrump insisti\u00f3 en ayudar contra los c\u00e1rteles\u2026 dijimos que no\u201d; Milenio, \u201cSheinbaum descarta incursi\u00f3n despu\u00e9s de hablar con Trump\u201d; La Jornada, \u201cAcept\u00f3 Trump que intervenir en M\u00e9xico no es necesario: Sheinbaum\u201d; El Heraldo de M\u00e9xico, \u201cDescarta Sheinbaum intervenci\u00f3n en M\u00e9xico\u201d; El Financiero, \u201cDescarta Sheinbaum intervenci\u00f3n militar en M\u00e9xico\u201d; El Sol de M\u00e9xico, \u201cQueda descartada intervenci\u00f3n de EU\u201d; ContraR\u00e9plica, \u201cDescartada, intervenci\u00f3n de EU en M\u00e9xico: Sheinbaum\u201d; La Raz\u00f3n, \u201cClaudia habla con Trump y descarta una intervenci\u00f3n de tropas de EU\u201d; Diario de M\u00e9xico, \u201cTrump descarta intervenir en M\u00e9xico: Sheinbaum\u201d; Uno m\u00e1s Uno, \u201cSheinbaum descarta intervenci\u00f3n militar de EE.UU. en M\u00e9xico\u201d; El D\u00eda, \u201cDescarta Claudia Sheinbaum intromisi\u00f3n de EU en M\u00e9xico\u201d; El Independiente, \u201cFrena CSP a Trump\u2026 por ahora\u201d. S\u00f3lo Reforma cabece\u00f3 con otra noticia.<\/p>\n\n\n\n<p class=\"wp-block-paragraph\">Incluso columnistas cr\u00edticos del gobierno como Carlos Loret de Mola (\u201cLa presidente ha mostrado oficio\u201d) y Ciro G\u00f3mez Leyva (\u201cLa Presidenta sali\u00f3 airosa una vez m\u00e1s en el uno a uno por tel\u00e9fono, siempre gana Sheinbaum\u201d), elogiaron el comportamiento presidencial. No digo ni que todos los directores de los diarios o los editorialistas sigan l\u00ednea, aunque muchos s\u00ed lo hacen. Simplemente subrayo la inveros\u00edmil coincidencia.<\/p>\n\n\n\n<p class=\"wp-block-paragraph\">Sobre todo, proviene de una intenci\u00f3n o decisi\u00f3n atribuida por Sheinbaum a Trump, en respuesta a una pregunta sonsa formulada por un reportero o reportera escasamente sofisticado o sofisticada (y soy generoso). Vean: \u201cPregunta: Con todo respeto, se\u00f1ora Presidenta, Doctora, \u00bfs\u00ed qued\u00f3 descartada una acci\u00f3n militar?, \u00bfusted considera que\u2026 Presidenta de M\u00e9xico, Claudia Sheinbaum Pardo: S\u00ed. Pregunta: \u00bfS\u00ed? Presidenta de M\u00e9xico, Claudia Sheinbaum Pardo: S\u00ed. Pregunta: \u00bfTras esa llamada, qued\u00f3 superdescartada? Presidenta de M\u00e9xico, Claudia Sheinbaum Pardo: S\u00ed.\u201d<\/p>\n\n\n\n<p class=\"wp-block-paragraph\">Contrasto este intercambio con la versi\u00f3n de Estados Unidos y el an\u00e1lisis de dos diarios norteamericanos. Como ya record\u00e9, no hubo readout de la Casa Blanca. La vicevocera presidencial Anna Kelly se limit\u00f3 a declarar lo siguiente: \u201cTrump tuvo una \u201cgreat\u201d pl\u00e1tica con la presidenta Sheinbaum.<\/p>\n\n\n\n<p class=\"wp-block-paragraph\">El objetivo principal del presidente es detener la plaga de narcoterrorismo que est\u00e1 destruyendo a muchas comunidades en todo el pa\u00eds, y est\u00e1 dispuesto a utilizar cualquier herramienta a su disposici\u00f3n para salvar vidas americanas\u201d. Si eso significa descartar una intervenci\u00f3n, no quisiera ni pensar c\u00f3mo ser\u00eda confirmarla.<\/p>\n\n\n\n<p class=\"wp-block-paragraph\">Tanto The New York TimescomoThe Wall Street Journalpublicaron estos \u00faltimos d\u00edas largos art\u00edculos, basados en filtraciones de altos funcionarios mexicanos, sobre la reacci\u00f3n real del gobierno ante la captura de Maduro en Venezuela. Colaboradores de Garc\u00eda Harfuch \u2014o \u00e9l mismo\u2014, Roberto Velasco de la SRE, y otros que trabajan en Palacio \u2014ninguno citado por nombre, pero es evidente qui\u00e9nes son\u2014 confiaron a los corresponsales que no cundi\u00f3 el nerviosismo, sino el p\u00e1nico en el gobierno. Por una raz\u00f3n que muchos coment\u00f3cratas mexicanos han subrayado igualmente: es imposible saber qu\u00e9 va a hacer Trump con M\u00e9xico.<\/p>\n\n\n\n<p class=\"wp-block-paragraph\">Pero el dilema s\u00ed se puede f\u00e1cilmente describir. Si Washington pide la cabeza de un narcopol\u00edtico, o si recurre al lanzamiento de misiles contra instalaciones del narco \u2014laboratorios, transporte, bodegas, etc.\u2014 o, sobre todo, si \u201cextrae\u201d a un gobernador, exgobernador o exsecretario de Estado, todo ello de manera unilateral, \u00bfc\u00f3mo puede reaccionar el gobierno?<\/p>\n\n\n\n<p class=\"wp-block-paragraph\">Envolverse en la bandera entra\u00f1a riesgos inmensos con Washington en otros \u00e1mbitos \u2014comercio, frontera. Permanecer callado entra\u00f1a riesgos inmensos con Palenque y las hordas cuatroteras. Seguir el modelo nigeriano, de enga\u00f1ar a todos afirmando que se trat\u00f3 de una operaci\u00f3n conjunta, entra\u00f1a riesgos inmensos de ser ventaneados por Trump, que \u00fanicamente busca las medidas unilaterales que encienden a su base MAGA.<\/p>\n\n\n\n<p class=\"wp-block-paragraph\">Ambos diarios concluyen que se ha reducido el margen de maniobra de Sheinbaum, atrapada entre la espada de Trump y la pared de L\u00f3pez Obrador. Aunque la relaci\u00f3n entre los servicios de seguridad de los dos pa\u00edses sigue siendo robusta, los mexicanos temen que las bases trumpistas se deleiten con golpes espectaculares como el de Caracas, y que Trump sucumba ante la tentaci\u00f3n de \u201chacer algo con M\u00e9xico\u201d.<\/p>\n\n\n\n<p class=\"wp-block-paragraph\">Eso le dicen los colaboradores de Sheinbaum, obviamente con su autorizaci\u00f3n, y de manera an\u00f3nima, a los periodistas extranjeros. A los mexicanos, atole con el dedo.<\/p>\n","protected":false},"excerpt":{"rendered":"<p>Jorge G. Casta\u00f1eda ___________________________ El gobierno ha utilizado en varias ocasiones la expresi\u00f3n de nado sincronizado para acusar a sus cr\u00edticos y opositores de ponerse de acuerdo en todos los medios para denostar simult\u00e1neamente tal o cual decisi\u00f3n oficial. Pero la 4T no canta mal las rancheras en la materia. Sabemos todos que uno de [&hellip;]<\/p>\n","protected":false},"author":6,"featured_media":43385,"comment_status":"closed","ping_status":"closed","sticky":false,"template":"","format":"standard","meta":{"_acf_changed":false,"_monsterinsights_skip_tracking":false,"slim_seo":{"title":"Nado sincronizado, estilo 4T - Opini\u00f3n P\u00fablica","description":"Jorge G. Casta\u00f1eda ___________________________ El gobierno ha utilizado en varias ocasiones la expresi\u00f3n de nado sincronizado para acusar a sus cr\u00edticos y oposi"},"footnotes":""},"categories":[18],"tags":[1407,829,82],"class_list":["post-76535","post","type-post","status-publish","format-standard","has-post-thumbnail","hentry","category-castaneda-opina","tag-cuarta-transformacion","tag-democracia","tag-jorge-castaneda"],"acf":[],"_links":{"self":[{"href":"https:\/\/www.opinionpublica.tv\/portada\/wp-json\/wp\/v2\/posts\/76535","targetHints":{"allow":["GET"]}}],"collection":[{"href":"https:\/\/www.opinionpublica.tv\/portada\/wp-json\/wp\/v2\/posts"}],"about":[{"href":"https:\/\/www.opinionpublica.tv\/portada\/wp-json\/wp\/v2\/types\/post"}],"author":[{"embeddable":true,"href":"https:\/\/www.opinionpublica.tv\/portada\/wp-json\/wp\/v2\/users\/6"}],"replies":[{"embeddable":true,"href":"https:\/\/www.opinionpublica.tv\/portada\/wp-json\/wp\/v2\/comments?post=76535"}],"version-history":[{"count":4,"href":"https:\/\/www.opinionpublica.tv\/portada\/wp-json\/wp\/v2\/posts\/76535\/revisions"}],"predecessor-version":[{"id":76539,"href":"https:\/\/www.opinionpublica.tv\/portada\/wp-json\/wp\/v2\/posts\/76535\/revisions\/76539"}],"wp:featuredmedia":[{"embeddable":true,"href":"https:\/\/www.opinionpublica.tv\/portada\/wp-json\/wp\/v2\/media\/43385"}],"wp:attachment":[{"href":"https:\/\/www.opinionpublica.tv\/portada\/wp-json\/wp\/v2\/media?parent=76535"}],"wp:term":[{"taxonomy":"category","embeddable":true,"href":"https:\/\/www.opinionpublica.tv\/portada\/wp-json\/wp\/v2\/categories?post=76535"},{"taxonomy":"post_tag","embeddable":true,"href":"https:\/\/www.opinionpublica.tv\/portada\/wp-json\/wp\/v2\/tags?post=76535"}],"curies":[{"name":"wp","href":"https:\/\/api.w.org\/{rel}","templated":true}]}}