{"id":76519,"date":"2026-01-14T08:07:07","date_gmt":"2026-01-14T15:07:07","guid":{"rendered":"https:\/\/www.opinionpublica.tv\/portada\/?p=76519"},"modified":"2026-01-14T08:09:14","modified_gmt":"2026-01-14T15:09:14","slug":"invitan-a-sumarse-al-programa-juarez-renovado-para-el-manejo-de-residuos-organicos","status":"publish","type":"post","link":"https:\/\/www.opinionpublica.tv\/portada\/invitan-a-sumarse-al-programa-juarez-renovado-para-el-manejo-de-residuos-organicos\/","title":{"rendered":"Invitan a sumarse a programa Ju\u00e1rez Renovado y manejar los residuos org\u00e1nicos"},"content":{"rendered":"\n<figure class=\"wp-block-image size-large\"><img fetchpriority=\"high\" decoding=\"async\" width=\"1024\" height=\"682\" src=\"https:\/\/www.opinionpublica.tv\/portada\/wp-content\/uploads\/2026\/01\/Invitan-a-sumarse-a-programa-Juarez-Renovado-y-manejar-los-residuos-organicos-1024x682.jpeg\" alt=\"Invitan a sumarse a programa jua\u0301rez renovado y manejar los residuos orga\u0301nicos\" class=\"wp-image-76524\" srcset=\"https:\/\/www.opinionpublica.tv\/portada\/wp-content\/uploads\/2026\/01\/Invitan-a-sumarse-a-programa-Juarez-Renovado-y-manejar-los-residuos-organicos-1024x682.jpeg 1024w, https:\/\/www.opinionpublica.tv\/portada\/wp-content\/uploads\/2026\/01\/Invitan-a-sumarse-a-programa-Juarez-Renovado-y-manejar-los-residuos-organicos-300x200.jpeg 300w, https:\/\/www.opinionpublica.tv\/portada\/wp-content\/uploads\/2026\/01\/Invitan-a-sumarse-a-programa-Juarez-Renovado-y-manejar-los-residuos-organicos-768x512.jpeg 768w, https:\/\/www.opinionpublica.tv\/portada\/wp-content\/uploads\/2026\/01\/Invitan-a-sumarse-a-programa-Juarez-Renovado-y-manejar-los-residuos-organicos-1536x1023.jpeg 1536w, https:\/\/www.opinionpublica.tv\/portada\/wp-content\/uploads\/2026\/01\/Invitan-a-sumarse-a-programa-Juarez-Renovado-y-manejar-los-residuos-organicos.jpeg 1600w\" sizes=\"(max-width: 1024px) 100vw, 1024px\" \/><\/figure>\n\n\n\n<p class=\"wp-block-paragraph\"><em>Ciudad Ju\u00e1rez, Chih<\/em>.- Con el objetivo de promover el manejo responsable de los residuos y fortalecer la cultura ambiental en la ciudad, la Direcci\u00f3n General de Servicios P\u00fablicos Municipales, a trav\u00e9s de la Direcci\u00f3n de Limpia, invita a los juarenses a sumarse al programa Ju\u00e1rez Renovado, enfocado en la recolecci\u00f3n diferenciada de residuos org\u00e1nicos.<\/p>\n\n\n\n<p class=\"wp-block-paragraph\">El titular de la Direcci\u00f3n de Limpia, Gibran Sol\u00eds Kanahan, inform\u00f3 en conferencia de prensa que el programa ha registrado resultados positivos gracias a la participaci\u00f3n ciudadana, logrando una adecuada separaci\u00f3n y disposici\u00f3n de los residuos org\u00e1nicos.<\/p>\n\n\n\n<p class=\"wp-block-paragraph\">De acuerdo con los registros, durante los \u00faltimos meses se recolectaron 638.51 toneladas de residuos org\u00e1nicos. 161.80 fueron recolectadas en septiembre, 185.90 en octubre, 145.17 en noviembre, 109.01 en diciembre y 36.63 toneladas en enero.<\/p>\n\n\n\n<p class=\"wp-block-paragraph\">El funcionario destac\u00f3 que estos resultados permiten reducir la cantidad de desechos enviados a disposici\u00f3n final, adem\u00e1s de impulsar pr\u00e1cticas m\u00e1s sustentables que contribuyen al cuidado del medio ambiente y al orden urbano.<\/p>\n\n\n\n<p class=\"wp-block-paragraph\">Asimismo, subray\u00f3 que la recolecci\u00f3n diferenciada mejora el aprovechamiento de los residuos, disminuye el impacto ambiental y fortalece las estrategias de limpieza en la ciudad, por lo que agradeci\u00f3 la participaci\u00f3n de los ciudadanos que ya forman parte del programa.<\/p>\n\n\n\n<p class=\"wp-block-paragraph\">Sol\u00eds Kanahan se\u00f1al\u00f3 que el objetivo es ampliar el programa a nuevas rutas de recolecci\u00f3n y a fraccionamientos de reciente creaci\u00f3n, replicando el modelo de participaci\u00f3n comunitaria que se implement\u00f3 con \u00e9xito en Valle del Sol, mediante la socializaci\u00f3n del programa y el involucramiento directo de los vecinos.<\/p>\n\n\n\n<p class=\"wp-block-paragraph\">En este sentido, hizo un llamado a la ciudadan\u00eda interesada en integrarse a Ju\u00e1rez Renovado, a solicitar el programa directamente ante la Direcci\u00f3n de Limpia, donde personal de la dependencia acudir\u00e1 a dialogar con los vecinos, explicar el funcionamiento y coordinar la incorporaci\u00f3n a las rutas de recolecci\u00f3n diferenciada ya existentes.<\/p>\n\n\n\n<p class=\"wp-block-paragraph\">El funcionario reiter\u00f3 que la participaci\u00f3n ciudadana es fundamental para consolidar este programa y avanzar hacia un Ju\u00e1rez m\u00e1s limpio, ordenado y comprometido con el medio ambiente.<\/p>\n","protected":false},"excerpt":{"rendered":"<p>Ciudad Ju\u00e1rez, Chih.- Con el objetivo de promover el manejo responsable de los residuos y fortalecer la cultura ambiental en la ciudad, la Direcci\u00f3n General de Servicios P\u00fablicos Municipales, a trav\u00e9s de la Direcci\u00f3n de Limpia, invita a los juarenses a sumarse al programa Ju\u00e1rez Renovado, enfocado en la recolecci\u00f3n diferenciada de residuos org\u00e1nicos. El [&hellip;]<\/p>\n","protected":false},"author":6,"featured_media":76524,"comment_status":"closed","ping_status":"closed","sticky":false,"template":"","format":"standard","meta":{"_acf_changed":false,"_monsterinsights_skip_tracking":false,"slim_seo":{"title":"Invitan a sumarse a programa Ju\u00e1rez Renovado y manejar los residuos org\u00e1nicos - Opini\u00f3n P\u00fablica","description":"Ciudad Ju\u00e1rez, Chih .- Con el objetivo de promover el manejo responsable de los residuos y fortalecer la cultura ambiental en la ciudad, la Direcci\u00f3n General de"},"footnotes":""},"categories":[41],"tags":[608,1776,1902],"class_list":["post-76519","post","type-post","status-publish","format-standard","has-post-thumbnail","hentry","category-juarez","tag-ciudad-juarez","tag-direccion-de-limpia","tag-residuos-organicos"],"acf":[],"_links":{"self":[{"href":"https:\/\/www.opinionpublica.tv\/portada\/wp-json\/wp\/v2\/posts\/76519","targetHints":{"allow":["GET"]}}],"collection":[{"href":"https:\/\/www.opinionpublica.tv\/portada\/wp-json\/wp\/v2\/posts"}],"about":[{"href":"https:\/\/www.opinionpublica.tv\/portada\/wp-json\/wp\/v2\/types\/post"}],"author":[{"embeddable":true,"href":"https:\/\/www.opinionpublica.tv\/portada\/wp-json\/wp\/v2\/users\/6"}],"replies":[{"embeddable":true,"href":"https:\/\/www.opinionpublica.tv\/portada\/wp-json\/wp\/v2\/comments?post=76519"}],"version-history":[{"count":5,"href":"https:\/\/www.opinionpublica.tv\/portada\/wp-json\/wp\/v2\/posts\/76519\/revisions"}],"predecessor-version":[{"id":76525,"href":"https:\/\/www.opinionpublica.tv\/portada\/wp-json\/wp\/v2\/posts\/76519\/revisions\/76525"}],"wp:featuredmedia":[{"embeddable":true,"href":"https:\/\/www.opinionpublica.tv\/portada\/wp-json\/wp\/v2\/media\/76524"}],"wp:attachment":[{"href":"https:\/\/www.opinionpublica.tv\/portada\/wp-json\/wp\/v2\/media?parent=76519"}],"wp:term":[{"taxonomy":"category","embeddable":true,"href":"https:\/\/www.opinionpublica.tv\/portada\/wp-json\/wp\/v2\/categories?post=76519"},{"taxonomy":"post_tag","embeddable":true,"href":"https:\/\/www.opinionpublica.tv\/portada\/wp-json\/wp\/v2\/tags?post=76519"}],"curies":[{"name":"wp","href":"https:\/\/api.w.org\/{rel}","templated":true}]}}