{"id":76375,"date":"2026-01-12T00:01:00","date_gmt":"2026-01-12T07:01:00","guid":{"rendered":"https:\/\/www.opinionpublica.tv\/portada\/?p=76375"},"modified":"2026-01-11T17:07:07","modified_gmt":"2026-01-12T00:07:07","slug":"invita-estado-a-juarenses-a-participar-en-el-programa-matrimonios-colectivos-2026","status":"publish","type":"post","link":"https:\/\/www.opinionpublica.tv\/portada\/invita-estado-a-juarenses-a-participar-en-el-programa-matrimonios-colectivos-2026\/","title":{"rendered":"Invita Estado a juarenses a participar en el programa Matrimonios Colectivos 2026"},"content":{"rendered":"\n<figure class=\"wp-block-image size-large\"><img fetchpriority=\"high\" decoding=\"async\" width=\"1024\" height=\"682\" src=\"https:\/\/www.opinionpublica.tv\/portada\/wp-content\/uploads\/2026\/01\/Invita-Estado-a-juarenses-a-participar-en-el-programa-Matrimonios-Colectivos-2026-1024x682.jpeg\" alt=\"Invita estado a juarenses a participar en el programa matrimonios colectivos 2026\" class=\"wp-image-76377\" srcset=\"https:\/\/www.opinionpublica.tv\/portada\/wp-content\/uploads\/2026\/01\/Invita-Estado-a-juarenses-a-participar-en-el-programa-Matrimonios-Colectivos-2026-1024x682.jpeg 1024w, https:\/\/www.opinionpublica.tv\/portada\/wp-content\/uploads\/2026\/01\/Invita-Estado-a-juarenses-a-participar-en-el-programa-Matrimonios-Colectivos-2026-300x200.jpeg 300w, https:\/\/www.opinionpublica.tv\/portada\/wp-content\/uploads\/2026\/01\/Invita-Estado-a-juarenses-a-participar-en-el-programa-Matrimonios-Colectivos-2026-768x512.jpeg 768w, https:\/\/www.opinionpublica.tv\/portada\/wp-content\/uploads\/2026\/01\/Invita-Estado-a-juarenses-a-participar-en-el-programa-Matrimonios-Colectivos-2026.jpeg 1280w\" sizes=\"(max-width: 1024px) 100vw, 1024px\" \/><\/figure>\n\n\n\n<p class=\"wp-block-paragraph\"><em>Ciudad Ju\u00e1rez, Chih<\/em>.- El Gobierno del Estado, a trav\u00e9s de la Secretar\u00eda General de Gobierno, invit\u00f3 a las parejas juarenses que a\u00fan no han formalizado su uni\u00f3n a participar en el programa de Matrimonios Colectivos 2026, cuyo proceso de recepci\u00f3n de solicitudes inicia el lunes 12 de enero.<\/p>\n\n\n\n<p class=\"wp-block-paragraph\">Carlos Ortiz Villegas, representante de la Gubernatura en Ciudad Ju\u00e1rez, inform\u00f3 que esta estrategia brinda certeza jur\u00eddica y protecci\u00f3n legal a las familias, adem\u00e1s garantiza sus derechos y contribuye a la construcci\u00f3n de un proyecto de vida con respaldo institucional.<\/p>\n\n\n\n<p class=\"wp-block-paragraph\">La directora del Registro Civil, Margarita Alv\u00eddrez se\u00f1al\u00f3 que este programa ha permitido que miles de parejas accedan de manera gratuita a este derecho civil.<\/p>\n\n\n\n<p class=\"wp-block-paragraph\">Al formalizar su uni\u00f3n mediante la boda civil, las y los contrayentes resguardan legalmente su proyecto de vida, acceden a derechos patrimoniales, de salud, sucesorios y de pensi\u00f3n, y en caso de tener hijas o hijos, se les garantiza una familia con respaldo legal.<\/p>\n\n\n\n<p class=\"wp-block-paragraph\">Durante el periodo de recepci\u00f3n de solicitudes se condonar\u00e1 el pago de derechos por concepto de matrimonio, anotaciones marginales y pl\u00e1ticas prematrimoniales, adem\u00e1s de la expedici\u00f3n de la primera acta, lo que representa un ahorro total de mil 210 pesos por pareja.<\/p>\n\n\n\n<p class=\"wp-block-paragraph\">Las personas interesadas pueden acudir a la Oficial\u00eda del Registro Civil m\u00e1s cercana, del 12 de enero al 13 de febrero, de lunes a viernes de 9:00 a 14:30 horas, para presentar su documentaci\u00f3n y realizar el tr\u00e1mite correspondiente.<\/p>\n\n\n\n<p class=\"wp-block-paragraph\">Los requisitos son los siguientes:<\/p>\n\n\n\n<p class=\"wp-block-paragraph\">\u2022 Solicitud de matrimonio debidamente llenada y firmada por la pareja y cuatro testigos. Puede obtenerse en la oficial\u00eda o en la p\u00e1gina de formatos del Registro Civil: www.chihuahua.gob.mx\/info\/formatos-y-solicitudes<\/p>\n\n\n\n<p class=\"wp-block-paragraph\">\u2022 Copia del acta de nacimiento de ambos contrayentes (original \u00fanicamente en caso de ser de otro estado)<\/p>\n\n\n\n<p class=\"wp-block-paragraph\">\u2022 Copia de las identificaciones oficiales de la pareja, en tres tantos<\/p>\n\n\n\n<p class=\"wp-block-paragraph\">\u2022 Copia de la identificaci\u00f3n oficial de cuatro testigos mayores de edad<\/p>\n\n\n\n<p class=\"wp-block-paragraph\">\u2022 Certificados m\u00e9dicos de ambos contrayentes que acrediten que se encuentran aptos para unirse en matrimonio (no se requiere examen de sangre)<\/p>\n\n\n\n<p class=\"wp-block-paragraph\">\u2022 En caso de divorcio, copia del acta correspondiente<\/p>\n\n\n\n<p class=\"wp-block-paragraph\">\u2022 Si alguno de los contrayentes es extranjero, es necesaria el acta apostillada y traducida<\/p>\n\n\n\n<p class=\"wp-block-paragraph\">Una vez validados los requisitos, las y los solicitantes firmar\u00e1n las condonaciones correspondientes, tras lo cual, el expediente quedar\u00e1 listo para su captura. Posteriormente, se les asignar\u00e1 una cita para la firma del acta matrimonial.<\/p>\n\n\n\n<p class=\"wp-block-paragraph\">Para mayor informaci\u00f3n, las personas interesadas pueden comunicarse al tel\u00e9fono 614 429 33 00, extensiones 14803 y 14824, a trav\u00e9s de Facebook, o al 070 de MARCAGOB.<\/p>\n\n\n\n<p class=\"wp-block-paragraph\">Durante la edici\u00f3n 2025 del programa de Matrimonios Colectivos, un total de 4 mil 041 parejas contrajeron matrimonio a nivel estatal, de las cuales, mil 853 fueron compuestas por juarenses que aprovecharon este beneficio.<\/p>\n","protected":false},"excerpt":{"rendered":"<p>Ciudad Ju\u00e1rez, Chih.- El Gobierno del Estado, a trav\u00e9s de la Secretar\u00eda General de Gobierno, invit\u00f3 a las parejas juarenses que a\u00fan no han formalizado su uni\u00f3n a participar en el programa de Matrimonios Colectivos 2026, cuyo proceso de recepci\u00f3n de solicitudes inicia el lunes 12 de enero. Carlos Ortiz Villegas, representante de la Gubernatura [&hellip;]<\/p>\n","protected":false},"author":6,"featured_media":76377,"comment_status":"closed","ping_status":"closed","sticky":false,"template":"","format":"standard","meta":{"_acf_changed":false,"_monsterinsights_skip_tracking":false,"slim_seo":{"title":"Invita Estado a juarenses a participar en el programa Matrimonios Colectivos 2026 - Opini\u00f3n P\u00fablica","description":"Ciudad Ju\u00e1rez, Chih .- El Gobierno del Estado, a trav\u00e9s de la Secretar\u00eda General de Gobierno, invit\u00f3 a las parejas juarenses que a\u00fan no han formalizado su uni\u00f3n"},"footnotes":""},"categories":[11],"tags":[88,1879,1129],"class_list":["post-76375","post","type-post","status-publish","format-standard","has-post-thumbnail","hentry","category-tendencias","tag-chihuahua","tag-matrimonios-colectivos","tag-registro-civil"],"acf":[],"_links":{"self":[{"href":"https:\/\/www.opinionpublica.tv\/portada\/wp-json\/wp\/v2\/posts\/76375","targetHints":{"allow":["GET"]}}],"collection":[{"href":"https:\/\/www.opinionpublica.tv\/portada\/wp-json\/wp\/v2\/posts"}],"about":[{"href":"https:\/\/www.opinionpublica.tv\/portada\/wp-json\/wp\/v2\/types\/post"}],"author":[{"embeddable":true,"href":"https:\/\/www.opinionpublica.tv\/portada\/wp-json\/wp\/v2\/users\/6"}],"replies":[{"embeddable":true,"href":"https:\/\/www.opinionpublica.tv\/portada\/wp-json\/wp\/v2\/comments?post=76375"}],"version-history":[{"count":2,"href":"https:\/\/www.opinionpublica.tv\/portada\/wp-json\/wp\/v2\/posts\/76375\/revisions"}],"predecessor-version":[{"id":76379,"href":"https:\/\/www.opinionpublica.tv\/portada\/wp-json\/wp\/v2\/posts\/76375\/revisions\/76379"}],"wp:featuredmedia":[{"embeddable":true,"href":"https:\/\/www.opinionpublica.tv\/portada\/wp-json\/wp\/v2\/media\/76377"}],"wp:attachment":[{"href":"https:\/\/www.opinionpublica.tv\/portada\/wp-json\/wp\/v2\/media?parent=76375"}],"wp:term":[{"taxonomy":"category","embeddable":true,"href":"https:\/\/www.opinionpublica.tv\/portada\/wp-json\/wp\/v2\/categories?post=76375"},{"taxonomy":"post_tag","embeddable":true,"href":"https:\/\/www.opinionpublica.tv\/portada\/wp-json\/wp\/v2\/tags?post=76375"}],"curies":[{"name":"wp","href":"https:\/\/api.w.org\/{rel}","templated":true}]}}