{"id":76364,"date":"2026-01-12T00:01:00","date_gmt":"2026-01-12T07:01:00","guid":{"rendered":"https:\/\/www.opinionpublica.tv\/portada\/?p=76364"},"modified":"2026-01-11T16:48:53","modified_gmt":"2026-01-11T23:48:53","slug":"resguardara-seguridad-vial-escuelas-y-vialidades-por-regreso-a-clases-desde-este-lunes","status":"publish","type":"post","link":"https:\/\/www.opinionpublica.tv\/portada\/resguardara-seguridad-vial-escuelas-y-vialidades-por-regreso-a-clases-desde-este-lunes\/","title":{"rendered":"Resguardar\u00e1 Seguridad Vial escuelas y vialidades por el regreso a clases este lunes"},"content":{"rendered":"\n<figure class=\"wp-block-image size-large\"><img fetchpriority=\"high\" decoding=\"async\" width=\"1024\" height=\"576\" src=\"https:\/\/www.opinionpublica.tv\/portada\/wp-content\/uploads\/2026\/01\/Resguardara-Seguridad-Vial-escuelas-y-vialidades-por-el-regreso-a-clases-este-lunes-1024x576.jpeg\" alt=\"Resguardara\u0301 seguridad vial escuelas y vialidades por el regreso a clases este lunes\" class=\"wp-image-76367\" srcset=\"https:\/\/www.opinionpublica.tv\/portada\/wp-content\/uploads\/2026\/01\/Resguardara-Seguridad-Vial-escuelas-y-vialidades-por-el-regreso-a-clases-este-lunes-1024x576.jpeg 1024w, https:\/\/www.opinionpublica.tv\/portada\/wp-content\/uploads\/2026\/01\/Resguardara-Seguridad-Vial-escuelas-y-vialidades-por-el-regreso-a-clases-este-lunes-300x169.jpeg 300w, https:\/\/www.opinionpublica.tv\/portada\/wp-content\/uploads\/2026\/01\/Resguardara-Seguridad-Vial-escuelas-y-vialidades-por-el-regreso-a-clases-este-lunes-768x432.jpeg 768w, https:\/\/www.opinionpublica.tv\/portada\/wp-content\/uploads\/2026\/01\/Resguardara-Seguridad-Vial-escuelas-y-vialidades-por-el-regreso-a-clases-este-lunes-1536x864.jpeg 1536w, https:\/\/www.opinionpublica.tv\/portada\/wp-content\/uploads\/2026\/01\/Resguardara-Seguridad-Vial-escuelas-y-vialidades-por-el-regreso-a-clases-este-lunes.jpeg 1600w\" sizes=\"(max-width: 1024px) 100vw, 1024px\" \/><\/figure>\n\n\n\n<p class=\"wp-block-paragraph\"><em>Ciudad Ju\u00e1rez, Chih<\/em>.- A partir de este lunes, la Coordinaci\u00f3n General de Seguridad Vial implementar\u00e1 el operativo de labor crucero por regreso a clases, con el objetivo de resguardar las principales vialidades de la ciudad y contribuir a que exista un mejor flujo vehicular durante las horas de entrada y salida de los planteles educativos.<\/p>\n\n\n\n<p class=\"wp-block-paragraph\">Tras concluir el periodo vacacional de diciembre, la corporaci\u00f3n se encuentra lista para cuidar la integridad f\u00edsica de las familias y los estudiantes juarenses que regresan a las actividades escolares, por lo que se mantendr\u00e1 presencia en diversas instituciones.<\/p>\n\n\n\n<p class=\"wp-block-paragraph\">El \u00e1rea de Educaci\u00f3n Vial tambi\u00e9n, reanudar\u00e1 el contacto con primarias y secundarias para continuar con el programa de brigadas escolares, las cuales son conformadas por padres de familia de estas instituciones.<\/p>\n\n\n\n<p class=\"wp-block-paragraph\">Por el regreso a clases, se sugiere a los padres salir con anticipaci\u00f3n de casa para evitar contratiempos, ya que se prev\u00e9 un aumento en el tr\u00e1fico vehicular, respetar las zonas escolares y los pasos peatonales, as\u00ed como evitar estacionarse en doble fila en las zonas de ascenso y descenso de las escuelas, toda vez que esto impide el libre tr\u00e1nsito en el \u00e1rea y afecta a los usuarios.<\/p>\n","protected":false},"excerpt":{"rendered":"<p>Ciudad Ju\u00e1rez, Chih.- A partir de este lunes, la Coordinaci\u00f3n General de Seguridad Vial implementar\u00e1 el operativo de labor crucero por regreso a clases, con el objetivo de resguardar las principales vialidades de la ciudad y contribuir a que exista un mejor flujo vehicular durante las horas de entrada y salida de los planteles educativos. [&hellip;]<\/p>\n","protected":false},"author":6,"featured_media":76367,"comment_status":"closed","ping_status":"closed","sticky":false,"template":"","format":"standard","meta":{"_acf_changed":false,"_monsterinsights_skip_tracking":false,"slim_seo":{"title":"Resguardar\u00e1 Seguridad Vial escuelas y vialidades por el regreso a clases este lunes - Opini\u00f3n P\u00fablica","description":"Ciudad Ju\u00e1rez, Chih .- A partir de este lunes, la Coordinaci\u00f3n General de Seguridad Vial implementar\u00e1 el operativo de labor crucero por regreso a clases, con el"},"footnotes":""},"categories":[41],"tags":[608,457,1041],"class_list":["post-76364","post","type-post","status-publish","format-standard","has-post-thumbnail","hentry","category-juarez","tag-ciudad-juarez","tag-regreso-a-clases","tag-seguridad-vial"],"acf":[],"_links":{"self":[{"href":"https:\/\/www.opinionpublica.tv\/portada\/wp-json\/wp\/v2\/posts\/76364","targetHints":{"allow":["GET"]}}],"collection":[{"href":"https:\/\/www.opinionpublica.tv\/portada\/wp-json\/wp\/v2\/posts"}],"about":[{"href":"https:\/\/www.opinionpublica.tv\/portada\/wp-json\/wp\/v2\/types\/post"}],"author":[{"embeddable":true,"href":"https:\/\/www.opinionpublica.tv\/portada\/wp-json\/wp\/v2\/users\/6"}],"replies":[{"embeddable":true,"href":"https:\/\/www.opinionpublica.tv\/portada\/wp-json\/wp\/v2\/comments?post=76364"}],"version-history":[{"count":3,"href":"https:\/\/www.opinionpublica.tv\/portada\/wp-json\/wp\/v2\/posts\/76364\/revisions"}],"predecessor-version":[{"id":76368,"href":"https:\/\/www.opinionpublica.tv\/portada\/wp-json\/wp\/v2\/posts\/76364\/revisions\/76368"}],"wp:featuredmedia":[{"embeddable":true,"href":"https:\/\/www.opinionpublica.tv\/portada\/wp-json\/wp\/v2\/media\/76367"}],"wp:attachment":[{"href":"https:\/\/www.opinionpublica.tv\/portada\/wp-json\/wp\/v2\/media?parent=76364"}],"wp:term":[{"taxonomy":"category","embeddable":true,"href":"https:\/\/www.opinionpublica.tv\/portada\/wp-json\/wp\/v2\/categories?post=76364"},{"taxonomy":"post_tag","embeddable":true,"href":"https:\/\/www.opinionpublica.tv\/portada\/wp-json\/wp\/v2\/tags?post=76364"}],"curies":[{"name":"wp","href":"https:\/\/api.w.org\/{rel}","templated":true}]}}