{"id":76359,"date":"2026-01-12T00:01:00","date_gmt":"2026-01-12T07:01:00","guid":{"rendered":"https:\/\/www.opinionpublica.tv\/portada\/?p=76359"},"modified":"2026-01-11T16:36:32","modified_gmt":"2026-01-11T23:36:32","slug":"plantea-el-ine-reformas-para-evitar-el-lavado-de-dinero-en-las-campanas-de-2027","status":"publish","type":"post","link":"https:\/\/www.opinionpublica.tv\/portada\/plantea-el-ine-reformas-para-evitar-el-lavado-de-dinero-en-las-campanas-de-2027\/","title":{"rendered":"Plantea el INE reformas para evitar el lavado de dinero en las campa\u00f1as desde 2027"},"content":{"rendered":"\n<figure class=\"wp-block-image size-large\"><img fetchpriority=\"high\" decoding=\"async\" width=\"1024\" height=\"683\" src=\"https:\/\/www.opinionpublica.tv\/portada\/wp-content\/uploads\/2026\/01\/Plantea-el-INE-reformas-para-evitar-el-lavado-de-dinero-en-las-campanas-desde-2027-1024x683.webp\" alt=\"Plantea el ine reformas para evitar el lavado de dinero en las campan\u0303as desde 2027\" class=\"wp-image-76362\" srcset=\"https:\/\/www.opinionpublica.tv\/portada\/wp-content\/uploads\/2026\/01\/Plantea-el-INE-reformas-para-evitar-el-lavado-de-dinero-en-las-campanas-desde-2027-1024x683.webp 1024w, https:\/\/www.opinionpublica.tv\/portada\/wp-content\/uploads\/2026\/01\/Plantea-el-INE-reformas-para-evitar-el-lavado-de-dinero-en-las-campanas-desde-2027-300x200.webp 300w, https:\/\/www.opinionpublica.tv\/portada\/wp-content\/uploads\/2026\/01\/Plantea-el-INE-reformas-para-evitar-el-lavado-de-dinero-en-las-campanas-desde-2027-768x512.webp 768w, https:\/\/www.opinionpublica.tv\/portada\/wp-content\/uploads\/2026\/01\/Plantea-el-INE-reformas-para-evitar-el-lavado-de-dinero-en-las-campanas-desde-2027.webp 1200w\" sizes=\"(max-width: 1024px) 100vw, 1024px\" \/><\/figure>\n\n\n\n<p class=\"wp-block-paragraph\"><em>Ciudad de M\u00e9xico<\/em>.- El Instituto Nacional Electoral (INE) propondr\u00e1 cambios constitucionales y legales que eviten la injerencia del lavado de dinero en las campa\u00f1as proselitistas y, en la parte operativa, insistir\u00e1 en realizar la elecci\u00f3n judicial de 2027 en fecha distinta a los comicios ordinarios.<\/p>\n\n\n\n<p class=\"wp-block-paragraph\">Acorde con el documento tem\u00e1tico, base de la propuesta que presentar\u00e1n este lunes a la Comisi\u00f3n Presidencial para la Reforma Electoral, uno de los puntos a destacar es el fortalecimiento de la tarea fiscalizadora del INE, tanto a partidos como a particulares, en territorio y plataformas digitales.<\/p>\n\n\n\n<p class=\"wp-block-paragraph\">\u201cGarantizar la trazabilidad de los recursos que utilizan los sujetos obligados para el desarrollo de sus actividades, mediante la verificaci\u00f3n del origen, destino, aplicaci\u00f3n y monto mediante la regulaci\u00f3n del uso de activos virtuales y nuevas figuras que se incorporen en el sistema financiero\u201d, se lee en la agenda tem\u00e1tica.<\/p>\n\n\n\n<p class=\"wp-block-paragraph\">Adem\u00e1s, alentar mecanismos para facilitar la participaci\u00f3n de mexicanos en el extranjero y mantener la seguridad de datos del padr\u00f3n, entre muchos otros asuntos, adem\u00e1s de la conocida defensa de los Organismos P\u00fablicos Locales Electorales (Oples), a fin de que \u00e9stos no desaparezcan.<\/p>\n\n\n\n<p class=\"wp-block-paragraph\">Defensa de los Oples<\/p>\n\n\n\n<p class=\"wp-block-paragraph\">El tema de los 32 institutos electorales estatales \u2013ahora conocidos como Oples\u2013 es de relevancia y discusi\u00f3n pol\u00edtica, sobre todo porque el Consejo General tiene la facultad de elegir o remover a los consejeros locales de todo el pa\u00eds. Su eliminaci\u00f3n representar\u00eda para el INE absorber la planeaci\u00f3n y ejecuci\u00f3n de todos los comicios estatales y municipales.<\/p>\n\n\n\n<p class=\"wp-block-paragraph\">Ante un alud de temas, los consejeros votaron el viernes en sesi\u00f3n virtual privada cada uno de los bloques que incluyeron en general m\u00e1s de 300 t\u00f3picos.<\/p>\n\n\n\n<p class=\"wp-block-paragraph\">Frente a la premura de entregar el documento y el caudal de m\u00e1s de 300 puntos, decidieron integrar a la propuesta final las que tuvieran opini\u00f3n favorable un\u00e1nime (como la idea de separar la elecci\u00f3n judicial del resto y que las boletas sean dise\u00f1adas con menos requisitos) o aquellas con al menos seis votos, elemento que tuvo 76 por ciento. As\u00ed, entre las ideas \u201cfinalistas\u201d est\u00e1n las reformas para generar \u201ccentros de votaci\u00f3n\u201d cuando haya consultas populares o revocaci\u00f3n de mandato.<\/p>\n\n\n\n<p class=\"wp-block-paragraph\">Materia de g\u00e9nero<\/p>\n\n\n\n<p class=\"wp-block-paragraph\">En materia de g\u00e9nero, atender la violencia pol\u00edtica contra las mujeres, prevenir y sancionar la violencia digital, la creaci\u00f3n de la defensor\u00eda de mujeres e incorporar esta perspectiva de g\u00e9nero en las fiscal\u00edas electorales, as\u00ed como en la posible ratificaci\u00f3n de candidaturas.<\/p>\n\n\n\n<p class=\"wp-block-paragraph\">Asimismo, se incorporaron ideas para hacer m\u00e1s eficiente la fiscalizaci\u00f3n, tanto de recursos p\u00fablicos como particulares, en procesos electorales, por ejemplo, mayor uso de tecnolog\u00edas de la informaci\u00f3n y mecanismos de control frente a la inteligencia artificial, estrategias para adecuada respuesta de las instituciones de inteligencia financiera y hacendarias y otros elementos para la detecci\u00f3n de uso il\u00edcito y triangulaci\u00f3n de recursos. Otra de las aristas en materia de fiscalizaci\u00f3n es ahondar en la norma lo relacionado con las aportaciones a los candidatos, as\u00ed como los gastos de aqu\u00e9llos.<\/p>\n\n\n\n<p class=\"wp-block-paragraph\">El INE entregar\u00e1 este lunes la propuesta en una cita programada para el mediod\u00eda en la calle Barcelona n\u00famero 32, colonia Ju\u00e1rez, oficina de la comisi\u00f3n presidencial en referencia, encabezada por Pablo G\u00f3mez. Acudir\u00e1n, seg\u00fan la lista programada, los 11 consejeros, encabezados por la presidenta Guadalupe Taddei, as\u00ed como la secretaria ejecutiva del INE, Claudia Arlett Espino. (La Jornada)<\/p>\n","protected":false},"excerpt":{"rendered":"<p>Ciudad de M\u00e9xico.- El Instituto Nacional Electoral (INE) propondr\u00e1 cambios constitucionales y legales que eviten la injerencia del lavado de dinero en las campa\u00f1as proselitistas y, en la parte operativa, insistir\u00e1 en realizar la elecci\u00f3n judicial de 2027 en fecha distinta a los comicios ordinarios. Acorde con el documento tem\u00e1tico, base de la propuesta que [&hellip;]<\/p>\n","protected":false},"author":6,"featured_media":76362,"comment_status":"closed","ping_status":"closed","sticky":false,"template":"","format":"standard","meta":{"_acf_changed":false,"_monsterinsights_skip_tracking":false,"slim_seo":{"title":"Plantea el INE reformas para evitar el lavado de dinero en las campa\u00f1as desde 2027 - Opini\u00f3n P\u00fablica","description":"Ciudad de M\u00e9xico .- El Instituto Nacional Electoral (INE) propondr\u00e1 cambios constitucionales y legales que eviten la injerencia del lavado de dinero en las camp"},"footnotes":""},"categories":[4],"tags":[1063,67,459,499],"class_list":["post-76359","post","type-post","status-publish","format-standard","has-post-thumbnail","hentry","category-pulsopolitico","tag-elecciones-2027","tag-ine","tag-lavado-de-dinero","tag-reforma-electoral"],"acf":[],"_links":{"self":[{"href":"https:\/\/www.opinionpublica.tv\/portada\/wp-json\/wp\/v2\/posts\/76359","targetHints":{"allow":["GET"]}}],"collection":[{"href":"https:\/\/www.opinionpublica.tv\/portada\/wp-json\/wp\/v2\/posts"}],"about":[{"href":"https:\/\/www.opinionpublica.tv\/portada\/wp-json\/wp\/v2\/types\/post"}],"author":[{"embeddable":true,"href":"https:\/\/www.opinionpublica.tv\/portada\/wp-json\/wp\/v2\/users\/6"}],"replies":[{"embeddable":true,"href":"https:\/\/www.opinionpublica.tv\/portada\/wp-json\/wp\/v2\/comments?post=76359"}],"version-history":[{"count":2,"href":"https:\/\/www.opinionpublica.tv\/portada\/wp-json\/wp\/v2\/posts\/76359\/revisions"}],"predecessor-version":[{"id":76363,"href":"https:\/\/www.opinionpublica.tv\/portada\/wp-json\/wp\/v2\/posts\/76359\/revisions\/76363"}],"wp:featuredmedia":[{"embeddable":true,"href":"https:\/\/www.opinionpublica.tv\/portada\/wp-json\/wp\/v2\/media\/76362"}],"wp:attachment":[{"href":"https:\/\/www.opinionpublica.tv\/portada\/wp-json\/wp\/v2\/media?parent=76359"}],"wp:term":[{"taxonomy":"category","embeddable":true,"href":"https:\/\/www.opinionpublica.tv\/portada\/wp-json\/wp\/v2\/categories?post=76359"},{"taxonomy":"post_tag","embeddable":true,"href":"https:\/\/www.opinionpublica.tv\/portada\/wp-json\/wp\/v2\/tags?post=76359"}],"curies":[{"name":"wp","href":"https:\/\/api.w.org\/{rel}","templated":true}]}}