{"id":76278,"date":"2026-01-11T00:01:00","date_gmt":"2026-01-11T07:01:00","guid":{"rendered":"https:\/\/www.opinionpublica.tv\/portada\/?p=76278"},"modified":"2026-01-10T15:13:13","modified_gmt":"2026-01-10T22:13:13","slug":"martin-cooper-no-solo-hizo-una-llamada-marco-el-futuro-de-la-comunicacion-moderna","status":"publish","type":"post","link":"https:\/\/www.opinionpublica.tv\/portada\/martin-cooper-no-solo-hizo-una-llamada-marco-el-futuro-de-la-comunicacion-moderna\/","title":{"rendered":"Martin Cooper no s\u00f3lo hizo una llamada, marc\u00f3 el futuro de la comunicaci\u00f3n moderna"},"content":{"rendered":"\n<figure class=\"wp-block-image size-full\"><img fetchpriority=\"high\" decoding=\"async\" width=\"1024\" height=\"1024\" src=\"https:\/\/www.opinionpublica.tv\/portada\/wp-content\/uploads\/2026\/01\/Martin-Cooper-no-solo-hizo-una-llamada-marco-el-futuro-de-la-comunicacion-moderna.jpg\" alt=\"Martin cooper no so\u0301lo hizo una llamada, marco\u0301 el futuro de la comunicacio\u0301n moderna\" class=\"wp-image-76280\" srcset=\"https:\/\/www.opinionpublica.tv\/portada\/wp-content\/uploads\/2026\/01\/Martin-Cooper-no-solo-hizo-una-llamada-marco-el-futuro-de-la-comunicacion-moderna.jpg 1024w, https:\/\/www.opinionpublica.tv\/portada\/wp-content\/uploads\/2026\/01\/Martin-Cooper-no-solo-hizo-una-llamada-marco-el-futuro-de-la-comunicacion-moderna-300x300.jpg 300w, https:\/\/www.opinionpublica.tv\/portada\/wp-content\/uploads\/2026\/01\/Martin-Cooper-no-solo-hizo-una-llamada-marco-el-futuro-de-la-comunicacion-moderna-150x150.jpg 150w, https:\/\/www.opinionpublica.tv\/portada\/wp-content\/uploads\/2026\/01\/Martin-Cooper-no-solo-hizo-una-llamada-marco-el-futuro-de-la-comunicacion-moderna-768x768.jpg 768w\" sizes=\"(max-width: 1024px) 100vw, 1024px\" \/><\/figure>\n\n\n\n<p>Fue un d\u00eda 3 de abril de 1973 cuando Martin Cooper camin\u00f3 por la Sexta Avenida, en pleno Midtown Manhattan, sosteniendo en la mano un objeto que parec\u00eda un enorme ladrillo.<\/p>\n\n\n\n<p>Era un tel\u00e9fono. Y no ten\u00eda ning\u00fan cable.<\/p>\n\n\n\n<p>Cooper, ingeniero de Motorola, estaba a punto de entrar en la historia. Pero antes quer\u00eda enviar un mensaje claro.<\/p>\n\n\n\n<p>Marc\u00f3 el n\u00famero de Joel Engel, director de AT&amp;T Bell Labs, la empresa rival que compet\u00eda con Motorola por desarrollar exactamente esa misma tecnolog\u00eda.<\/p>\n\n\n\n<p>Cuando Engel respondi\u00f3, Cooper pronunci\u00f3 una frase que resonar\u00eda durante los siguientes cincuenta a\u00f1os de la comunicaci\u00f3n humana:<\/p>\n\n\n\n<p>\u00abLe llamo desde un tel\u00e9fono m\u00f3vil. Un verdadero tel\u00e9fono m\u00f3vil. Personal, sostenido en la mano y totalmente inal\u00e1mbrico\u00bb.<\/p>\n\n\n\n<p>Al otro lado de la l\u00ednea hubo silencio.<\/p>\n\n\n\n<p>Cooper y su equipo dise\u00f1aron el dispositivo en apenas 90 d\u00edas. Lo llamaron DynaTAC \u2014 Dynamic Adaptive Total Area Coverage.<\/p>\n\n\n\n<p>Sin embargo, muy pronto todo el mundo empez\u00f3 a llamarlo simplemente \u201cel ladrillo\u201d.<\/p>\n\n\n\n<p>Y el apodo no era exagerado.<\/p>\n\n\n\n<p>El tel\u00e9fono med\u00eda unos 23 cent\u00edmetros, pesaba m\u00e1s de un kilo y conten\u00eda 30 placas electr\u00f3nicas apiladas dentro de una carcasa de pl\u00e1stico gris. De la parte superior sobresal\u00eda una antena apuntando al cielo para captar la se\u00f1al de una estaci\u00f3n base instalada por Motorola en el techo de un edificio cercano.<\/p>\n\n\n\n<p>La bater\u00eda ofrec\u00eda aproximadamente 30 minutos de conversaci\u00f3n. Como brome\u00f3 Cooper a\u00f1os m\u00e1s tarde:<\/p>\n\n\n\n<p>\u00abLa autonom\u00eda no era realmente un problema\u2026 porque no se pod\u00eda sostener el tel\u00e9fono en alto por m\u00e1s tiempo que eso\u00bb.<\/p>\n\n\n\n<p>Esa \u00fanica llamada realizada en una acera de Manhattan lo cambi\u00f3 todo.<\/p>\n\n\n\n<p>Pero pasar\u00edan todav\u00eda diez a\u00f1os antes de que el p\u00fablico pudiera experimentarlo.<\/p>\n\n\n\n<p>En 1983, el Motorola DynaTAC 8000X se convirti\u00f3 en el primer tel\u00e9fono m\u00f3vil port\u00e1til comercial, tras recibir la aprobaci\u00f3n de la Comisi\u00f3n Federal de Comunicaciones de Estados Unidos despu\u00e9s de largas negociaciones regulatorias.<\/p>\n\n\n\n<p>Ofrec\u00eda 30 minutos de llamada, necesitaba 10 horas de carga y costaba 3.995 d\u00f3lares, lo que hoy equivaldr\u00eda a unos 12.000 d\u00f3lares.<\/p>\n\n\n\n<p>A pesar de estas limitaciones, miles de personas hicieron fila para comprarlo.<\/p>\n\n\n\n<p>El \u201ctel\u00e9fono ladrillo\u201d se convirti\u00f3 en mucho m\u00e1s que una herramienta de comunicaci\u00f3n.<\/p>\n\n\n\n<p>Se transform\u00f3 en un s\u00edmbolo de \u00e9xito. Los ejecutivos lo llevaban consigo, los corredores de Wall Street lo exhib\u00edan, y en 1987 Gordon Gekko lo volvi\u00f3 ic\u00f3nico en la pel\u00edcula Wall Street, gritando \u00f3rdenes por su DynaTAC mientras caminaba por la playa al amanecer.<\/p>\n\n\n\n<p>Tener uno significaba una sola cosa: hab\u00edas triunfado.<\/p>\n\n\n\n<p>Visto desde hoy, sus caracter\u00edsticas parecen casi c\u00f3micas.<\/p>\n\n\n\n<p>Un tel\u00e9fono m\u00e1s pesado que algunos ordenadores port\u00e1tiles.<\/p>\n\n\n\n<p>Una bater\u00eda que se agotaba antes de que terminaran la mayor\u00eda de las reuniones.<\/p>\n\n\n\n<p>Un precio que superaba varias veces el salario mensual promedio.<\/p>\n\n\n\n<p>Pero Cooper y su equipo en Motorola ve\u00edan algo que nadie m\u00e1s imaginaba a\u00fan.<\/p>\n\n\n\n<p>\u00abLe dec\u00edamos a la gente que alg\u00fan d\u00eda, desde el momento de nacer, se les asignar\u00eda un n\u00famero de tel\u00e9fono\u00bb, recordaba Cooper d\u00e9cadas despu\u00e9s.<\/p>\n\n\n\n<p>\u00abY si no contestabas el tel\u00e9fono\u2026 morir\u00edas\u00bb.<\/p>\n\n\n\n<p>Bromeaba.<\/p>\n\n\n\n<p>Bueno\u2026 casi.<\/p>\n\n\n\n<p>Hoy hay m\u00e1s tel\u00e9fonos m\u00f3viles que personas en la Tierra. El smartphone que llevas en el bolsillo tiene m\u00e1s potencia de c\u00e1lculo que los sistemas que enviaron astronautas a la Luna. Pesa apenas unos gramos, dura todo el d\u00eda y cuesta solo una fracci\u00f3n del precio del DynaTAC original.<\/p>\n\n\n\n<p>Y sin embargo, cada llamada, cada mensaje y cada videollamada tienen su origen en aquel d\u00eda de primavera en Manhattan, cuando un ingeniero sali\u00f3 a la acera y demostr\u00f3 que la comunicaci\u00f3n pod\u00eda liberarse por fin de las paredes y los cables.<\/p>\n\n\n\n<p>Hoy, cincuenta y tres a\u00f1os despu\u00e9s, todos seguimos contestando.<\/p>\n","protected":false},"excerpt":{"rendered":"<p>Fue un d\u00eda 3 de abril de 1973 cuando Martin Cooper camin\u00f3 por la Sexta Avenida, en pleno Midtown Manhattan, sosteniendo en la mano un objeto que parec\u00eda un enorme ladrillo. Era un tel\u00e9fono. Y no ten\u00eda ning\u00fan cable. Cooper, ingeniero de Motorola, estaba a punto de entrar en la historia. Pero antes quer\u00eda enviar [&hellip;]<\/p>\n","protected":false},"author":6,"featured_media":76280,"comment_status":"closed","ping_status":"closed","sticky":false,"template":"","format":"standard","meta":{"_acf_changed":false,"_monsterinsights_skip_tracking":false,"_monsterinsights_sitenote_active":false,"_monsterinsights_sitenote_note":"","_monsterinsights_sitenote_category":0,"slim_seo":{"title":"Martin Cooper no s\u00f3lo hizo una llamada, marc\u00f3 el futuro de la comunicaci\u00f3n moderna - Opini\u00f3n P\u00fablica","description":"Fue un d\u00eda 3 de abril de 1973 cuando Martin Cooper camin\u00f3 por la Sexta Avenida, en pleno Midtown Manhattan, sosteniendo en la mano un objeto que parec\u00eda un enor"},"footnotes":""},"categories":[22],"tags":[399,1862,771],"class_list":["post-76278","post","type-post","status-publish","format-standard","has-post-thumbnail","hentry","category-ciencia-y-tecnologia","tag-celulares","tag-martin-cooper","tag-motorola"],"acf":[],"_links":{"self":[{"href":"https:\/\/www.opinionpublica.tv\/portada\/wp-json\/wp\/v2\/posts\/76278","targetHints":{"allow":["GET"]}}],"collection":[{"href":"https:\/\/www.opinionpublica.tv\/portada\/wp-json\/wp\/v2\/posts"}],"about":[{"href":"https:\/\/www.opinionpublica.tv\/portada\/wp-json\/wp\/v2\/types\/post"}],"author":[{"embeddable":true,"href":"https:\/\/www.opinionpublica.tv\/portada\/wp-json\/wp\/v2\/users\/6"}],"replies":[{"embeddable":true,"href":"https:\/\/www.opinionpublica.tv\/portada\/wp-json\/wp\/v2\/comments?post=76278"}],"version-history":[{"count":2,"href":"https:\/\/www.opinionpublica.tv\/portada\/wp-json\/wp\/v2\/posts\/76278\/revisions"}],"predecessor-version":[{"id":76281,"href":"https:\/\/www.opinionpublica.tv\/portada\/wp-json\/wp\/v2\/posts\/76278\/revisions\/76281"}],"wp:featuredmedia":[{"embeddable":true,"href":"https:\/\/www.opinionpublica.tv\/portada\/wp-json\/wp\/v2\/media\/76280"}],"wp:attachment":[{"href":"https:\/\/www.opinionpublica.tv\/portada\/wp-json\/wp\/v2\/media?parent=76278"}],"wp:term":[{"taxonomy":"category","embeddable":true,"href":"https:\/\/www.opinionpublica.tv\/portada\/wp-json\/wp\/v2\/categories?post=76278"},{"taxonomy":"post_tag","embeddable":true,"href":"https:\/\/www.opinionpublica.tv\/portada\/wp-json\/wp\/v2\/tags?post=76278"}],"curies":[{"name":"wp","href":"https:\/\/api.w.org\/{rel}","templated":true}]}}