{"id":76257,"date":"2026-01-10T00:01:00","date_gmt":"2026-01-10T07:01:00","guid":{"rendered":"https:\/\/www.opinionpublica.tv\/portada\/?p=76257"},"modified":"2026-01-09T18:39:19","modified_gmt":"2026-01-10T01:39:19","slug":"piden-a-estudiantes-tramitar-tarjeta-preferencial-de-juarezbus-por-regreso-a-clases","status":"publish","type":"post","link":"https:\/\/www.opinionpublica.tv\/portada\/piden-a-estudiantes-tramitar-tarjeta-preferencial-de-juarezbus-por-regreso-a-clases\/","title":{"rendered":"Piden a estudiantes tramitar tarjeta especial de Ju\u00e1rezBus para el regreso a clases"},"content":{"rendered":"\n<figure class=\"wp-block-image size-large\"><img fetchpriority=\"high\" decoding=\"async\" width=\"1024\" height=\"576\" src=\"https:\/\/www.opinionpublica.tv\/portada\/wp-content\/uploads\/2026\/01\/Piden-a-estudiantes-tramitar-tarjeta-especial-de-JuarezBus-para-el-regreso-a-clases-1024x576.jpeg\" alt=\"Piden a estudiantes tramitar tarjeta especial de jua\u0301rezbus para el regreso a clases\" class=\"wp-image-76262\" srcset=\"https:\/\/www.opinionpublica.tv\/portada\/wp-content\/uploads\/2026\/01\/Piden-a-estudiantes-tramitar-tarjeta-especial-de-JuarezBus-para-el-regreso-a-clases-1024x576.jpeg 1024w, https:\/\/www.opinionpublica.tv\/portada\/wp-content\/uploads\/2026\/01\/Piden-a-estudiantes-tramitar-tarjeta-especial-de-JuarezBus-para-el-regreso-a-clases-300x169.jpeg 300w, https:\/\/www.opinionpublica.tv\/portada\/wp-content\/uploads\/2026\/01\/Piden-a-estudiantes-tramitar-tarjeta-especial-de-JuarezBus-para-el-regreso-a-clases-768x432.jpeg 768w, https:\/\/www.opinionpublica.tv\/portada\/wp-content\/uploads\/2026\/01\/Piden-a-estudiantes-tramitar-tarjeta-especial-de-JuarezBus-para-el-regreso-a-clases-1536x864.jpeg 1536w, https:\/\/www.opinionpublica.tv\/portada\/wp-content\/uploads\/2026\/01\/Piden-a-estudiantes-tramitar-tarjeta-especial-de-JuarezBus-para-el-regreso-a-clases.jpeg 1600w\" sizes=\"(max-width: 1024px) 100vw, 1024px\" \/><\/figure>\n\n\n\n<p class=\"wp-block-paragraph\"><em>Ciudad Ju\u00e1rez, Chih<\/em>.- Con motivo del regreso a clases, la Secretar\u00eda General de Gobierno, a trav\u00e9s de la Operadora de Transporte invita a las y los estudiantes a renovar o tramitar su tarjeta preferencial del Ju\u00e1rezBus, a fin de aprovechar los beneficios que ofrece este sistema de movilidad.<\/p>\n\n\n\n<p class=\"wp-block-paragraph\">La renovaci\u00f3n es completamente gratuita y permite a las personas usuarias pagar \u00fanicamente seis pesos por pasaje.<\/p>\n\n\n\n<p class=\"wp-block-paragraph\">Para quienes realizan el tr\u00e1mite por primera vez, el costo es de treinta pesos y brinda acceso a un servicio de transporte seguro, eficiente y \u00e1gil.<\/p>\n\n\n\n<p class=\"wp-block-paragraph\">El tr\u00e1mite debe realizarse de manera personal en cualquiera de los Centros de Atenci\u00f3n de Movilidad (CAM), fijos o m\u00f3viles.<\/p>\n\n\n\n<p class=\"wp-block-paragraph\">Para ello, es necesario presentar identificaci\u00f3n oficial y comprobante de vigencia escolar.<\/p>\n\n\n\n<p class=\"wp-block-paragraph\">Este beneficio aplica para estudiantes de todos los niveles educativos que cumplan con los requisitos. Para conocer ubicaciones, horarios o resolver dudas, pueden comunicarse v\u00eda WhatsApp al 656 852 7384.<\/p>\n","protected":false},"excerpt":{"rendered":"<p>Ciudad Ju\u00e1rez, Chih.- Con motivo del regreso a clases, la Secretar\u00eda General de Gobierno, a trav\u00e9s de la Operadora de Transporte invita a las y los estudiantes a renovar o tramitar su tarjeta preferencial del Ju\u00e1rezBus, a fin de aprovechar los beneficios que ofrece este sistema de movilidad. La renovaci\u00f3n es completamente gratuita y permite [&hellip;]<\/p>\n","protected":false},"author":6,"featured_media":76262,"comment_status":"closed","ping_status":"closed","sticky":false,"template":"","format":"standard","meta":{"_acf_changed":false,"_monsterinsights_skip_tracking":false,"slim_seo":{"title":"Piden a estudiantes tramitar tarjeta especial de Ju\u00e1rezBus para el regreso a clases - Opini\u00f3n P\u00fablica","description":"Ciudad Ju\u00e1rez, Chih .- Con motivo del regreso a clases, la Secretar\u00eda General de Gobierno, a trav\u00e9s de la Operadora de Transporte invita a las y los estudiantes"},"footnotes":""},"categories":[11],"tags":[1442,457],"class_list":["post-76257","post","type-post","status-publish","format-standard","has-post-thumbnail","hentry","category-tendencias","tag-juarezbus","tag-regreso-a-clases"],"acf":[],"_links":{"self":[{"href":"https:\/\/www.opinionpublica.tv\/portada\/wp-json\/wp\/v2\/posts\/76257","targetHints":{"allow":["GET"]}}],"collection":[{"href":"https:\/\/www.opinionpublica.tv\/portada\/wp-json\/wp\/v2\/posts"}],"about":[{"href":"https:\/\/www.opinionpublica.tv\/portada\/wp-json\/wp\/v2\/types\/post"}],"author":[{"embeddable":true,"href":"https:\/\/www.opinionpublica.tv\/portada\/wp-json\/wp\/v2\/users\/6"}],"replies":[{"embeddable":true,"href":"https:\/\/www.opinionpublica.tv\/portada\/wp-json\/wp\/v2\/comments?post=76257"}],"version-history":[{"count":4,"href":"https:\/\/www.opinionpublica.tv\/portada\/wp-json\/wp\/v2\/posts\/76257\/revisions"}],"predecessor-version":[{"id":76263,"href":"https:\/\/www.opinionpublica.tv\/portada\/wp-json\/wp\/v2\/posts\/76257\/revisions\/76263"}],"wp:featuredmedia":[{"embeddable":true,"href":"https:\/\/www.opinionpublica.tv\/portada\/wp-json\/wp\/v2\/media\/76262"}],"wp:attachment":[{"href":"https:\/\/www.opinionpublica.tv\/portada\/wp-json\/wp\/v2\/media?parent=76257"}],"wp:term":[{"taxonomy":"category","embeddable":true,"href":"https:\/\/www.opinionpublica.tv\/portada\/wp-json\/wp\/v2\/categories?post=76257"},{"taxonomy":"post_tag","embeddable":true,"href":"https:\/\/www.opinionpublica.tv\/portada\/wp-json\/wp\/v2\/tags?post=76257"}],"curies":[{"name":"wp","href":"https:\/\/api.w.org\/{rel}","templated":true}]}}