{"id":76251,"date":"2026-01-10T00:01:00","date_gmt":"2026-01-10T07:01:00","guid":{"rendered":"https:\/\/www.opinionpublica.tv\/portada\/?p=76251"},"modified":"2026-01-09T18:26:52","modified_gmt":"2026-01-10T01:26:52","slug":"destina-estado-mas-de-20-millones-de-pesos-al-programa-de-ocupacion-temporal","status":"publish","type":"post","link":"https:\/\/www.opinionpublica.tv\/portada\/destina-estado-mas-de-20-millones-de-pesos-al-programa-de-ocupacion-temporal\/","title":{"rendered":"Destinan m\u00e1s de 20 millones de pesos al Programa de Ocupaci\u00f3n Temporal"},"content":{"rendered":"\n<figure class=\"wp-block-image size-large\"><img fetchpriority=\"high\" decoding=\"async\" width=\"1024\" height=\"683\" src=\"https:\/\/www.opinionpublica.tv\/portada\/wp-content\/uploads\/2026\/01\/Destinan-mas-de-20-millones-de-pesos-al-Programa-de-Ocupacion-Temporal-1024x683.jpeg\" alt=\"Destinan ma\u0301s de 20 millones de pesos al programa de ocupacio\u0301n temporal\" class=\"wp-image-76255\" srcset=\"https:\/\/www.opinionpublica.tv\/portada\/wp-content\/uploads\/2026\/01\/Destinan-mas-de-20-millones-de-pesos-al-Programa-de-Ocupacion-Temporal-1024x683.jpeg 1024w, https:\/\/www.opinionpublica.tv\/portada\/wp-content\/uploads\/2026\/01\/Destinan-mas-de-20-millones-de-pesos-al-Programa-de-Ocupacion-Temporal-300x200.jpeg 300w, https:\/\/www.opinionpublica.tv\/portada\/wp-content\/uploads\/2026\/01\/Destinan-mas-de-20-millones-de-pesos-al-Programa-de-Ocupacion-Temporal-768x512.jpeg 768w, https:\/\/www.opinionpublica.tv\/portada\/wp-content\/uploads\/2026\/01\/Destinan-mas-de-20-millones-de-pesos-al-Programa-de-Ocupacion-Temporal-1536x1025.jpeg 1536w, https:\/\/www.opinionpublica.tv\/portada\/wp-content\/uploads\/2026\/01\/Destinan-mas-de-20-millones-de-pesos-al-Programa-de-Ocupacion-Temporal.jpeg 2048w\" sizes=\"(max-width: 1024px) 100vw, 1024px\" \/><\/figure>\n\n\n\n<p class=\"wp-block-paragraph\"><em>Chihuahua, Chih<\/em>.- El Gobierno del Estado, a trav\u00e9s de la Secretar\u00eda de Desarrollo Humano y Bien Com\u00fan, puso en marcha en 2025 el Programa de Ocupaci\u00f3n Temporal, mismo que cont\u00f3 con una inversi\u00f3n de 20 millones 417 mil 130 pesos que fue utilizada para el pago de jornales.<\/p>\n\n\n\n<p class=\"wp-block-paragraph\">El titular de la dependencia, Rafael Loera, inform\u00f3 que la estrategia propuesta por la gobernadora Maru Campos se implement\u00f3 en diversas regiones de la entidad como un respaldo a las familias, a fin de abonar a mitigar los impactos negativos derivados de la falta de lluvias.<\/p>\n\n\n\n<p class=\"wp-block-paragraph\">Detall\u00f3 que, mediante este esquema, se promovieron acciones orientadas a la preservaci\u00f3n del recurso h\u00eddrico y a la mejora de espacios comunitarios en 38 municipios del estado.<\/p>\n\n\n\n<p class=\"wp-block-paragraph\">En este esfuerzo, los ayuntamientos participaron con la aportaci\u00f3n del material necesario para que las y los beneficiarios pudieran realizar dichas labores.<\/p>\n\n\n\n<p class=\"wp-block-paragraph\">El funcionario destac\u00f3 que la iniciativa tuvo un impacto significativo en la recuperaci\u00f3n econ\u00f3mica de las localidades m\u00e1s afectados por la sequ\u00eda, al atender de manera oportuna necesidades emergentes y generar ingresos para cientos de familias.<\/p>\n\n\n\n<p class=\"wp-block-paragraph\">Subray\u00f3 que las personas beneficiarias recibieron un ingreso econ\u00f3mico digno, al tiempo que contribuyeron al mejoramiento de sus propias comunidades, en coordinaci\u00f3n con la Secretar\u00eda de Desarrollo Rural.<\/p>\n\n\n\n<p class=\"wp-block-paragraph\">Loera precis\u00f3 que en el caso de la zona serrana, el Programa de Ocupaci\u00f3n Temporal benefici\u00f3 a los municipios de Batopilas, Bocoyna, Carich\u00ed, Guachochi, Guerrero, Maguarichi, Moris, Nonoava, Urique y Uruachi.<\/p>\n\n\n\n<p class=\"wp-block-paragraph\">Asimismo, en el resto del estado oper\u00f3&nbsp; en Ahumada, Aldama, Aquiles Serd\u00e1n, Ascensi\u00f3n, Camargo, Casas Grandes, Coronado, Cuauht\u00e9moc, Delicias, G\u00f3mez Far\u00edas, Hidalgo del Parral, Janos, Jim\u00e9nez, Julimes y La Cruz.<\/p>\n\n\n\n<p class=\"wp-block-paragraph\">Tambi\u00e9n en L\u00f3pez, Matamoros, Meoqui, Nuevo Casas Grandes, Ojinaga, Pr\u00e1xedis G. Guerrero, Riva Palacio, Rosales, San Francisco de Conchos, Santa B\u00e1rbara, Satev\u00f3, Saucillo y Valle de Zaragoza.<\/p>\n","protected":false},"excerpt":{"rendered":"<p>Chihuahua, Chih.- El Gobierno del Estado, a trav\u00e9s de la Secretar\u00eda de Desarrollo Humano y Bien Com\u00fan, puso en marcha en 2025 el Programa de Ocupaci\u00f3n Temporal, mismo que cont\u00f3 con una inversi\u00f3n de 20 millones 417 mil 130 pesos que fue utilizada para el pago de jornales. El titular de la dependencia, Rafael Loera, [&hellip;]<\/p>\n","protected":false},"author":6,"featured_media":76255,"comment_status":"closed","ping_status":"closed","sticky":false,"template":"","format":"standard","meta":{"_acf_changed":false,"_monsterinsights_skip_tracking":false,"slim_seo":{"title":"Destinan m\u00e1s de 20 millones de pesos al Programa de Ocupaci\u00f3n Temporal - Opini\u00f3n P\u00fablica","description":"Chihuahua, Chih .- El Gobierno del Estado, a trav\u00e9s de la Secretar\u00eda de Desarrollo Humano y Bien Com\u00fan, puso en marcha en 2025 el Programa de Ocupaci\u00f3n Temporal"},"footnotes":""},"categories":[11],"tags":[88,1855],"class_list":["post-76251","post","type-post","status-publish","format-standard","has-post-thumbnail","hentry","category-tendencias","tag-chihuahua","tag-empleo-temporal"],"acf":[],"_links":{"self":[{"href":"https:\/\/www.opinionpublica.tv\/portada\/wp-json\/wp\/v2\/posts\/76251","targetHints":{"allow":["GET"]}}],"collection":[{"href":"https:\/\/www.opinionpublica.tv\/portada\/wp-json\/wp\/v2\/posts"}],"about":[{"href":"https:\/\/www.opinionpublica.tv\/portada\/wp-json\/wp\/v2\/types\/post"}],"author":[{"embeddable":true,"href":"https:\/\/www.opinionpublica.tv\/portada\/wp-json\/wp\/v2\/users\/6"}],"replies":[{"embeddable":true,"href":"https:\/\/www.opinionpublica.tv\/portada\/wp-json\/wp\/v2\/comments?post=76251"}],"version-history":[{"count":3,"href":"https:\/\/www.opinionpublica.tv\/portada\/wp-json\/wp\/v2\/posts\/76251\/revisions"}],"predecessor-version":[{"id":76256,"href":"https:\/\/www.opinionpublica.tv\/portada\/wp-json\/wp\/v2\/posts\/76251\/revisions\/76256"}],"wp:featuredmedia":[{"embeddable":true,"href":"https:\/\/www.opinionpublica.tv\/portada\/wp-json\/wp\/v2\/media\/76255"}],"wp:attachment":[{"href":"https:\/\/www.opinionpublica.tv\/portada\/wp-json\/wp\/v2\/media?parent=76251"}],"wp:term":[{"taxonomy":"category","embeddable":true,"href":"https:\/\/www.opinionpublica.tv\/portada\/wp-json\/wp\/v2\/categories?post=76251"},{"taxonomy":"post_tag","embeddable":true,"href":"https:\/\/www.opinionpublica.tv\/portada\/wp-json\/wp\/v2\/tags?post=76251"}],"curies":[{"name":"wp","href":"https:\/\/api.w.org\/{rel}","templated":true}]}}