{"id":76244,"date":"2026-01-10T00:01:00","date_gmt":"2026-01-10T07:01:00","guid":{"rendered":"https:\/\/www.opinionpublica.tv\/portada\/?p=76244"},"modified":"2026-01-09T18:15:35","modified_gmt":"2026-01-10T01:15:35","slug":"indios-de-juarez-refrendan-compromiso-con-aficion-fronteriza-en-visita-a-perez-cuellar","status":"publish","type":"post","link":"https:\/\/www.opinionpublica.tv\/portada\/indios-de-juarez-refrendan-compromiso-con-aficion-fronteriza-en-visita-a-perez-cuellar\/","title":{"rendered":"Indios de Ju\u00e1rez refrendan su compromiso con la afici\u00f3n en visita con P\u00e9rez Cu\u00e9llar"},"content":{"rendered":"\n<figure class=\"wp-block-image size-large\"><img fetchpriority=\"high\" decoding=\"async\" width=\"1024\" height=\"683\" src=\"https:\/\/www.opinionpublica.tv\/portada\/wp-content\/uploads\/2026\/01\/Indios-de-Juarez-refrendan-compromiso-con-la-aficion-en-visita-con-Perez-Cuellar-1024x683.jpeg\" alt=\"Indios de jua\u0301rez refrendan compromiso con la aficio\u0301n en visita con pe\u0301rez cue\u0301llar\" class=\"wp-image-76248\" srcset=\"https:\/\/www.opinionpublica.tv\/portada\/wp-content\/uploads\/2026\/01\/Indios-de-Juarez-refrendan-compromiso-con-la-aficion-en-visita-con-Perez-Cuellar-1024x683.jpeg 1024w, https:\/\/www.opinionpublica.tv\/portada\/wp-content\/uploads\/2026\/01\/Indios-de-Juarez-refrendan-compromiso-con-la-aficion-en-visita-con-Perez-Cuellar-300x200.jpeg 300w, https:\/\/www.opinionpublica.tv\/portada\/wp-content\/uploads\/2026\/01\/Indios-de-Juarez-refrendan-compromiso-con-la-aficion-en-visita-con-Perez-Cuellar-768x512.jpeg 768w, https:\/\/www.opinionpublica.tv\/portada\/wp-content\/uploads\/2026\/01\/Indios-de-Juarez-refrendan-compromiso-con-la-aficion-en-visita-con-Perez-Cuellar.jpeg 1280w\" sizes=\"(max-width: 1024px) 100vw, 1024px\" \/><\/figure>\n\n\n\n<p class=\"wp-block-paragraph\"><em>Ciudad Ju\u00e1rez, Chih<\/em>.- El presidente municipal, Cruz P\u00e9rez Cu\u00e9llar recibi\u00f3 en su despacho a integrantes del equipo de beisbol Indios de Ju\u00e1rez, quienes presentaron sus planes rumbo a la temporada 2026 y refrendaron su compromiso de defender el campeonato de la Liga Estatal de Beisbol, luego de una sequ\u00eda de 25 a\u00f1os.<\/p>\n\n\n\n<p class=\"wp-block-paragraph\">Alfonso Venegas, gerente deportivo de Indios de Ju\u00e1rez, dijo que esta fue una visita de cortes\u00eda con el alcalde, a quien le presentaron el trofeo que los acredita como campeones de la temporada 2025 y tambi\u00e9n le hicieron saber sobre los proyectos deportivos y sociales del equipo para este a\u00f1o.<\/p>\n\n\n\n<p class=\"wp-block-paragraph\">Dio a conocer que la \u2018tribu fronteriza\u2019 ya se encuentra reforzando todas las \u00e1reas deportivas, especialmente la alineaci\u00f3n, con la incorporaci\u00f3n de nuevos bateadores que fortalecer\u00e1n al equipo en la pr\u00f3xima campa\u00f1a.<\/p>\n\n\n\n<p class=\"wp-block-paragraph\">Dijo que la novena juarense ha resurgido en su nivel competitivo y esto ha generado un ambiente de entusiasmo entre la ciudadan\u00eda, hasta llegar a la \u201cindioman\u00eda\u201d que se vive actualmente en la localidad.<\/p>\n\n\n\n<p class=\"wp-block-paragraph\">\u201cHay una fiebre por el equipo porque Indios es el equipo de la ciudad, el equipo de todos y hemos tenido una respuesta muy buena de la afici\u00f3n y estamos orgullosos y vamos a defender el campeonato, porque a Ju\u00e1rez se le respeta\u201d, afirm\u00f3.<\/p>\n\n\n\n<p class=\"wp-block-paragraph\">Pero el compromiso no s\u00f3lo es en lo deportivo, pues la tribu es un equipo con responsabilidad social, ya que durante la temporada se realizaron visitas a albergues, convivieron con ligas infantiles y participaron en actividades con ni\u00f1os, reforzando la cercan\u00eda entre el equipo y la comunidad juarense.<\/p>\n\n\n\n<p class=\"wp-block-paragraph\">En esta reuni\u00f3n con el Presidente P\u00e9rez Cu\u00e9llar se cont\u00f3 con la presencia de \u00d3scar Ch\u00e1vez, Jurisdiccional de la Zona 1 y Fabi\u00e1n Mac\u00edas, del equipo de log\u00edstica.<\/p>\n","protected":false},"excerpt":{"rendered":"<p>Ciudad Ju\u00e1rez, Chih.- El presidente municipal, Cruz P\u00e9rez Cu\u00e9llar recibi\u00f3 en su despacho a integrantes del equipo de beisbol Indios de Ju\u00e1rez, quienes presentaron sus planes rumbo a la temporada 2026 y refrendaron su compromiso de defender el campeonato de la Liga Estatal de Beisbol, luego de una sequ\u00eda de 25 a\u00f1os. Alfonso Venegas, gerente [&hellip;]<\/p>\n","protected":false},"author":6,"featured_media":76248,"comment_status":"closed","ping_status":"closed","sticky":false,"template":"","format":"standard","meta":{"_acf_changed":false,"_monsterinsights_skip_tracking":false,"slim_seo":{"title":"Indios de Ju\u00e1rez refrendan su compromiso con la afici\u00f3n en visita con P\u00e9rez Cu\u00e9llar - Opini\u00f3n P\u00fablica","description":"Ciudad Ju\u00e1rez, Chih .- El presidente municipal, Cruz P\u00e9rez Cu\u00e9llar recibi\u00f3 en su despacho a integrantes del equipo de beisbol Indios de Ju\u00e1rez, quienes presenta"},"footnotes":""},"categories":[41],"tags":[1854,753,1853],"class_list":["post-76244","post","type-post","status-publish","format-standard","has-post-thumbnail","hentry","category-juarez","tag-beisbol","tag-cruz-perez-cuellar","tag-indios-de-juarez"],"acf":[],"_links":{"self":[{"href":"https:\/\/www.opinionpublica.tv\/portada\/wp-json\/wp\/v2\/posts\/76244","targetHints":{"allow":["GET"]}}],"collection":[{"href":"https:\/\/www.opinionpublica.tv\/portada\/wp-json\/wp\/v2\/posts"}],"about":[{"href":"https:\/\/www.opinionpublica.tv\/portada\/wp-json\/wp\/v2\/types\/post"}],"author":[{"embeddable":true,"href":"https:\/\/www.opinionpublica.tv\/portada\/wp-json\/wp\/v2\/users\/6"}],"replies":[{"embeddable":true,"href":"https:\/\/www.opinionpublica.tv\/portada\/wp-json\/wp\/v2\/comments?post=76244"}],"version-history":[{"count":5,"href":"https:\/\/www.opinionpublica.tv\/portada\/wp-json\/wp\/v2\/posts\/76244\/revisions"}],"predecessor-version":[{"id":76250,"href":"https:\/\/www.opinionpublica.tv\/portada\/wp-json\/wp\/v2\/posts\/76244\/revisions\/76250"}],"wp:featuredmedia":[{"embeddable":true,"href":"https:\/\/www.opinionpublica.tv\/portada\/wp-json\/wp\/v2\/media\/76248"}],"wp:attachment":[{"href":"https:\/\/www.opinionpublica.tv\/portada\/wp-json\/wp\/v2\/media?parent=76244"}],"wp:term":[{"taxonomy":"category","embeddable":true,"href":"https:\/\/www.opinionpublica.tv\/portada\/wp-json\/wp\/v2\/categories?post=76244"},{"taxonomy":"post_tag","embeddable":true,"href":"https:\/\/www.opinionpublica.tv\/portada\/wp-json\/wp\/v2\/tags?post=76244"}],"curies":[{"name":"wp","href":"https:\/\/api.w.org\/{rel}","templated":true}]}}