{"id":76239,"date":"2026-01-10T00:01:00","date_gmt":"2026-01-10T07:01:00","guid":{"rendered":"https:\/\/www.opinionpublica.tv\/portada\/?p=76239"},"modified":"2026-01-09T18:06:32","modified_gmt":"2026-01-10T01:06:32","slug":"se-mantiene-alerta-preventiva-en-juarez-por-temperaturas-congelantes-el-fin-de-semana","status":"publish","type":"post","link":"https:\/\/www.opinionpublica.tv\/portada\/se-mantiene-alerta-preventiva-en-juarez-por-temperaturas-congelantes-el-fin-de-semana\/","title":{"rendered":"Se mantiene alerta preventiva en Ju\u00e1rez por temperaturas congelantes el fin de semana"},"content":{"rendered":"\n<figure class=\"wp-block-image size-full\"><img fetchpriority=\"high\" decoding=\"async\" width=\"556\" height=\"333\" src=\"https:\/\/www.opinionpublica.tv\/portada\/wp-content\/uploads\/2026\/01\/Se-mantiene-alerta-preventiva-en-Juarez-por-temperaturas-congelantes-el-fin-de-semana.jpg\" alt=\"Se mantiene alerta preventiva en jua\u0301rez por temperaturas congelantes el fin de semana\" class=\"wp-image-76242\" srcset=\"https:\/\/www.opinionpublica.tv\/portada\/wp-content\/uploads\/2026\/01\/Se-mantiene-alerta-preventiva-en-Juarez-por-temperaturas-congelantes-el-fin-de-semana.jpg 556w, https:\/\/www.opinionpublica.tv\/portada\/wp-content\/uploads\/2026\/01\/Se-mantiene-alerta-preventiva-en-Juarez-por-temperaturas-congelantes-el-fin-de-semana-300x180.jpg 300w\" sizes=\"(max-width: 556px) 100vw, 556px\" \/><\/figure>\n\n\n\n<p class=\"wp-block-paragraph\"><em>Ciudad Ju\u00e1rez, Chih<\/em>.- La Direcci\u00f3n General de Protecci\u00f3n Civil inform\u00f3 que se mantiene activa una alerta preventiva por descenso de temperatura en el municipio, la cual inicia desde esta noche, con temperaturas m\u00ednimas cercanas a los 4 grados cent\u00edgrados.<\/p>\n\n\n\n<p class=\"wp-block-paragraph\">La dependencia se\u00f1al\u00f3 que, debido a la humedad y la presencia de viento, la sensaci\u00f3n t\u00e9rmica ser\u00e1 menor a la temperatura real, por lo que el fr\u00edo podr\u00eda percibirse con mayor intensidad. Asimismo, advirti\u00f3 que en zonas alejadas de la mancha urbana y en \u00e1reas altas se podr\u00edan registrar temperaturas a\u00fan m\u00e1s bajas.<\/p>\n\n\n\n<p class=\"wp-block-paragraph\">De acuerdo con el pron\u00f3stico, para el viernes y s\u00e1bado se esperan las temperaturas m\u00e1s bajas del periodo, con valores que podr\u00edan descender por debajo del punto de congelaci\u00f3n, alcanzando m\u00ednimas estimadas entre -1 y -3 grados cent\u00edgrados.<\/p>\n\n\n\n<p class=\"wp-block-paragraph\">Ante estas condiciones, Protecci\u00f3n Civil exhort\u00f3 a la ciudadan\u00eda a extremar precauciones, especialmente durante la noche, madrugada y primeras horas del d\u00eda, recomendando abrigarse adecuadamente, utilizar chamarra y varias capas de ropa para protegerse del fr\u00edo.<\/p>\n\n\n\n<p class=\"wp-block-paragraph\">La autoridad municipal reiter\u00f3 el llamado a mantenerse informada a la poblaci\u00f3n a trav\u00e9s de los canales oficiales y a seguir las recomendaciones preventivas para evitar afectaciones a la salud.<\/p>\n","protected":false},"excerpt":{"rendered":"<p>Ciudad Ju\u00e1rez, Chih.- La Direcci\u00f3n General de Protecci\u00f3n Civil inform\u00f3 que se mantiene activa una alerta preventiva por descenso de temperatura en el municipio, la cual inicia desde esta noche, con temperaturas m\u00ednimas cercanas a los 4 grados cent\u00edgrados. La dependencia se\u00f1al\u00f3 que, debido a la humedad y la presencia de viento, la sensaci\u00f3n t\u00e9rmica [&hellip;]<\/p>\n","protected":false},"author":6,"featured_media":76242,"comment_status":"closed","ping_status":"closed","sticky":false,"template":"","format":"standard","meta":{"_acf_changed":false,"_monsterinsights_skip_tracking":false,"slim_seo":{"title":"Se mantiene alerta preventiva en Ju\u00e1rez por temperaturas congelantes el fin de semana - Opini\u00f3n P\u00fablica","description":"Ciudad Ju\u00e1rez, Chih .- La Direcci\u00f3n General de Protecci\u00f3n Civil inform\u00f3 que se mantiene activa una alerta preventiva por descenso de temperatura en el municipio"},"footnotes":""},"categories":[41],"tags":[1017,1303,608,820],"class_list":["post-76239","post","type-post","status-publish","format-standard","has-post-thumbnail","hentry","category-juarez","tag-alerta-preventiva","tag-bajas-temperaturas","tag-ciudad-juarez","tag-frentes-frios"],"acf":[],"_links":{"self":[{"href":"https:\/\/www.opinionpublica.tv\/portada\/wp-json\/wp\/v2\/posts\/76239","targetHints":{"allow":["GET"]}}],"collection":[{"href":"https:\/\/www.opinionpublica.tv\/portada\/wp-json\/wp\/v2\/posts"}],"about":[{"href":"https:\/\/www.opinionpublica.tv\/portada\/wp-json\/wp\/v2\/types\/post"}],"author":[{"embeddable":true,"href":"https:\/\/www.opinionpublica.tv\/portada\/wp-json\/wp\/v2\/users\/6"}],"replies":[{"embeddable":true,"href":"https:\/\/www.opinionpublica.tv\/portada\/wp-json\/wp\/v2\/comments?post=76239"}],"version-history":[{"count":2,"href":"https:\/\/www.opinionpublica.tv\/portada\/wp-json\/wp\/v2\/posts\/76239\/revisions"}],"predecessor-version":[{"id":76243,"href":"https:\/\/www.opinionpublica.tv\/portada\/wp-json\/wp\/v2\/posts\/76239\/revisions\/76243"}],"wp:featuredmedia":[{"embeddable":true,"href":"https:\/\/www.opinionpublica.tv\/portada\/wp-json\/wp\/v2\/media\/76242"}],"wp:attachment":[{"href":"https:\/\/www.opinionpublica.tv\/portada\/wp-json\/wp\/v2\/media?parent=76239"}],"wp:term":[{"taxonomy":"category","embeddable":true,"href":"https:\/\/www.opinionpublica.tv\/portada\/wp-json\/wp\/v2\/categories?post=76239"},{"taxonomy":"post_tag","embeddable":true,"href":"https:\/\/www.opinionpublica.tv\/portada\/wp-json\/wp\/v2\/tags?post=76239"}],"curies":[{"name":"wp","href":"https:\/\/api.w.org\/{rel}","templated":true}]}}