{"id":76217,"date":"2026-01-12T00:01:00","date_gmt":"2026-01-12T07:01:00","guid":{"rendered":"https:\/\/www.opinionpublica.tv\/portada\/?p=76217"},"modified":"2026-01-12T01:06:08","modified_gmt":"2026-01-12T08:06:08","slug":"rescate-municipal-una-historia-de-vida-o-muerte","status":"publish","type":"post","link":"https:\/\/www.opinionpublica.tv\/portada\/rescate-municipal-una-historia-de-vida-o-muerte\/","title":{"rendered":"Rescate Municipal: una historia de vida o muerte"},"content":{"rendered":"\n<h4 class=\"wp-block-heading\">Eduardo Borunda<\/h4>\n\n\n\n<p>__________________________<\/p>\n\n\n\n<p>El Departamento de Rescate Municipal como es actualmente conocido y que pertenece a la Direcci\u00f3n de Protecci\u00f3n Civil ha pasado por varios nombres desde su inicio cuando en el a\u00f1o 1975 por idea y necesidad de atenci\u00f3n a compa\u00f1eros polic\u00edas ca\u00eddos en el cumplimiento del deber, al enfrentar una crisis social de la \u00e9poca. Su historia marca una pauta \u00fanica y un ejemplo a nivel nacional.<\/p>\n\n\n\n<p>\u201cLa Liga Comunista 23 de septiembre manten\u00eda una guerra contra todo lo que fuera Estado, vi\u00e9ndose en varias emboscadas con resultados casi siempre graves tanto de lesionados como muertos y otros que mor\u00edan en la escena al no recibir atenci\u00f3n prehospitalaria\u201d narra Felipe Campos Salda\u00f1a, T\u00e9cnico en Urgencias M\u00e9dicas y que se dedic\u00f3 como rescatista durante muchos a\u00f1os.<\/p>\n\n\n\n<p>Por la crisis de seguridad la Cruz Roja no acud\u00eda al llamado de auxilio cuando hab\u00eda alg\u00fan ataque en contra de las fuerzas policiacas. Esta incertidumbre deriv\u00f3 que muchos lesionados mor\u00edan por la falta de atenci\u00f3n m\u00e9dica. Las calles de Ciudad Ju\u00e1rez eran un peligro mortal.<\/p>\n\n\n\n<figure class=\"wp-block-image size-full\"><img fetchpriority=\"high\" decoding=\"async\" width=\"720\" height=\"479\" src=\"https:\/\/www.opinionpublica.tv\/portada\/wp-content\/uploads\/2026\/01\/Rescate-Municipal-una-historia-de-vida-o-muerte.jpeg\" alt=\"Rescate municipal una historia de vida o muerte\" class=\"wp-image-76218\" srcset=\"https:\/\/www.opinionpublica.tv\/portada\/wp-content\/uploads\/2026\/01\/Rescate-Municipal-una-historia-de-vida-o-muerte.jpeg 720w, https:\/\/www.opinionpublica.tv\/portada\/wp-content\/uploads\/2026\/01\/Rescate-Municipal-una-historia-de-vida-o-muerte-300x200.jpeg 300w\" sizes=\"(max-width: 720px) 100vw, 720px\" \/><\/figure>\n\n\n\n<p>A ra\u00edz de esta situaci\u00f3n el teniente de polic\u00eda, Jes\u00fas Manuel Medina Morales, en su tiempo libre prestaba servicio voluntario en la Cruz Roja Mexicana como chofer de ambulancia. Propuso a su capit\u00e1n de radiopatrullas Fernando Motta Allen, ser ellos mismos quienes atendieran a sus compa\u00f1eros polic\u00edas.<\/p>\n\n\n\n<p>\u201cEl teniente Jes\u00fas Manuel Medina Morales propuso al capit\u00e1n primero Fernando Motta Allen y al comandante de radiopatrullas, Arturo Ch\u00e1vez Sep\u00falveda, la creaci\u00f3n de un grupo para atender dichas eventualidades\u201d de agresi\u00f3n a polic\u00edas, seg\u00fan coment\u00f3 el capit\u00e1n Juan Gonz\u00e1lez, en el 48 aniversario de la creaci\u00f3n del cuerpo de rescate del municipio.<\/p>\n\n\n\n<p>Al pertenecer a la polic\u00eda les permit\u00eda estar armados y con respaldo por sus heridos, simulando de cierta manera los acuerdos, que de alguna manera hab\u00eda dado origen a la Cruz Roja en tiempos de guerra. Bajo este esquema, se obtuvo una respuesta condicionada la cual exig\u00eda que igualmente fueran atendidos sin distingo ni represalia ambos bandos en cualquier confrontaci\u00f3n.<\/p>\n\n\n\n<p>La profesionalizaci\u00f3n del cuerpo de rescate.<\/p>\n\n\n\n<p>As\u00ed, naci\u00f3 el servicio que en un principio solamente atend\u00eda estos casos de polic\u00edas heridos. Fue el 18 de marzo de 1978 que se otorg\u00f3 autorizaci\u00f3n oficial por parte del alcalde Manuel Quevedo Reyes (tom\u00f3 protesta como presidente municipal el 10 de octubre de 1977) para que el personal fuera capacitado en El Paso Community College.<\/p>\n\n\n\n<p>La capacitaci\u00f3n al personal param\u00e9dico ha sido permanente hasta la fecha y ello implic\u00f3 desde un inicio una profesionalizaci\u00f3n de los miembros de rescatistas.<\/p>\n\n\n\n<p>La iniciativa, naci\u00f3 ante una necesidad social y pol\u00edtica de esos a\u00f1os, se acondicion\u00f3 un veh\u00edculo como ambulancia. Esa unidad serv\u00eda para llevar comida de la c\u00e1rcel de piedra ubicada en las calles Oro y 16 de septiembre en la colonia Barrio Alto donde operaba la penitenciar\u00eda donde estaban los reos considerados como peligrosos y de ah\u00ed se llevaban los alimentos a c\u00e1rcel municipal de las calles Hospital y Alatorre, seg\u00fan nos coment\u00f3 Fernando Motta Allen en entrevista.<\/p>\n\n\n\n<p>Los servicios con el paso del tiempo permitieron atender accidentes viales, partos, insolaciones de personas las cuales eran llevadas al Hospital General con quienes ten\u00edan una buena relaci\u00f3n y ante la gran necesidad de atenci\u00f3n m\u00e9dica de los pobladores del municipio. Se resalta que el apoyo de la Universidad Aut\u00f3noma de Ciudad Ju\u00e1rez fue fundamental con personal que estaba capacitado para atender las emergencias m\u00e9dicas, pues no era s\u00f3lo levantar heridos, sino proporcionar los primeros auxilios a los heridos.<\/p>\n\n\n\n<p>Seg\u00fan nos comentan las fuentes consultadas, la idea del servicio m\u00e9dico de urgencias se inspir\u00f3 en una serie de televisi\u00f3n estadounidense que se transmiti\u00f3 en la d\u00e9cada de 1970. Su nombre era \u201cEmergency!\u201d (Emergencia en espa\u00f1ol) inspirada en la estaci\u00f3n 51 de la central de bomberos del Condado de los \u00c1ngeles, California que se transmiti\u00f3 entre los a\u00f1os de 1972 y 1977. A\u00f1os despu\u00e9s, la nueva serie \u201cRescue 911\u201d rescata la esencia de los servicios de rescate.<\/p>\n\n\n\n<p>El Sistema Nacional de Protecci\u00f3n Civil naci\u00f3 un a\u00f1o despu\u00e9s del terremoto del 19 de septiembre de 1985 en la Ciudad de M\u00e9xico. Fue el 6 de mayo de 1986 que por decreto se estableci\u00f3 el Sistema y con ello se establecieron estrategias a nivel nacional. En Ciudad Ju\u00e1rez, el Departamento se convierte en el&nbsp;&nbsp; Servicio M\u00e9dico de Emergencias (SME) de Ciudad Ju\u00e1rez, dejando atr\u00e1s la imagen de la polic\u00eda, se desarma a los elementos, se pintan las ambulancias de color verde amarillo y los uniformes en camisola amarilla y pantal\u00f3n azul los hacen un distintivo del servicio que ya se daba a la comunidad de Ciudad Ju\u00e1rez.<\/p>\n\n\n\n<p><strong>Dos hechos de sangre marcaron la historia<\/strong><\/p>\n\n\n\n<p>El 26 de diciembre de 1995 se present\u00f3 un ataque a param\u00e9dicos que atend\u00edan un hecho de sangre en colonia Chave\u00f1a, muy cerca del pante\u00f3n del mismo nombre, en la intersecci\u00f3n de las calles 5 de febrero y calle Nieves Acosta.<\/p>\n\n\n\n<p>En el incidente muere Javier Nev\u00e1rez M\u00e1rquez a manos de otro polic\u00eda. En un primer momento, en una disputa entre compa\u00f1eros un oficial bale\u00f3 a dos patrulleros en una unidad oficial. Mientras se atend\u00eda a los heridos, regres\u00f3 el agresor, ejecutando al param\u00e9dico Nev\u00e1rez M\u00e1rquez, quien recibi\u00f3 una bala en la espalda que le produjo la muerte.<\/p>\n\n\n\n<p>En otro hecho de sangre, el 15 de Julio del a\u00f1o 2010, tres param\u00e9dicos se encontraban atendiendo un lesionado por arma de fuego en los cruces de 16 de septiembre y Panam\u00e1, donde estalla un coche bomba terminando lesionados Nancy Paz Mares, Felipe Caldera Rivera y el teniente Gabriel Cervantes Rojas que posterior pierde la vida por complicaciones de las lesiones.<\/p>\n\n\n\n<p>El 18 de marzo del a\u00f1o 2020, un ataque armado afuera del Hospital General deja lesionado al param\u00e9dico Ad\u00e1n Estrada Burciaga, mismo que se encontraba bajando de la ambulancia a una persona lesionada por arma de fuego.<\/p>\n\n\n\n<p><strong>Un cambio de imagen<\/strong><\/p>\n\n\n\n<p>El 2 de julio del a\u00f1o de 1995 se dio inicio al plan piloto de polic\u00edas param\u00e9dicos ciclistas, siendo esto una revoluci\u00f3n para la atenci\u00f3n prehospitalaria a nivel nacional ya que, si bien exist\u00eda en otros pa\u00edses desarrollados, en M\u00e9xico jam\u00e1s se hab\u00eda visto, se operaba con elementos ataviados con su camisola de polic\u00eda, fornitura, arma y bicicleta.<\/p>\n\n\n\n<p>El equipo con el que contaba era b\u00e1sico para una atenci\u00f3n primaria logrando estabilizar a los pacientes para su traslado en ambulancia. El servicio se daba en el primer cuadro de la ciudad, mejor conocido como Centro Hist\u00f3rico.<\/p>\n\n\n\n<p>Actualmente el Departamento de Rescate pertenece a la Direcci\u00f3n de Protecci\u00f3n Civil, bajo el liderazgo del comandante Juan Gonz\u00e1lez.<\/p>\n\n\n\n<p>Al hacer el an\u00e1lisis, este departamento ha sido pionero en la atenci\u00f3n m\u00e9dica de polic\u00edas y claro, de apoyo a la sociedad del municipio de Ju\u00e1rez, ejemplo a seguir en el plano nacional y la importancia de acercamiento con la comunidad a trav\u00e9s de la prestaci\u00f3n del servicio m\u00e9dico de primer contacto.<\/p>\n","protected":false},"excerpt":{"rendered":"<p>Eduardo Borunda __________________________ El Departamento de Rescate Municipal como es actualmente conocido y que pertenece a la Direcci\u00f3n de Protecci\u00f3n Civil ha pasado por varios nombres desde su inicio cuando en el a\u00f1o 1975 por idea y necesidad de atenci\u00f3n a compa\u00f1eros polic\u00edas ca\u00eddos en el cumplimiento del deber, al enfrentar una crisis social de [&hellip;]<\/p>\n","protected":false},"author":6,"featured_media":44484,"comment_status":"closed","ping_status":"closed","sticky":false,"template":"","format":"standard","meta":{"_acf_changed":false,"_monsterinsights_skip_tracking":false,"_monsterinsights_sitenote_active":false,"_monsterinsights_sitenote_note":"","_monsterinsights_sitenote_category":0,"slim_seo":{"title":"Rescate Municipal: una historia de vida o muerte - Opini\u00f3n P\u00fablica","description":"Eduardo Borunda __________________________ El Departamento de Rescate Municipal como es actualmente conocido y que pertenece a la Direcci\u00f3n de Protecci\u00f3n Civil"},"footnotes":""},"categories":[31],"tags":[608,1120,1852],"class_list":["post-76217","post","type-post","status-publish","format-standard","has-post-thumbnail","hentry","category-galimatias","tag-ciudad-juarez","tag-eduardo-borunda","tag-rescate-municipal"],"acf":[],"_links":{"self":[{"href":"https:\/\/www.opinionpublica.tv\/portada\/wp-json\/wp\/v2\/posts\/76217","targetHints":{"allow":["GET"]}}],"collection":[{"href":"https:\/\/www.opinionpublica.tv\/portada\/wp-json\/wp\/v2\/posts"}],"about":[{"href":"https:\/\/www.opinionpublica.tv\/portada\/wp-json\/wp\/v2\/types\/post"}],"author":[{"embeddable":true,"href":"https:\/\/www.opinionpublica.tv\/portada\/wp-json\/wp\/v2\/users\/6"}],"replies":[{"embeddable":true,"href":"https:\/\/www.opinionpublica.tv\/portada\/wp-json\/wp\/v2\/comments?post=76217"}],"version-history":[{"count":2,"href":"https:\/\/www.opinionpublica.tv\/portada\/wp-json\/wp\/v2\/posts\/76217\/revisions"}],"predecessor-version":[{"id":76220,"href":"https:\/\/www.opinionpublica.tv\/portada\/wp-json\/wp\/v2\/posts\/76217\/revisions\/76220"}],"wp:featuredmedia":[{"embeddable":true,"href":"https:\/\/www.opinionpublica.tv\/portada\/wp-json\/wp\/v2\/media\/44484"}],"wp:attachment":[{"href":"https:\/\/www.opinionpublica.tv\/portada\/wp-json\/wp\/v2\/media?parent=76217"}],"wp:term":[{"taxonomy":"category","embeddable":true,"href":"https:\/\/www.opinionpublica.tv\/portada\/wp-json\/wp\/v2\/categories?post=76217"},{"taxonomy":"post_tag","embeddable":true,"href":"https:\/\/www.opinionpublica.tv\/portada\/wp-json\/wp\/v2\/tags?post=76217"}],"curies":[{"name":"wp","href":"https:\/\/api.w.org\/{rel}","templated":true}]}}