{"id":76192,"date":"2026-01-12T00:01:00","date_gmt":"2026-01-12T07:01:00","guid":{"rendered":"https:\/\/www.opinionpublica.tv\/portada\/?p=76192"},"modified":"2026-01-09T16:15:31","modified_gmt":"2026-01-09T23:15:31","slug":"efemerides-12-de-enero-un-dia-como-hoy-en-la-historia","status":"publish","type":"post","link":"https:\/\/www.opinionpublica.tv\/portada\/efemerides-12-de-enero-un-dia-como-hoy-en-la-historia\/","title":{"rendered":"Efem\u00e9rides 12 de enero | Un d\u00eda como hoy en la historia&#8230;"},"content":{"rendered":"\n<p class=\"wp-block-paragraph\"><em>Un d\u00eda 12 de enero como hoy, pero de 1988, nacen en Michigan, Estados Unidos, los primeros quintillizos &#8216;probeta&#8217; del mundo<\/em>.<\/p>\n\n\n\n<figure class=\"wp-block-image size-full\"><img fetchpriority=\"high\" decoding=\"async\" width=\"1023\" height=\"729\" src=\"https:\/\/www.opinionpublica.tv\/portada\/wp-content\/uploads\/2026\/01\/1988-nacen-en-Michigan-Estados-Unidos-los-primeros-quintillizos-probeta-del-mundo.jpg\" alt=\"1988, nacen en michigan, estados unidos, los primeros quintillizos 'probeta' del mundo\" class=\"wp-image-76193\" srcset=\"https:\/\/www.opinionpublica.tv\/portada\/wp-content\/uploads\/2026\/01\/1988-nacen-en-Michigan-Estados-Unidos-los-primeros-quintillizos-probeta-del-mundo.jpg 1023w, https:\/\/www.opinionpublica.tv\/portada\/wp-content\/uploads\/2026\/01\/1988-nacen-en-Michigan-Estados-Unidos-los-primeros-quintillizos-probeta-del-mundo-300x214.jpg 300w, https:\/\/www.opinionpublica.tv\/portada\/wp-content\/uploads\/2026\/01\/1988-nacen-en-Michigan-Estados-Unidos-los-primeros-quintillizos-probeta-del-mundo-768x547.jpg 768w\" sizes=\"(max-width: 1023px) 100vw, 1023px\" \/><\/figure>\n\n\n\n<p class=\"wp-block-paragraph\"><strong>Otras efem\u00e9rides<\/strong><\/p>\n\n\n\n<p class=\"wp-block-paragraph\">1807.- Parte de la ciudad de Leiden (Pa\u00edses Bajos) queda destruida por la explosi\u00f3n de un buque cargado de p\u00f3lvora.<\/p>\n\n\n\n<p class=\"wp-block-paragraph\">1899.- La fragata escuela argentina &#8216;Presidente Sarmiento&#8217; emprende su primer viaje de circunnavegaci\u00f3n.<\/p>\n\n\n\n<p class=\"wp-block-paragraph\">1909.- El Gobierno turco acepta la propuesta austr\u00edaca de renunciar a sus derechos sobre Bosnia-Herzegovina a cambio de compensaciones financieras.<\/p>\n\n\n\n<p class=\"wp-block-paragraph\">1936.- El aviador hispano-cubano Antonio Men\u00e9ndez Pel\u00e1ez despega del aeropuerto de Camag\u00fcey (Cuba) para realizar un vuelo transatl\u00e1ntico en solitario hasta Sevilla, donde lleg\u00f3 el 14 de febrero.<\/p>\n\n\n\n<p class=\"wp-block-paragraph\">1969.- Led Zeppelin lanza su primer \u00e1lbum.<\/p>\n\n\n\n<p class=\"wp-block-paragraph\">1981.- Se emite el primer cap\u00edtulo de la serie de televisi\u00f3n &#8216;Dinast\u00eda&#8217;.<\/p>\n\n\n\n<p class=\"wp-block-paragraph\">1995.- El presidente franc\u00e9s, Francois Mitterrand, inaugura en Par\u00eds el mayor complejo musical de Europa, de 50.000 metros cuadrados de superficie.<\/p>\n\n\n\n<p class=\"wp-block-paragraph\">1998.- Diecinueve pa\u00edses europeos, entre ellos Espa\u00f1a, firman en Par\u00eds el protocolo del Consejo de Europa que proh\u00edbe la clonaci\u00f3n de seres humanos, el primer texto jur\u00eddico internacional en esa materia.<\/p>\n\n\n\n<p class=\"wp-block-paragraph\">1999.- La cantante estadounidense Britney Spears lanza su primer \u00e1lbum &#8216;&#8230;Baby One More Time&#8217;.<\/p>\n\n\n\n<p class=\"wp-block-paragraph\">2005.- Estados Unidos anuncia el fin de la b\u00fasqueda de armas de destrucci\u00f3n masiva en Irak.<\/p>\n\n\n\n<p class=\"wp-block-paragraph\">2006.- M\u00e1s de trescientos peregrinos mueren en La Meca por una avalancha.<\/p>\n\n\n\n<p class=\"wp-block-paragraph\">2009.- Se realiza la primer transacci\u00f3n en la red de la moneda digital bitcoin.<\/p>\n\n\n\n<p class=\"wp-block-paragraph\">2010.- Un terremoto de 7,2 grados en la escala de Richter sacude Hait\u00ed, causando unos 300 mil muertos.<\/p>\n\n\n\n<p class=\"wp-block-paragraph\">2015.- Cuba completa la excarcelaci\u00f3n de 53 presos pol\u00edticos pactada con EEUU.<\/p>\n\n\n\n<p class=\"wp-block-paragraph\">2016.- Un terrorista suicida del Estado Isl\u00e1mico (EI) mata a diez turistas alemanes cerca de la Mezquita Azul de Estambul (Turqu\u00eda).<\/p>\n\n\n\n<p class=\"wp-block-paragraph\">2017.- Estados Unidos pone fin a la pol\u00edtica de &#8216;pies secos\/pies mojados&#8217; para cubanos, que les permit\u00eda obtener la residencia permanente al a\u00f1o de llegar, incluso ilegalmente.<\/p>\n\n\n\n<p class=\"wp-block-paragraph\"><strong>Nacimientos<\/strong><\/p>\n\n\n\n<p class=\"wp-block-paragraph\">1628.- Charles Perrault, escritor franc\u00e9s de cuentos infantiles.<\/p>\n\n\n\n<p class=\"wp-block-paragraph\">1716.- Antonio de Ulloa, cient\u00edfico, militar y marino espa\u00f1ol.<\/p>\n\n\n\n<p class=\"wp-block-paragraph\">1746.- Johann Heinrich Pestalozzi, pedagogo suizo.<\/p>\n\n\n\n<p class=\"wp-block-paragraph\">1893.- Hermann Goering, dirigente nazi.<\/p>\n\n\n\n<p class=\"wp-block-paragraph\">1907.- Sergu\u00e9i Koroliov, ingeniero ucraniano, considerado el padre del programa espacial sovi\u00e9tico.<\/p>\n\n\n\n<p class=\"wp-block-paragraph\">1916.- Pieter Wilhelm Botha, expresidente sudafricano.<\/p>\n\n\n\n<p class=\"wp-block-paragraph\">1933.- Liliana Cavani, directora de cine italiana.<\/p>\n\n\n\n<p class=\"wp-block-paragraph\">1939.- Josep Mar\u00eda Flotats, actor y director teatral espa\u00f1ol.<\/p>\n\n\n\n<p class=\"wp-block-paragraph\">1949.- Haruki Murakami, escritor japon\u00e9s.<\/p>\n\n\n\n<p class=\"wp-block-paragraph\">1964.- Jeff Bezos, empresario estadounidense, fundador de Amazon.<\/p>\n\n\n\n<p class=\"wp-block-paragraph\">1966.- Olivier Martinez, actor franc\u00e9s.<\/p>\n\n\n\n<p class=\"wp-block-paragraph\">1969.- Robert Prosinecki, futbolista croata.<\/p>\n\n\n\n<p class=\"wp-block-paragraph\">1972.- Quique Dacosta, cocinero espa\u00f1ol.<\/p>\n\n\n\n<p class=\"wp-block-paragraph\">1993.- Zayn Malik, cantante brit\u00e1nico.<\/p>\n\n\n\n<p class=\"wp-block-paragraph\">1995.- Nathy Peluso, cantante argentina.<\/p>\n\n\n\n<p class=\"wp-block-paragraph\">1998.- Nathan Gamble, actor estadounidense.<\/p>\n\n\n\n<p class=\"wp-block-paragraph\"><strong>Defunciones<\/strong><\/p>\n\n\n\n<p class=\"wp-block-paragraph\">1963.- Ram\u00f3n G\u00f3mez de la Serna, escritor espa\u00f1ol.<\/p>\n\n\n\n<p class=\"wp-block-paragraph\">1976.- Agatha Christie, escritora brit\u00e1nica de novelas polic\u00edacas.<\/p>\n\n\n\n<p class=\"wp-block-paragraph\">1991.- Vasco Pratolini, escritor italiano.<\/p>\n\n\n\n<p class=\"wp-block-paragraph\">2002.- Cyrus Vance, pol\u00edtico estadounidense.<\/p>\n\n\n\n<p class=\"wp-block-paragraph\">2003.- Leopoldo Galtieri, expresidente de Argentina.<\/p>\n\n\n\n<p class=\"wp-block-paragraph\">2004.- Olga Ladyzhenskaya, matem\u00e1tica rusa.<\/p>\n\n\n\n<p class=\"wp-block-paragraph\">2008.- Angel Gonz\u00e1lez, poeta espa\u00f1ol.<\/p>\n\n\n\n<p class=\"wp-block-paragraph\">2009.- Claude Berri, cineasta franc\u00e9s.<\/p>\n\n\n\n<p class=\"wp-block-paragraph\">2017.- William Peter Blatty, escritor y guionista estadounidense, autor de &#8216;El exorcista&#8217;.<\/p>\n\n\n\n<p class=\"wp-block-paragraph\">2020.- Paulo Gon\u00e7alves, motociclista portugu\u00e9s.<\/p>\n\n\n\n<p class=\"wp-block-paragraph\">2021.- Enrique Pineda Barnet, cineasta cubano.<\/p>\n\n\n\n<p class=\"wp-block-paragraph\">2022.- Ronnie Spector, cantante estadounidense, vocalista del grupo The Ronettes.<\/p>\n\n\n\n<p class=\"wp-block-paragraph\">2023.- Lisa Marie Presley, cantante estadounidense, hija de Elvis Presley.<\/p>\n\n\n\n<p class=\"wp-block-paragraph\"><\/p>\n","protected":false},"excerpt":{"rendered":"<p>Un d\u00eda 12 de enero como hoy, pero de 1988, nacen en Michigan, Estados Unidos, los primeros quintillizos &#8216;probeta&#8217; del mundo. Otras efem\u00e9rides 1807.- Parte de la ciudad de Leiden (Pa\u00edses Bajos) queda destruida por la explosi\u00f3n de un buque cargado de p\u00f3lvora. 1899.- La fragata escuela argentina &#8216;Presidente Sarmiento&#8217; emprende su primer viaje de [&hellip;]<\/p>\n","protected":false},"author":6,"featured_media":76193,"comment_status":"closed","ping_status":"closed","sticky":false,"template":"","format":"standard","meta":{"_acf_changed":false,"_monsterinsights_skip_tracking":false,"slim_seo":{"title":"Efem\u00e9rides 12 de enero | Un d\u00eda como hoy en la historia... - Opini\u00f3n P\u00fablica","description":"Un d\u00eda 12 de enero como hoy, pero de 1988, nacen en Michigan, Estados Unidos, los primeros quintillizos 'probeta' del mundo . Otras efem\u00e9rides 1807.- Parte de l"},"footnotes":""},"categories":[27],"tags":[1849,1850,59],"class_list":["post-76192","post","type-post","status-publish","format-standard","has-post-thumbnail","hentry","category-un-dia-como-hoy","tag-efemerides-12-de-enero","tag-primeros-quintillizos-probeta","tag-un-dia-como-hoy"],"acf":[],"_links":{"self":[{"href":"https:\/\/www.opinionpublica.tv\/portada\/wp-json\/wp\/v2\/posts\/76192","targetHints":{"allow":["GET"]}}],"collection":[{"href":"https:\/\/www.opinionpublica.tv\/portada\/wp-json\/wp\/v2\/posts"}],"about":[{"href":"https:\/\/www.opinionpublica.tv\/portada\/wp-json\/wp\/v2\/types\/post"}],"author":[{"embeddable":true,"href":"https:\/\/www.opinionpublica.tv\/portada\/wp-json\/wp\/v2\/users\/6"}],"replies":[{"embeddable":true,"href":"https:\/\/www.opinionpublica.tv\/portada\/wp-json\/wp\/v2\/comments?post=76192"}],"version-history":[{"count":2,"href":"https:\/\/www.opinionpublica.tv\/portada\/wp-json\/wp\/v2\/posts\/76192\/revisions"}],"predecessor-version":[{"id":76195,"href":"https:\/\/www.opinionpublica.tv\/portada\/wp-json\/wp\/v2\/posts\/76192\/revisions\/76195"}],"wp:featuredmedia":[{"embeddable":true,"href":"https:\/\/www.opinionpublica.tv\/portada\/wp-json\/wp\/v2\/media\/76193"}],"wp:attachment":[{"href":"https:\/\/www.opinionpublica.tv\/portada\/wp-json\/wp\/v2\/media?parent=76192"}],"wp:term":[{"taxonomy":"category","embeddable":true,"href":"https:\/\/www.opinionpublica.tv\/portada\/wp-json\/wp\/v2\/categories?post=76192"},{"taxonomy":"post_tag","embeddable":true,"href":"https:\/\/www.opinionpublica.tv\/portada\/wp-json\/wp\/v2\/tags?post=76192"}],"curies":[{"name":"wp","href":"https:\/\/api.w.org\/{rel}","templated":true}]}}