{"id":76049,"date":"2026-01-09T00:01:00","date_gmt":"2026-01-09T07:01:00","guid":{"rendered":"https:\/\/www.opinionpublica.tv\/portada\/?p=76049"},"modified":"2026-01-07T18:30:44","modified_gmt":"2026-01-08T01:30:44","slug":"efemerides-9-de-enero-un-dia-como-hoy-en-la-historia","status":"publish","type":"post","link":"https:\/\/www.opinionpublica.tv\/portada\/efemerides-9-de-enero-un-dia-como-hoy-en-la-historia\/","title":{"rendered":"Efem\u00e9rides 9 de enero | Un d\u00eda como hoy en la historia&#8230;"},"content":{"rendered":"\n<p class=\"wp-block-paragraph\"><em>Un d\u00eda 9 de enero como hoy, pero de 1999, Google patenta el algoritmo PageRank<\/em>.<\/p>\n\n\n\n<figure class=\"wp-block-image size-full\"><img fetchpriority=\"high\" decoding=\"async\" width=\"504\" height=\"266\" src=\"https:\/\/www.opinionpublica.tv\/portada\/wp-content\/uploads\/2026\/01\/1999-Google-patenta-el-algoritmo-PageRank.png\" alt=\"1999, google patenta el algoritmo pagerank\" class=\"wp-image-76050\" srcset=\"https:\/\/www.opinionpublica.tv\/portada\/wp-content\/uploads\/2026\/01\/1999-Google-patenta-el-algoritmo-PageRank.png 504w, https:\/\/www.opinionpublica.tv\/portada\/wp-content\/uploads\/2026\/01\/1999-Google-patenta-el-algoritmo-PageRank-300x158.png 300w\" sizes=\"(max-width: 504px) 100vw, 504px\" \/><\/figure>\n\n\n\n<p class=\"wp-block-paragraph\"><strong>Otras efem\u00e9rides<\/strong><\/p>\n\n\n\n<p class=\"wp-block-paragraph\">1570.- Llega a Lima una real c\u00e9dula de Felipe II en la que se ordena el establecimiento de la Inquisici\u00f3n en Per\u00fa.<\/p>\n\n\n\n<p class=\"wp-block-paragraph\">1861.- El Estado de Mississippi se separa de la Uni\u00f3n Norteamericana para formar parte de la Confederaci\u00f3n de los Estados del Sur.<\/p>\n\n\n\n<p class=\"wp-block-paragraph\">1872.- Brasil y Paraguay firman la paz.<\/p>\n\n\n\n<p class=\"wp-block-paragraph\">1923.- Primer vuelo del autogiro de Juan de la Cierva en el aer\u00f3dromo de Getafe (Madrid).<\/p>\n\n\n\n<p class=\"wp-block-paragraph\">1928.- El general nicarag\u00fcense Augusto C\u00e9sar Sandino emprende una ofensiva militar contra las tropas estadounidenses y proclama la Rep\u00fablica de Nueva Segovia.<\/p>\n\n\n\n<p class=\"wp-block-paragraph\">1937.- Le\u00f3n Trotsky llega como refugiado a M\u00e9xico, despu\u00e9s de a\u00f1os de exilio en Turqu\u00eda, Francia y Noruega.<\/p>\n\n\n\n<p class=\"wp-block-paragraph\">1939.- Libia es incorporada al territorio de Italia.<\/p>\n\n\n\n<p class=\"wp-block-paragraph\">1959.- Revienta la presa del embalse Vega de Tera y las aguas arrasan el pueblo zamorano de Ribadelago. Mueren 144 personas.<\/p>\n\n\n\n<p class=\"wp-block-paragraph\">1960.- Comienza a construirse en Egipto la presa de Asu\u00e1n.<\/p>\n\n\n\n<p class=\"wp-block-paragraph\">1972.- Reino Unido: huelga de 280.000 mineros.<\/p>\n\n\n\n<p class=\"wp-block-paragraph\">1981.- Francisco Pinto Balsemao, nuevo jefe de Gobierno de Portugal.<\/p>\n\n\n\n<p class=\"wp-block-paragraph\">1983.- Los cancilleres de M\u00e9xico, Venezuela, Panam\u00e1 y Colombia, reunidos en la isla paname\u00f1a de Contadora, constituyen en Grupo Contadora, una plataforma pol\u00edtica para la paz en Centroam\u00e9rica.<\/p>\n\n\n\n<p class=\"wp-block-paragraph\">2005.- El candidato de Al Fatah, Mahmud Abas (Ab\u00fa Mazen), gana las elecciones presidenciales palestinas.<\/p>\n\n\n\n<p class=\"wp-block-paragraph\">2007.- Apple lanza el primer iPhone.<\/p>\n\n\n\n<p class=\"wp-block-paragraph\">2015.- Los presuntos autores del ataque a la revista sat\u00edrica &#8216;Charlie Hebdo&#8217; y el secuestrador en un supermercado jud\u00edo en Par\u00eds son abatidos en dos operaciones policiales. Fallecen cuatro secuestrados.<\/p>\n\n\n\n<p class=\"wp-block-paragraph\">2018.- Las dos Coreas inician su primera reuni\u00f3n en m\u00e1s de dos a\u00f1os.<\/p>\n\n\n\n<p class=\"wp-block-paragraph\">2022.- El opositor venezolano Sergio Garrido gana las elecciones regionales en el Estado de Barinas, cuna de Hugo Ch\u00e1vez, repetidas por orden del Supremo.<\/p>\n\n\n\n<p class=\"wp-block-paragraph\"><strong>Nacimientos<\/strong><\/p>\n\n\n\n<p class=\"wp-block-paragraph\">1858.- Elizabeth Britton, bot\u00e1nica estadounidense.<\/p>\n\n\n\n<p class=\"wp-block-paragraph\">1902.- Jos\u00e9 Mar\u00eda Escriv\u00e1 de Balaguer, sacerdote espa\u00f1ol, fundador de &#8216;Opus Dei&#8217;.<\/p>\n\n\n\n<p class=\"wp-block-paragraph\">1904.- Antonio Garrigues D\u00edaz-Ca\u00f1abate, pol\u00edtico espa\u00f1ol.<\/p>\n\n\n\n<p class=\"wp-block-paragraph\">1908.- Simone de Beauvoir, escritora francesa.<\/p>\n\n\n\n<p class=\"wp-block-paragraph\">1913.- Richard Nixon, expresidente de Estados Unidos.<\/p>\n\n\n\n<p class=\"wp-block-paragraph\">1925.- Lee Van Cleef, actor estadounidense.<\/p>\n\n\n\n<p class=\"wp-block-paragraph\">1927.- Rodolfo Walsh, escritor y periodista argentino asesinado en 1977.<\/p>\n\n\n\n<p class=\"wp-block-paragraph\">1928.- Domenico Modugno, cantante, compositor y pol\u00edtico italiano.<\/p>\n\n\n\n<p class=\"wp-block-paragraph\">1939.- Kiko Arg\u00fcello, fundador del movimiento cat\u00f3lico Camino Neocatecumenal y pintor espa\u00f1ol.<\/p>\n\n\n\n<p class=\"wp-block-paragraph\">1941.- Joan Baez, cantante estadounidense.<\/p>\n\n\n\n<p class=\"wp-block-paragraph\">1951.- Michel Barnier, pol\u00edtico franc\u00e9s.<\/p>\n\n\n\n<p class=\"wp-block-paragraph\">1956.- Imelda Staunton, actriz brit\u00e1nica.<\/p>\n\n\n\n<p class=\"wp-block-paragraph\">1959.- Rigoberta Mench\u00fa, guatemalteca defensora de los derechos humanos. Premio Nobel de la Paz 1992.<\/p>\n\n\n\n<p class=\"wp-block-paragraph\">1961.- Sandra Mayers, atleta espa\u00f1ola.<\/p>\n\n\n\n<p class=\"wp-block-paragraph\">1978.- Gennaro &#8216;Rino&#8217; Gattuso, entrenador de f\u00fatbol italiano.<\/p>\n\n\n\n<p class=\"wp-block-paragraph\">1980.- Sergio Garc\u00eda Fern\u00e1ndez, &#8216;El Ni\u00f1o&#8217;, golfista espa\u00f1ol.<\/p>\n\n\n\n<p class=\"wp-block-paragraph\">1982.- Catalina (Kate) Middleton, duquesa de Cambridge y esposa del pr\u00edncipe Guillermo de Inglaterra.<\/p>\n\n\n\n<p class=\"wp-block-paragraph\">2000.- Teresa Abelleira, futbolista espa\u00f1ola.<\/p>\n\n\n\n<p class=\"wp-block-paragraph\"><strong>Defunciones<\/strong><\/p>\n\n\n\n<p class=\"wp-block-paragraph\">1878.- V\u00edctor Manuel II, rey y fundador del Reino de Italia.<\/p>\n\n\n\n<p class=\"wp-block-paragraph\">1983.- Joaqu\u00edn Garrigues y D\u00edaz-Ca\u00f1abate, jurista espa\u00f1ol.<\/p>\n\n\n\n<p class=\"wp-block-paragraph\">1998.- Kenichi Fukui, japon\u00e9s, Premio Nobel de Qu\u00edmica en 1981.<\/p>\n\n\n\n<p class=\"wp-block-paragraph\">2000.- Bruno Zevi, arquitecto italiano.<\/p>\n\n\n\n<p class=\"wp-block-paragraph\">2004.- Norberto Bobbio, fil\u00f3sofo italiano.<\/p>\n\n\n\n<p class=\"wp-block-paragraph\">2009.- Dave Dee, cantante brit\u00e1nico.<\/p>\n\n\n\n<p class=\"wp-block-paragraph\">2011.- Peter Yates, cineasta brit\u00e1nico.<\/p>\n\n\n\n<p class=\"wp-block-paragraph\">2015.- Frans Molenaar, modisto holand\u00e9s.<\/p>\n\n\n\n<p class=\"wp-block-paragraph\">2017.- Zygmunt Bauman, soci\u00f3logo y fil\u00f3sofo polaco.<\/p>\n\n\n\n<p class=\"wp-block-paragraph\">2019.- Sa\u00fal Ibargoyen, poeta uruguayo.<\/p>\n\n\n\n<p class=\"wp-block-paragraph\">2020.- Ivan Passer, director de cine checo.<\/p>\n","protected":false},"excerpt":{"rendered":"<p>Un d\u00eda 9 de enero como hoy, pero de 1999, Google patenta el algoritmo PageRank. Otras efem\u00e9rides 1570.- Llega a Lima una real c\u00e9dula de Felipe II en la que se ordena el establecimiento de la Inquisici\u00f3n en Per\u00fa. 1861.- El Estado de Mississippi se separa de la Uni\u00f3n Norteamericana para formar parte de la [&hellip;]<\/p>\n","protected":false},"author":6,"featured_media":76050,"comment_status":"closed","ping_status":"closed","sticky":false,"template":"","format":"standard","meta":{"_acf_changed":false,"_monsterinsights_skip_tracking":false,"slim_seo":{"title":"Efem\u00e9rides 9 de enero | Un d\u00eda como hoy en la historia... - Opini\u00f3n P\u00fablica","description":"Un d\u00eda 9 de enero como hoy, pero de 1999, Google patenta el algoritmo PageRank . Otras efem\u00e9rides 1570.- Llega a Lima una real c\u00e9dula de Felipe II en la que se"},"footnotes":""},"categories":[27],"tags":[1821,333,59],"class_list":["post-76049","post","type-post","status-publish","format-standard","has-post-thumbnail","hentry","category-un-dia-como-hoy","tag-efemerides-9-de-enero","tag-google","tag-un-dia-como-hoy"],"acf":[],"_links":{"self":[{"href":"https:\/\/www.opinionpublica.tv\/portada\/wp-json\/wp\/v2\/posts\/76049","targetHints":{"allow":["GET"]}}],"collection":[{"href":"https:\/\/www.opinionpublica.tv\/portada\/wp-json\/wp\/v2\/posts"}],"about":[{"href":"https:\/\/www.opinionpublica.tv\/portada\/wp-json\/wp\/v2\/types\/post"}],"author":[{"embeddable":true,"href":"https:\/\/www.opinionpublica.tv\/portada\/wp-json\/wp\/v2\/users\/6"}],"replies":[{"embeddable":true,"href":"https:\/\/www.opinionpublica.tv\/portada\/wp-json\/wp\/v2\/comments?post=76049"}],"version-history":[{"count":1,"href":"https:\/\/www.opinionpublica.tv\/portada\/wp-json\/wp\/v2\/posts\/76049\/revisions"}],"predecessor-version":[{"id":76051,"href":"https:\/\/www.opinionpublica.tv\/portada\/wp-json\/wp\/v2\/posts\/76049\/revisions\/76051"}],"wp:featuredmedia":[{"embeddable":true,"href":"https:\/\/www.opinionpublica.tv\/portada\/wp-json\/wp\/v2\/media\/76050"}],"wp:attachment":[{"href":"https:\/\/www.opinionpublica.tv\/portada\/wp-json\/wp\/v2\/media?parent=76049"}],"wp:term":[{"taxonomy":"category","embeddable":true,"href":"https:\/\/www.opinionpublica.tv\/portada\/wp-json\/wp\/v2\/categories?post=76049"},{"taxonomy":"post_tag","embeddable":true,"href":"https:\/\/www.opinionpublica.tv\/portada\/wp-json\/wp\/v2\/tags?post=76049"}],"curies":[{"name":"wp","href":"https:\/\/api.w.org\/{rel}","templated":true}]}}