{"id":76007,"date":"2026-01-07T00:01:00","date_gmt":"2026-01-07T07:01:00","guid":{"rendered":"https:\/\/www.opinionpublica.tv\/portada\/?p=76007"},"modified":"2026-01-06T16:57:33","modified_gmt":"2026-01-06T23:57:33","slug":"alcalde-cruz-perez-cuellar-parte-la-mega-rosca-de-reyes-magos-en-el-parque-dif","status":"publish","type":"post","link":"https:\/\/www.opinionpublica.tv\/portada\/alcalde-cruz-perez-cuellar-parte-la-mega-rosca-de-reyes-magos-en-el-parque-dif\/","title":{"rendered":"P\u00e9rez Cu\u00e9llar parte la mega rosca de Reyes y concluye Villa Navide\u00f1a del parque DIF"},"content":{"rendered":"\n<figure class=\"wp-block-image size-large\"><img fetchpriority=\"high\" decoding=\"async\" width=\"1024\" height=\"683\" src=\"https:\/\/www.opinionpublica.tv\/portada\/wp-content\/uploads\/2026\/01\/Perez-Cuellar-parte-mega-rosca-de-Reyes-y-concluye-Villa-Navidena-del-parque-DIF-1024x683.jpeg\" alt=\"Pe\u0301rez cue\u0301llar parte mega rosca de reyes y concluye villa naviden\u0303a del parque dif\" class=\"wp-image-76015\" srcset=\"https:\/\/www.opinionpublica.tv\/portada\/wp-content\/uploads\/2026\/01\/Perez-Cuellar-parte-mega-rosca-de-Reyes-y-concluye-Villa-Navidena-del-parque-DIF-1024x683.jpeg 1024w, https:\/\/www.opinionpublica.tv\/portada\/wp-content\/uploads\/2026\/01\/Perez-Cuellar-parte-mega-rosca-de-Reyes-y-concluye-Villa-Navidena-del-parque-DIF-300x200.jpeg 300w, https:\/\/www.opinionpublica.tv\/portada\/wp-content\/uploads\/2026\/01\/Perez-Cuellar-parte-mega-rosca-de-Reyes-y-concluye-Villa-Navidena-del-parque-DIF-768x512.jpeg 768w, https:\/\/www.opinionpublica.tv\/portada\/wp-content\/uploads\/2026\/01\/Perez-Cuellar-parte-mega-rosca-de-Reyes-y-concluye-Villa-Navidena-del-parque-DIF.jpeg 1280w\" sizes=\"(max-width: 1024px) 100vw, 1024px\" \/><\/figure>\n\n\n\n<p class=\"wp-block-paragraph\"><em>Ciudad Ju\u00e1rez, Chih<\/em>.- Cientos de familias juarenses acudieron al parque DIF para partir la rosca gigante de 300 metros por el D\u00eda de los Reyes Magos.<\/p>\n\n\n\n<p class=\"wp-block-paragraph\">El evento lo encabezaron el presidente municipal, Cruz P\u00e9rez Cu\u00e9llar y su esposa, la presidenta del Sistema para el Desarrollo Integral de la Familia del Municipio (DIF), Rub\u00ed Enr\u00edquez, acompa\u00f1ados por su hija Regina.<\/p>\n\n\n\n<p class=\"wp-block-paragraph\">\u201cEstas son dos grandes tradiciones, la rosca y el Santa Bombero, en donde varios empresarios nos donaron bicicletas para regalarlas\u201d, indic\u00f3 el alcalde, quien les dese\u00f3 a los presentes un feliz a\u00f1o nuevo.<\/p>\n\n\n\n<p class=\"wp-block-paragraph\">Directores de las dependencias municipales y regidores se unieron para repartir la rosca a todos los presentes.<\/p>\n\n\n\n<p class=\"wp-block-paragraph\">Los asistentes disfrutaron del alimento, as\u00ed como diferentes espect\u00e1culos y regalos como bicicletas y triciclos para los ni\u00f1os y ni\u00f1as.<\/p>\n\n\n\n<p class=\"wp-block-paragraph\">Como parte del evento, se obsequiaron 250 bicicletas a los ni\u00f1os y ni\u00f1as que asistieron, adem\u00e1s de patinetas.<\/p>\n\n\n\n<p class=\"wp-block-paragraph\">A los que les sali\u00f3 dentro de la rosca una torre, el alcalde y la presidenta del DIF les dieron un regalo.<\/p>\n\n\n\n<p class=\"wp-block-paragraph\">La villa navide\u00f1a del Parque DIF \u201cNavidad a lo Mexa\u201d, cerr\u00f3 sus puertas este martes a las 10:00 de la noche, luego de recibir a miles de visitantes durante la temporada navide\u00f1a.<\/p>\n","protected":false},"excerpt":{"rendered":"<p>Ciudad Ju\u00e1rez, Chih.- Cientos de familias juarenses acudieron al parque DIF para partir la rosca gigante de 300 metros por el D\u00eda de los Reyes Magos. El evento lo encabezaron el presidente municipal, Cruz P\u00e9rez Cu\u00e9llar y su esposa, la presidenta del Sistema para el Desarrollo Integral de la Familia del Municipio (DIF), Rub\u00ed Enr\u00edquez, [&hellip;]<\/p>\n","protected":false},"author":6,"featured_media":76015,"comment_status":"closed","ping_status":"closed","sticky":false,"template":"","format":"standard","meta":{"_acf_changed":false,"_monsterinsights_skip_tracking":false,"slim_seo":{"title":"P\u00e9rez Cu\u00e9llar parte la mega rosca de Reyes y concluye Villa Navide\u00f1a del parque DIF - Opini\u00f3n P\u00fablica","description":"Ciudad Ju\u00e1rez, Chih .- Cientos de familias juarenses acudieron al parque DIF para partir la rosca gigante de 300 metros por el D\u00eda de los Reyes Magos. El evento"},"footnotes":""},"categories":[41],"tags":[608,753,1370,903],"class_list":["post-76007","post","type-post","status-publish","format-standard","has-post-thumbnail","hentry","category-juarez","tag-ciudad-juarez","tag-cruz-perez-cuellar","tag-dif-municipal","tag-rosca-de-reyes"],"acf":[],"_links":{"self":[{"href":"https:\/\/www.opinionpublica.tv\/portada\/wp-json\/wp\/v2\/posts\/76007","targetHints":{"allow":["GET"]}}],"collection":[{"href":"https:\/\/www.opinionpublica.tv\/portada\/wp-json\/wp\/v2\/posts"}],"about":[{"href":"https:\/\/www.opinionpublica.tv\/portada\/wp-json\/wp\/v2\/types\/post"}],"author":[{"embeddable":true,"href":"https:\/\/www.opinionpublica.tv\/portada\/wp-json\/wp\/v2\/users\/6"}],"replies":[{"embeddable":true,"href":"https:\/\/www.opinionpublica.tv\/portada\/wp-json\/wp\/v2\/comments?post=76007"}],"version-history":[{"count":7,"href":"https:\/\/www.opinionpublica.tv\/portada\/wp-json\/wp\/v2\/posts\/76007\/revisions"}],"predecessor-version":[{"id":76017,"href":"https:\/\/www.opinionpublica.tv\/portada\/wp-json\/wp\/v2\/posts\/76007\/revisions\/76017"}],"wp:featuredmedia":[{"embeddable":true,"href":"https:\/\/www.opinionpublica.tv\/portada\/wp-json\/wp\/v2\/media\/76015"}],"wp:attachment":[{"href":"https:\/\/www.opinionpublica.tv\/portada\/wp-json\/wp\/v2\/media?parent=76007"}],"wp:term":[{"taxonomy":"category","embeddable":true,"href":"https:\/\/www.opinionpublica.tv\/portada\/wp-json\/wp\/v2\/categories?post=76007"},{"taxonomy":"post_tag","embeddable":true,"href":"https:\/\/www.opinionpublica.tv\/portada\/wp-json\/wp\/v2\/tags?post=76007"}],"curies":[{"name":"wp","href":"https:\/\/api.w.org\/{rel}","templated":true}]}}