{"id":75999,"date":"2026-01-07T00:01:00","date_gmt":"2026-01-07T07:01:00","guid":{"rendered":"https:\/\/www.opinionpublica.tv\/portada\/?p=75999"},"modified":"2026-01-06T16:42:27","modified_gmt":"2026-01-06T23:42:27","slug":"cuesta-de-enero-impacta-en-6-de-cada-10-personas-en-mexico-encuesta-gasto-en-cenas-y-regalos-de-fin-de-ano-principal-factor","status":"publish","type":"post","link":"https:\/\/www.opinionpublica.tv\/portada\/cuesta-de-enero-impacta-en-6-de-cada-10-personas-en-mexico-encuesta-gasto-en-cenas-y-regalos-de-fin-de-ano-principal-factor\/","title":{"rendered":"La &#8216;cuesta de enero&#8217; impacta en seis de cada 10 personas en M\u00e9xico: encuesta"},"content":{"rendered":"\n<figure class=\"wp-block-image size-full\"><img fetchpriority=\"high\" decoding=\"async\" width=\"1006\" height=\"620\" src=\"https:\/\/www.opinionpublica.tv\/portada\/wp-content\/uploads\/2026\/01\/La-cuesta-de-enero-impacta-en-seis-de-cada-10-personas-en-Mexico-encuesta.avif\" alt=\"La 'cuesta de enero' impacta en seis de cada 10 personas en me\u0301xico encuesta\" class=\"wp-image-76004\" srcset=\"https:\/\/www.opinionpublica.tv\/portada\/wp-content\/uploads\/2026\/01\/La-cuesta-de-enero-impacta-en-seis-de-cada-10-personas-en-Mexico-encuesta.avif 1006w, https:\/\/www.opinionpublica.tv\/portada\/wp-content\/uploads\/2026\/01\/La-cuesta-de-enero-impacta-en-seis-de-cada-10-personas-en-Mexico-encuesta-300x185.avif 300w, https:\/\/www.opinionpublica.tv\/portada\/wp-content\/uploads\/2026\/01\/La-cuesta-de-enero-impacta-en-seis-de-cada-10-personas-en-Mexico-encuesta-768x473.avif 768w\" sizes=\"(max-width: 1006px) 100vw, 1006px\" \/><\/figure>\n\n\n\n<p class=\"wp-block-paragraph\"><em>Ciudad de M\u00e9xico<\/em>.- La cuesta de enero sigue siendo un golpe directo al bolsillo de los hogares mexicanos.<\/p>\n\n\n\n<p class=\"wp-block-paragraph\">En el arranque de 2026, seis de cada 10 personas atribuyen la presi\u00f3n econ\u00f3mica de inicio de a\u00f1o a los gastos realizados en diciembre, principalmente en regalos y cenas de fin de a\u00f1o, de acuerdo con una encuesta de Research Land.<\/p>\n\n\n\n<p class=\"wp-block-paragraph\">El sondeo muestra que, adem\u00e1s del gasto decembrino, la cuesta de enero tambi\u00e9n est\u00e1 asociada a una mala administraci\u00f3n del aguinaldo o bonos, factor se\u00f1alado por 19% de los encuestados.<\/p>\n\n\n\n<p class=\"wp-block-paragraph\">Otro 13% indic\u00f3 no haber recibido esta prestaci\u00f3n o haberla percibido en menor proporci\u00f3n que en a\u00f1os anteriores, mientras que 8% apunt\u00f3 a las compras realizadas durante El Buen Fin como una de las causas del desajuste financiero.<\/p>\n\n\n\n<p class=\"wp-block-paragraph\">Para la firma de investigaci\u00f3n de mercados de Grupo UPAX estos resultados confirman que la cuesta de enero no es solo una percepci\u00f3n cultural, sino un fen\u00f3meno econ\u00f3mico recurrente que impacta de manera directa en la estabilidad financiera de los hogares.<\/p>\n\n\n\n<p class=\"wp-block-paragraph\">\u201cEstos resultados reflejan una tensi\u00f3n estructural entre ingresos, h\u00e1bitos y precios. La cuesta de enero ocurre en un momento en el que los hogares llegan a diciembre con m\u00e1rgenes financieros muy reducidos y enfrentan un arranque de a\u00f1o con precios que no regresan a niveles previos, especialmente en alimentos, transporte y servicios\u201d, explic\u00f3 Pablo Levy, Director General de Research Land.<\/p>\n\n\n\n<p class=\"wp-block-paragraph\">El entorno macroecon\u00f3mico tambi\u00e9n pesa en la percepci\u00f3n de los consumidores. El Banco de M\u00e9xico estim\u00f3 que la inflaci\u00f3n para el primer trimestre del a\u00f1o se ubicar\u00e1 entre 3.5 y 3.7%. Sin embargo, los incrementos acumulados en productos b\u00e1sicos hacen que una parte relevante de la poblaci\u00f3n perciba que su dinero rinde menos al iniciar el a\u00f1o.<\/p>\n\n\n\n<p class=\"wp-block-paragraph\">Esta sensaci\u00f3n se refleja en las respuestas del sondeo. El 41% de los participantes reconoci\u00f3 haber gastado m\u00e1s de lo que deb\u00eda; 24% se\u00f1al\u00f3 que el aumento de precios por inflaci\u00f3n fue el principal factor que afect\u00f3 su presupuesto; el 19% atribuy\u00f3 la presi\u00f3n a una combinaci\u00f3n de gasto excesivo y encarecimiento de productos, y el 16% dijo que ya arrastraba deudas desde antes de diciembre.<\/p>\n\n\n\n<p class=\"wp-block-paragraph\">\u201cSi bien la inflaci\u00f3n promedio puede dar se\u00f1ales de estabilidad, el consumidor no compra promedios; compra alimentos, paga transporte y servicios que siguen siendo m\u00e1s caros que hace dos o tres a\u00f1os. Eso genera una sensaci\u00f3n de ahogo financiero que se manifiesta con mayor fuerza despu\u00e9s de un periodo de alto consumo como diciembre\u201d, agreg\u00f3 Levy.<\/p>\n\n\n\n<p class=\"wp-block-paragraph\">Planeaci\u00f3n financiera<\/p>\n\n\n\n<p class=\"wp-block-paragraph\">En materia de planeaci\u00f3n financiera, los resultados son mixtos. El 38% de los encuestados afirm\u00f3 haber hecho un plan que s\u00ed le funcion\u00f3, mientras que el 32% no realiz\u00f3 ninguna planeaci\u00f3n y fue gastando conforme surgieron las necesidades. Otro 20% dise\u00f1\u00f3 un programa, pero no lo sigui\u00f3 del todo, y el 10% reconoci\u00f3 no haber respetado sus objetivos o haber recurrido al cr\u00e9dito como principal herramienta para enfrentar los gastos.<\/p>\n\n\n\n<p class=\"wp-block-paragraph\">La presi\u00f3n econ\u00f3mica tampoco se disipa de inmediato. Aunque el 49% considera que sus dificultades financieras se concentran \u00fanicamente en enero, uno de cada cuatro anticipa que se extender\u00e1n hasta febrero o incluso marzo, y 15% prev\u00e9 que al menos llegar\u00e1n a la primera quincena de febrero.<\/p>\n\n\n\n<p class=\"wp-block-paragraph\">Sobre el papel de las autoridades y las instituciones financieras, la opini\u00f3n est\u00e1 dividida. El 44% considera que la cuesta de enero es principalmente una responsabilidad individual; no obstante, tambi\u00e9n existe una expectativa de acciones estructurales, como un mayor control de precios en productos b\u00e1sicos con 24%, el fortalecimiento de la educaci\u00f3n financiera con 17% y mejores condiciones crediticias en periodos de alta presi\u00f3n econ\u00f3mica con 15%.<\/p>\n\n\n\n<p class=\"wp-block-paragraph\">\u201cEste fen\u00f3meno no se resuelve \u00fanicamente con disciplina individual. Los datos muestran que hay una demanda social por m\u00e1s informaci\u00f3n y educaci\u00f3n financiera, as\u00ed como por condiciones econ\u00f3micas que no castiguen de forma desproporcionada a los hogares al inicio del a\u00f1o\u201d, concluy\u00f3 Levy.<\/p>\n\n\n\n<p class=\"wp-block-paragraph\"><em>Con informaci\u00f3n de El Universal<\/em>.<\/p>\n","protected":false},"excerpt":{"rendered":"<p>Ciudad de M\u00e9xico.- La cuesta de enero sigue siendo un golpe directo al bolsillo de los hogares mexicanos. En el arranque de 2026, seis de cada 10 personas atribuyen la presi\u00f3n econ\u00f3mica de inicio de a\u00f1o a los gastos realizados en diciembre, principalmente en regalos y cenas de fin de a\u00f1o, de acuerdo con una [&hellip;]<\/p>\n","protected":false},"author":6,"featured_media":76004,"comment_status":"closed","ping_status":"closed","sticky":false,"template":"","format":"standard","meta":{"_acf_changed":false,"_monsterinsights_skip_tracking":false,"slim_seo":{"title":"La 'cuesta de enero' impacta en seis de cada 10 personas en M\u00e9xico: encuesta - Opini\u00f3n P\u00fablica","description":"Ciudad de M\u00e9xico .- La cuesta de enero sigue siendo un golpe directo al bolsillo de los hogares mexicanos. En el arranque de 2026, seis de cada 10 personas atri"},"footnotes":""},"categories":[3],"tags":[1807,374,1238],"class_list":["post-75999","post","type-post","status-publish","format-standard","has-post-thumbnail","hentry","category-principal","tag-cuesta-de-enero","tag-economia-mexicana","tag-mexicanos"],"acf":[],"_links":{"self":[{"href":"https:\/\/www.opinionpublica.tv\/portada\/wp-json\/wp\/v2\/posts\/75999","targetHints":{"allow":["GET"]}}],"collection":[{"href":"https:\/\/www.opinionpublica.tv\/portada\/wp-json\/wp\/v2\/posts"}],"about":[{"href":"https:\/\/www.opinionpublica.tv\/portada\/wp-json\/wp\/v2\/types\/post"}],"author":[{"embeddable":true,"href":"https:\/\/www.opinionpublica.tv\/portada\/wp-json\/wp\/v2\/users\/6"}],"replies":[{"embeddable":true,"href":"https:\/\/www.opinionpublica.tv\/portada\/wp-json\/wp\/v2\/comments?post=75999"}],"version-history":[{"count":4,"href":"https:\/\/www.opinionpublica.tv\/portada\/wp-json\/wp\/v2\/posts\/75999\/revisions"}],"predecessor-version":[{"id":76006,"href":"https:\/\/www.opinionpublica.tv\/portada\/wp-json\/wp\/v2\/posts\/75999\/revisions\/76006"}],"wp:featuredmedia":[{"embeddable":true,"href":"https:\/\/www.opinionpublica.tv\/portada\/wp-json\/wp\/v2\/media\/76004"}],"wp:attachment":[{"href":"https:\/\/www.opinionpublica.tv\/portada\/wp-json\/wp\/v2\/media?parent=75999"}],"wp:term":[{"taxonomy":"category","embeddable":true,"href":"https:\/\/www.opinionpublica.tv\/portada\/wp-json\/wp\/v2\/categories?post=75999"},{"taxonomy":"post_tag","embeddable":true,"href":"https:\/\/www.opinionpublica.tv\/portada\/wp-json\/wp\/v2\/tags?post=75999"}],"curies":[{"name":"wp","href":"https:\/\/api.w.org\/{rel}","templated":true}]}}