{"id":75971,"date":"2026-01-08T00:01:00","date_gmt":"2026-01-08T07:01:00","guid":{"rendered":"https:\/\/www.opinionpublica.tv\/portada\/?p=75971"},"modified":"2026-01-06T15:11:44","modified_gmt":"2026-01-06T22:11:44","slug":"efemerides-8-de-enero-un-dia-como-hoy-en-la-historia","status":"publish","type":"post","link":"https:\/\/www.opinionpublica.tv\/portada\/efemerides-8-de-enero-un-dia-como-hoy-en-la-historia\/","title":{"rendered":"Efem\u00e9rides 8 de enero | Un d\u00eda como hoy en la historia&#8230;"},"content":{"rendered":"\n<p class=\"wp-block-paragraph\"><em>Un d\u00eda 8 de enero como hoy, pero de 2016, detienen de nuevo en M\u00e9xico al narcotraficante Joaqu\u00edn &#8216;el Chapo&#8217; Guzm\u00e1n, seis meses despu\u00e9s de su segunda fuga de prisi\u00f3n<\/em>.<\/p>\n\n\n\n<figure class=\"wp-block-image size-full\"><img fetchpriority=\"high\" decoding=\"async\" width=\"640\" height=\"360\" src=\"https:\/\/www.opinionpublica.tv\/portada\/wp-content\/uploads\/2026\/01\/2016-detienen-de-nuevo-en-Mexico-al-narcotraficante-Joaquin-el-Chapo-Guzman.jpg\" alt=\"2016, detienen de nuevo en me\u0301xico al narcotraficante joaqui\u0301n 'el chapo' guzma\u0301n\" class=\"wp-image-75972\" srcset=\"https:\/\/www.opinionpublica.tv\/portada\/wp-content\/uploads\/2026\/01\/2016-detienen-de-nuevo-en-Mexico-al-narcotraficante-Joaquin-el-Chapo-Guzman.jpg 640w, https:\/\/www.opinionpublica.tv\/portada\/wp-content\/uploads\/2026\/01\/2016-detienen-de-nuevo-en-Mexico-al-narcotraficante-Joaquin-el-Chapo-Guzman-300x169.jpg 300w\" sizes=\"(max-width: 640px) 100vw, 640px\" \/><\/figure>\n\n\n\n<p class=\"wp-block-paragraph\"><strong>Otras efem\u00e9rides<\/strong><\/p>\n\n\n\n<p class=\"wp-block-paragraph\">1918.- El presidente estadounidense Woodrow Willson presenta los llamados &#8217;14 puntos de Willson&#8217;, una declaraci\u00f3n de principios para alcanzar la paz tras el fin de la I Guerra Mundial. Entre ellos, planteaba el libre comercio, el fin de la diplomacia secreta y la creaci\u00f3n de una Sociedad de Naciones.<\/p>\n\n\n\n<p class=\"wp-block-paragraph\">1926.- Ibn Saud es proclamado rey de la regi\u00f3n de Hejad, posteriormente incorporada a Arabia Saud\u00ed.<\/p>\n\n\n\n<p class=\"wp-block-paragraph\">1933.- Anarquistas y comunistas protagonizan sangrientos disturbios en Madrid, Barcelona, Valencia y L\u00e9rida. Dura represi\u00f3n.<\/p>\n\n\n\n<p class=\"wp-block-paragraph\">1937.- El Congreso de EEUU establece el embargo de armas destinadas a las partes enfrentadas en la Guerra Civil espa\u00f1ola.<\/p>\n\n\n\n<p class=\"wp-block-paragraph\">1959.- Fidel Castro, al frente de sus tropas, entra triunfante en La Habana.<\/p>\n\n\n\n<p class=\"wp-block-paragraph\">1959.- Charles De Gaulle se convierte en presidente de la V Rep\u00fablica francesa.<\/p>\n\n\n\n<p class=\"wp-block-paragraph\">1979.- Mueren 50 personas al explotar el petrolero franc\u00e9s &#8216;Betelgeuse&#8217; en aguas irlandesas.<\/p>\n\n\n\n<p class=\"wp-block-paragraph\">1982.- Por primera vez en la historia del Principado de Andorra es elegido un presidente de Gobierno: Oscar Ribas Roig.<\/p>\n\n\n\n<p class=\"wp-block-paragraph\">1986.- Creaci\u00f3n de la Academia de Artes y Ciencias Cinematogr\u00e1ficas de Espa\u00f1a.<\/p>\n\n\n\n<p class=\"wp-block-paragraph\">1996.- Mas de 300 muertos al estrellarse un avi\u00f3n de carga Ant\u00f3nov en un c\u00e9ntrico mercado de Kinshasa (Zaire).<\/p>\n\n\n\n<p class=\"wp-block-paragraph\">1997.- ETA asesina al teniente coronel Jes\u00fas Cuesta en Madrid.<\/p>\n\n\n\n<p class=\"wp-block-paragraph\">2001.- Entra en vigor en Espa\u00f1a la nueva Ley de Enjuiciamiento Civil (LEC).<\/p>\n\n\n\n<p class=\"wp-block-paragraph\">2003.- Un avi\u00f3n de las L\u00edneas A\u00e9reas Turcas se estrella al aterrizar en Diyarbakir (Turqu\u00eda). Mueren 75 de los 80 pasajeros.<\/p>\n\n\n\n<p class=\"wp-block-paragraph\">2004.- La reina Isabel II bautiza en Southampton el &#8216;Queen Mary 2&#8217;, el mayor barco de pasajeros del mundo.<\/p>\n\n\n\n<p class=\"wp-block-paragraph\">2007.- Bielorrusia corta el suministro de petr\u00f3leo ruso a Polonia, Alemania y Ucrania, que no se restablece hasta tres d\u00edas despu\u00e9s.<\/p>\n\n\n\n<p class=\"wp-block-paragraph\">2011.- La congresista estadounidense Gabrielle Giffords resulta herida por un balazo en la cabeza en Tucson, Arizona. En el tiroteo mueren seis personas.<\/p>\n\n\n\n<p class=\"wp-block-paragraph\">2015.- La milicia islamista Boko Haram mata a cientos de personas en el noreste de Nigeria.<\/p>\n\n\n\n<p class=\"wp-block-paragraph\">2017.- El musical &#8216;La La Land&#8217; hace historia en los Globos de Oro al convertirse en la pel\u00edcula con el mayor n\u00famero de premios obtenidos, un total de siete, todos a los que aspiraba.<\/p>\n\n\n\n<p class=\"wp-block-paragraph\">2018.- El Grupo Zeta anuncia que dejar\u00e1 de publicar las revistas Intervi\u00fa y Tiempo.<\/p>\n\n\n\n<p class=\"wp-block-paragraph\">2020.- Mueren los 176 ocupantes de un avi\u00f3n ucraniano derribado por error por un misil iran\u00ed cerca de Teher\u00e1n.<\/p>\n\n\n\n<p class=\"wp-block-paragraph\">2020.- Los duques de Sussex, Enrique y Meghan, dejan sus funciones como miembros de la familia real brit\u00e1nica.<\/p>\n\n\n\n<p class=\"wp-block-paragraph\">2021.- La borrasca Filomena paraliza gran parte de Espa\u00f1a. Afecta especialmente al centro y este peninsular, incluida la ciudad de Madrid, que, entre los d\u00edas 8 y 9, registra una nevada hist\u00f3rica.<\/p>\n\n\n\n<p class=\"wp-block-paragraph\">2023.- Seguidores radicales del exmandatario brasile\u00f1o Jair Bolsonaro invaden las sedes de la Presidencia, el Parlamento y la Corte Suprema.<\/p>\n\n\n\n<p class=\"wp-block-paragraph\">2023.- China reabre sus fronteras tras casi tres a\u00f1os de estricta pol\u00edtica de &#8216;cero covid&#8217;.<\/p>\n\n\n\n<p class=\"wp-block-paragraph\"><strong>Nacimientos<\/strong><\/p>\n\n\n\n<p class=\"wp-block-paragraph\">1867.- Emily Greene Balch, acad\u00e9mica y escritora estadounidense, ganadora del Nobel de la Paz en 1946.<\/p>\n\n\n\n<p class=\"wp-block-paragraph\">1870.- Miguel Primo de Rivera, general que gobern\u00f3 Espa\u00f1a dictatorialmente entre 1923 y 1930.<\/p>\n\n\n\n<p class=\"wp-block-paragraph\">1897.- Dennis Wheatley, escritor ingl\u00e9s.<\/p>\n\n\n\n<p class=\"wp-block-paragraph\">1912.- Jos\u00e9 Ferrer, actor y director puertorrique\u00f1o de cine.<\/p>\n\n\n\n<p class=\"wp-block-paragraph\">1921.- Leonardo Sciascia, escritor pol\u00edtico italiano.<\/p>\n\n\n\n<p class=\"wp-block-paragraph\">1933.- Juan Mars\u00e9, escritor espa\u00f1ol.<\/p>\n\n\n\n<p class=\"wp-block-paragraph\">1934.- Jacques Anquetil, campe\u00f3n ciclista franc\u00e9s.<\/p>\n\n\n\n<p class=\"wp-block-paragraph\">1935.- Elvis Presley, cantante estadounidense.<\/p>\n\n\n\n<p class=\"wp-block-paragraph\">1939.- Carolina Pacanins, conocida como Carolina Herrera, dise\u00f1adora de moda venezolana nacionalizada estadounidense.<\/p>\n\n\n\n<p class=\"wp-block-paragraph\">1942.- Stephen Hawking, cient\u00edfico brit\u00e1nico.<\/p>\n\n\n\n<p class=\"wp-block-paragraph\">1942.- Junichiro Koizumi, ex primer ministro japon\u00e9s.<\/p>\n\n\n\n<p class=\"wp-block-paragraph\">1947.- David Bowie, cantante, compositor y actor brit\u00e1nico.<\/p>\n\n\n\n<p class=\"wp-block-paragraph\">1947.- Jos\u00e9 Antonio Mart\u00ednez Soler, periodista espa\u00f1ol.<\/p>\n\n\n\n<p class=\"wp-block-paragraph\">1952.- Rafael Rull\u00e1n, ex jugador de baloncesto espa\u00f1ol.<\/p>\n\n\n\n<p class=\"wp-block-paragraph\">1957.- Nacho Duato, bailar\u00edn y core\u00f3grafo espa\u00f1ol.<\/p>\n\n\n\n<p class=\"wp-block-paragraph\">1958.- Nacho Solozabal, ex jugador de baloncesto espa\u00f1ol.<\/p>\n\n\n\n<p class=\"wp-block-paragraph\">1961.- Javier Imbroda, entrenador de baloncesto y pol\u00edtico espa\u00f1ol.<\/p>\n\n\n\n<p class=\"wp-block-paragraph\">1979.- Sarah Polley, actriz canadiense.<\/p>\n\n\n\n<p class=\"wp-block-paragraph\">1979.- David Civera, cantante espa\u00f1ol.<\/p>\n\n\n\n<p class=\"wp-block-paragraph\">1984.- Kim Jong-un, l\u00edder de Corea del Norte.<\/p>\n\n\n\n<p class=\"wp-block-paragraph\">1986.- David Silva, futbolista espa\u00f1ol.<\/p>\n\n\n\n<p class=\"wp-block-paragraph\">2000.- Noah Cyrus, actriz y cantante estadounidense.<\/p>\n\n\n\n<p class=\"wp-block-paragraph\"><strong>Defunciones<\/strong><\/p>\n\n\n\n<p class=\"wp-block-paragraph\">1642.- Galileo Galilei, matem\u00e1tico, f\u00edsico, astr\u00f3nomo e inventor italiano.<\/p>\n\n\n\n<p class=\"wp-block-paragraph\">1879.- Baldomero Espartero, general y pol\u00edtico espa\u00f1ol, regente y presidente de gobierno.<\/p>\n\n\n\n<p class=\"wp-block-paragraph\">1896.- Paul Verlaine, poeta franc\u00e9s, creador del simbolismo.<\/p>\n\n\n\n<p class=\"wp-block-paragraph\">1941.- Robert Baden Powell, general brit\u00e1nico, fundador de los &#8216;boy-scouts&#8217;.<\/p>\n\n\n\n<p class=\"wp-block-paragraph\">1976.- Chu En-Lai, ex primer ministro chino.<\/p>\n\n\n\n<p class=\"wp-block-paragraph\">1990.- Jaime Gil de Biedma, poeta espa\u00f1ol.<\/p>\n\n\n\n<p class=\"wp-block-paragraph\">1992.- Miguel Roca Cabanellas, te\u00f3logo y arzobispo espa\u00f1ol.<\/p>\n\n\n\n<p class=\"wp-block-paragraph\">1995.- Carlos Monz\u00f3n, boxeador argentino.<\/p>\n\n\n\n<p class=\"wp-block-paragraph\">1996.- Francois Mitterrand, expresidente de Francia.<\/p>\n\n\n\n<p class=\"wp-block-paragraph\">1996.- Carmen Conde, escritora, primera mujer que ingres\u00f3 en la Real Academia Espa\u00f1ola.<\/p>\n\n\n\n<p class=\"wp-block-paragraph\">1997.- Melvin Calvin, cient\u00edfico estadounidense, Premio Nobel de Qu\u00edmica 1961.<\/p>\n\n\n\n<p class=\"wp-block-paragraph\">2002.- Alexandr Pr\u00f3jorov, f\u00edsico ruso, Premio Nobel y uno de los &#8216;padres&#8217; del l\u00e1ser.<\/p>\n\n\n\n<p class=\"wp-block-paragraph\">2006.- Tom\u00e1s Ch\u00e1varri, diplom\u00e1tico espa\u00f1ol.<\/p>\n\n\n\n<p class=\"wp-block-paragraph\">2006.- Mimmo Rotella, maestro del &#8216;pop art&#8217; italiano.<\/p>\n\n\n\n<p class=\"wp-block-paragraph\">2007.- Iwao Takamoto, dibujante estadounidense de origen japon\u00e9s.<\/p>\n\n\n\n<p class=\"wp-block-paragraph\">2007.- Yvonne De Carlo, actriz canadiense nacionalizada estadounidense.<\/p>\n\n\n\n<p class=\"wp-block-paragraph\">2009.- Gaston Lenotre, cocinero franc\u00e9s.<\/p>\n\n\n\n<p class=\"wp-block-paragraph\">2011.- Angel Pedraza, futbolista y entrenador espa\u00f1ol.<\/p>\n\n\n\n<p class=\"wp-block-paragraph\">2012.- Alexis Weissenberg, pianista franc\u00e9s de origen b\u00falgaro.<\/p>\n\n\n\n<p class=\"wp-block-paragraph\">2013.- Manuel Mota, dise\u00f1ador de moda espa\u00f1ol.<\/p>\n\n\n\n<p class=\"wp-block-paragraph\">2015.- Andra\u00e9 Crouch, cantante de gospel estadounidense.<\/p>\n\n\n\n<p class=\"wp-block-paragraph\">2015.- Juan Garmendia Larra\u00f1aga, etn\u00f3grafo y acad\u00e9mico de honor de Euskaltzaindia.<\/p>\n\n\n\n<p class=\"wp-block-paragraph\">2016.- Otis Clay, cantante estadounidense.<\/p>\n\n\n\n<p class=\"wp-block-paragraph\">2016.- Mar\u00eda Teresa De Filippis, piloto italiana de F\u00f3rmula 1.<\/p>\n\n\n\n<p class=\"wp-block-paragraph\">2017.- Hashem\u00ed Rafsanyan\u00ed, expresidente de Ir\u00e1n (1989-1997).<\/p>\n\n\n\n<p class=\"wp-block-paragraph\">2020.- Pilar de Borb\u00f3n, hermana mayor de Juan Carlos I.<\/p>\n\n\n\n<p class=\"wp-block-paragraph\">2020.- Peter Kirstein, inform\u00e1tico brit\u00e1nico que particip\u00f3 en la creaci\u00f3n de Internet.<\/p>\n\n\n\n<p class=\"wp-block-paragraph\">2021.- Javier Hernandez, &#8216;Boni&#8217;, m\u00fasico espa\u00f1ol, guitarrista de Barricada.<\/p>\n\n\n\n<p class=\"wp-block-paragraph\">2022.- Jaime Ostos, torero espa\u00f1ol.<\/p>\n\n\n\n<p class=\"wp-block-paragraph\">2022.- Gerardo de la Torre, escritor mexicano.<\/p>\n\n\n\n<p class=\"wp-block-paragraph\">2023.- Carlos Roberto de Oliveira, &#8216;Roberto Dinamite&#8217;, futbolista brasile\u00f1o.<\/p>\n\n\n\n<p class=\"wp-block-paragraph\">2024.- Ventura Pons, cineasta, productor y guionista.<\/p>\n\n\n\n<p class=\"wp-block-paragraph\">2024- Adan Canto, actor mexicano.<\/p>\n","protected":false},"excerpt":{"rendered":"<p>Un d\u00eda 8 de enero como hoy, pero de 2016, detienen de nuevo en M\u00e9xico al narcotraficante Joaqu\u00edn &#8216;el Chapo&#8217; Guzm\u00e1n, seis meses despu\u00e9s de su segunda fuga de prisi\u00f3n. Otras efem\u00e9rides 1918.- El presidente estadounidense Woodrow Willson presenta los llamados &#8217;14 puntos de Willson&#8217;, una declaraci\u00f3n de principios para alcanzar la paz tras el [&hellip;]<\/p>\n","protected":false},"author":6,"featured_media":75972,"comment_status":"closed","ping_status":"closed","sticky":false,"template":"","format":"standard","meta":{"_acf_changed":false,"_monsterinsights_skip_tracking":false,"slim_seo":{"title":"Efem\u00e9rides 8 de enero | Un d\u00eda como hoy en la historia... - Opini\u00f3n P\u00fablica","description":"Un d\u00eda 8 de enero como hoy, pero de 2016, detienen de nuevo en M\u00e9xico al narcotraficante Joaqu\u00edn 'el Chapo' Guzm\u00e1n, seis meses despu\u00e9s de su segunda fuga de pri"},"footnotes":""},"categories":[27],"tags":[1805,1357,59],"class_list":["post-75971","post","type-post","status-publish","format-standard","has-post-thumbnail","hentry","category-un-dia-como-hoy","tag-efemerides-8-de-enero","tag-joaquin-el-chapo-guzman","tag-un-dia-como-hoy"],"acf":[],"_links":{"self":[{"href":"https:\/\/www.opinionpublica.tv\/portada\/wp-json\/wp\/v2\/posts\/75971","targetHints":{"allow":["GET"]}}],"collection":[{"href":"https:\/\/www.opinionpublica.tv\/portada\/wp-json\/wp\/v2\/posts"}],"about":[{"href":"https:\/\/www.opinionpublica.tv\/portada\/wp-json\/wp\/v2\/types\/post"}],"author":[{"embeddable":true,"href":"https:\/\/www.opinionpublica.tv\/portada\/wp-json\/wp\/v2\/users\/6"}],"replies":[{"embeddable":true,"href":"https:\/\/www.opinionpublica.tv\/portada\/wp-json\/wp\/v2\/comments?post=75971"}],"version-history":[{"count":2,"href":"https:\/\/www.opinionpublica.tv\/portada\/wp-json\/wp\/v2\/posts\/75971\/revisions"}],"predecessor-version":[{"id":75974,"href":"https:\/\/www.opinionpublica.tv\/portada\/wp-json\/wp\/v2\/posts\/75971\/revisions\/75974"}],"wp:featuredmedia":[{"embeddable":true,"href":"https:\/\/www.opinionpublica.tv\/portada\/wp-json\/wp\/v2\/media\/75972"}],"wp:attachment":[{"href":"https:\/\/www.opinionpublica.tv\/portada\/wp-json\/wp\/v2\/media?parent=75971"}],"wp:term":[{"taxonomy":"category","embeddable":true,"href":"https:\/\/www.opinionpublica.tv\/portada\/wp-json\/wp\/v2\/categories?post=75971"},{"taxonomy":"post_tag","embeddable":true,"href":"https:\/\/www.opinionpublica.tv\/portada\/wp-json\/wp\/v2\/tags?post=75971"}],"curies":[{"name":"wp","href":"https:\/\/api.w.org\/{rel}","templated":true}]}}