{"id":75821,"date":"2026-01-04T13:32:43","date_gmt":"2026-01-04T20:32:43","guid":{"rendered":"https:\/\/www.opinionpublica.tv\/portada\/?p=75821"},"modified":"2026-01-04T13:33:40","modified_gmt":"2026-01-04T20:33:40","slug":"el-libro-de-la-semana-cien-anos-de-soledad-gabriel-garcia-marquez","status":"publish","type":"post","link":"https:\/\/www.opinionpublica.tv\/portada\/el-libro-de-la-semana-cien-anos-de-soledad-gabriel-garcia-marquez\/","title":{"rendered":"El libro de la semana: Cien a\u00f1os de soledad | Gabriel Garc\u00eda M\u00e1rquez"},"content":{"rendered":"\n<figure class=\"wp-block-image size-large\"><img fetchpriority=\"high\" decoding=\"async\" width=\"673\" height=\"1024\" src=\"https:\/\/www.opinionpublica.tv\/portada\/wp-content\/uploads\/2026\/01\/Cien-anos-de-soledad-Gabriel-Garcia-Marquez-673x1024.webp\" alt=\"Cien an\u0303os de soledad | gabriel garci\u0301a ma\u0301rquez\" class=\"wp-image-75823\" srcset=\"https:\/\/www.opinionpublica.tv\/portada\/wp-content\/uploads\/2026\/01\/Cien-anos-de-soledad-Gabriel-Garcia-Marquez-673x1024.webp 673w, https:\/\/www.opinionpublica.tv\/portada\/wp-content\/uploads\/2026\/01\/Cien-anos-de-soledad-Gabriel-Garcia-Marquez-197x300.webp 197w, https:\/\/www.opinionpublica.tv\/portada\/wp-content\/uploads\/2026\/01\/Cien-anos-de-soledad-Gabriel-Garcia-Marquez-768x1168.webp 768w, https:\/\/www.opinionpublica.tv\/portada\/wp-content\/uploads\/2026\/01\/Cien-anos-de-soledad-Gabriel-Garcia-Marquez.webp 789w\" sizes=\"(max-width: 673px) 100vw, 673px\" \/><\/figure>\n\n\n\n<p class=\"wp-block-paragraph\">\u00abMuchos a\u00f1os despu\u00e9s, frente al pelot\u00f3n de fusilamiento, el coronel Aureliano Buend\u00eda hab\u00eda de recordar aquella tarde remota en que su padre lo llev\u00f3 a conocer el hielo. Macondo era entonces una aldea de veinte casas de barro y ca\u00f1abrava construidas a la orilla de un r\u00edo de aguas di\u00e1fanas que se precipitaban por un lecho de piedras pulidas, blancas y enormes como huevos prehist\u00f3ricos. El mundo era tan reciente, que muchas cosas carec\u00edan de nombre, y para mencionarlas hab\u00eda que se\u00f1alarlas con el dedo.\u00bb<\/p>\n\n\n\n<p class=\"wp-block-paragraph\">Cien a\u00f1os de soledad cuenta la saga de la familia Buend\u00eda y su maldici\u00f3n, que castiga el matrimonio entre parientes d\u00e1ndoles hijos con cola de cerdo. Como un r\u00edo desbordante, a lo largo de un siglo se entretejer\u00e1n sus destinos por medio de sucesos maravillosos en el fant\u00e1stico pueblo de Macondo, en una narraci\u00f3n que es la cumbre indiscutible del realismo m\u00e1gico y la literatura del boom. Alegor\u00eda universal, es tambi\u00e9n una visi\u00f3n de Latinoam\u00e9rica y una par\u00e1bola sobre la historia humana.<\/p>\n","protected":false},"excerpt":{"rendered":"<p>\u00abMuchos a\u00f1os despu\u00e9s, frente al pelot\u00f3n de fusilamiento, el coronel Aureliano Buend\u00eda hab\u00eda de recordar aquella tarde remota en que su padre lo llev\u00f3 a conocer el hielo. Macondo era entonces una aldea de veinte casas de barro y ca\u00f1abrava construidas a la orilla de un r\u00edo de aguas di\u00e1fanas que se precipitaban por un [&hellip;]<\/p>\n","protected":false},"author":6,"featured_media":75823,"comment_status":"closed","ping_status":"closed","sticky":false,"template":"","format":"standard","meta":{"_acf_changed":false,"_monsterinsights_skip_tracking":false,"slim_seo":{"title":"El libro de la semana: Cien a\u00f1os de soledad | Gabriel Garc\u00eda M\u00e1rquez - Opini\u00f3n P\u00fablica","description":"\u00abMuchos a\u00f1os despu\u00e9s, frente al pelot\u00f3n de fusilamiento, el coronel Aureliano Buend\u00eda hab\u00eda de recordar aquella tarde remota en que su padre lo llev\u00f3 a conocer"},"footnotes":""},"categories":[1007],"tags":[1772,1773,507,1115],"class_list":["post-75821","post","type-post","status-publish","format-standard","has-post-thumbnail","hentry","category-el-libro-de-la-semana","tag-cien-anos-de-soledad","tag-gabriel-garcia-marquez","tag-lectura","tag-libro-de-la-semana"],"acf":[],"_links":{"self":[{"href":"https:\/\/www.opinionpublica.tv\/portada\/wp-json\/wp\/v2\/posts\/75821","targetHints":{"allow":["GET"]}}],"collection":[{"href":"https:\/\/www.opinionpublica.tv\/portada\/wp-json\/wp\/v2\/posts"}],"about":[{"href":"https:\/\/www.opinionpublica.tv\/portada\/wp-json\/wp\/v2\/types\/post"}],"author":[{"embeddable":true,"href":"https:\/\/www.opinionpublica.tv\/portada\/wp-json\/wp\/v2\/users\/6"}],"replies":[{"embeddable":true,"href":"https:\/\/www.opinionpublica.tv\/portada\/wp-json\/wp\/v2\/comments?post=75821"}],"version-history":[{"count":2,"href":"https:\/\/www.opinionpublica.tv\/portada\/wp-json\/wp\/v2\/posts\/75821\/revisions"}],"predecessor-version":[{"id":75824,"href":"https:\/\/www.opinionpublica.tv\/portada\/wp-json\/wp\/v2\/posts\/75821\/revisions\/75824"}],"wp:featuredmedia":[{"embeddable":true,"href":"https:\/\/www.opinionpublica.tv\/portada\/wp-json\/wp\/v2\/media\/75823"}],"wp:attachment":[{"href":"https:\/\/www.opinionpublica.tv\/portada\/wp-json\/wp\/v2\/media?parent=75821"}],"wp:term":[{"taxonomy":"category","embeddable":true,"href":"https:\/\/www.opinionpublica.tv\/portada\/wp-json\/wp\/v2\/categories?post=75821"},{"taxonomy":"post_tag","embeddable":true,"href":"https:\/\/www.opinionpublica.tv\/portada\/wp-json\/wp\/v2\/tags?post=75821"}],"curies":[{"name":"wp","href":"https:\/\/api.w.org\/{rel}","templated":true}]}}